{"id":29154,"date":"2021-03-04T13:07:01","date_gmt":"2021-03-04T13:07:01","guid":{"rendered":"https:\/\/armstrongyregion.com.ar\/diario\/?p=29154"},"modified":"2021-03-04T13:07:05","modified_gmt":"2021-03-04T13:07:05","slug":"fischer-yo-y-mi-companero-de-bloque-vamos-a-seguir-trabajando-para-todos-el-puesto-que-nos-toque-sera-consensuado-con-el-partido","status":"publish","type":"post","link":"https:\/\/armstrongyregion.com.ar\/diario\/fischer-yo-y-mi-companero-de-bloque-vamos-a-seguir-trabajando-para-todos-el-puesto-que-nos-toque-sera-consensuado-con-el-partido\/","title":{"rendered":"Fischer: \u201cYo y mi compa\u00f1ero de bloque vamos a seguir trabajando para todos, el puesto que nos toque ser\u00e1 consensuado con el partido\u201d"},"content":{"rendered":"\n<figure class=\"wp-block-image size-large\"><img loading=\"lazy\" decoding=\"async\" width=\"768\" height=\"538\" src=\"http:\/\/armstrongyregion.com.ar\/diario\/wp-content\/uploads\/2017\/07\/Augusto-Fischer-Concejal.jpg\" alt=\"\" class=\"wp-image-13895\" srcset=\"https:\/\/armstrongyregion.com.ar\/diario\/wp-content\/uploads\/2017\/07\/Augusto-Fischer-Concejal.jpg 768w, https:\/\/armstrongyregion.com.ar\/diario\/wp-content\/uploads\/2017\/07\/Augusto-Fischer-Concejal-300x210.jpg 300w\" sizes=\"auto, (max-width: 768px) 100vw, 768px\" \/><\/figure>\n\n\n\n<p>\nEl martes 2 de marzo, al  finalizar el acto protocolar de apertura de\nsesiones ordinarias del concejo deliberante de Armstrong, presidido\npor el intendente Pablo Verdecchia, dialogamos con los protagonistas.<\/p>\n\n\n\n<p>El\nPte. del concejo Dr. Augusto Fischer al ser consultado por los medios\nlocales sobre el discurso del ejecutivo dijo: \u201cEl intendente hablo\nsobre algunas obras que se hicieron y otras que se van a hacer\ndurante este a\u00f1o, yo puedo disentir en algunas cosas. Por ejemplo\nlas cuestiones en relaci\u00f3n a la salud en pandemia por Covid-19  lo\nhizo el hospital y la provincia, no lo hizo la municipalidad. Muchas\nde las obras que mencion\u00f3 el intendente se llevaron a cabo gracias a\nla provincia no a la gesti\u00f3n  municipal\u201d.<\/p>\n\n\n\n<p>Con\nrespecto a la pr\u00f3xima campa\u00f1a Fischer aclar\u00f3: \u201cSiempre hemos\ntratado de que la campa\u00f1a no se meta en el concejo. Siempre remarco\nque este no es un concejo como otros, en este se dialoga  mucho, \nobviamente es la caja de resonancia del pueblo pero hay mucho\nrespeto. Estoy seguro de que el 2021 aunque sea electoral no habr\u00e1\nning\u00fan problema  entre los ediles\u201d.<\/p>\n\n\n\n<p>Al\nser este un a\u00f1o electoral, el edil fue consultado sobre el rol a\ntomar. \n<\/p>\n\n\n\n<p>\u201cYo\ny mi compa\u00f1ero de bloque vamos a seguir trabajando para todos, el\npuesto que nos toque ser\u00e1 consensuado con el partido\u201d Afirm\u00f3- \n<\/p>\n","protected":false},"excerpt":{"rendered":"<p>El martes 2 de marzo, al finalizar el acto protocolar de apertura de sesiones ordinarias del concejo deliberante de Armstrong, presidido por el intendente Pablo Verdecchia, dialogamos con los protagonistas. El Pte. del concejo Dr. Augusto Fischer al ser consultado por los medios locales sobre el discurso del ejecutivo dijo: \u201cEl intendente hablo sobre algunas <a href=\"https:\/\/armstrongyregion.com.ar\/diario\/fischer-yo-y-mi-companero-de-bloque-vamos-a-seguir-trabajando-para-todos-el-puesto-que-nos-toque-sera-consensuado-con-el-partido\/\" title=\"Read more\" >&#8230;<\/a><\/p>\n","protected":false},"author":1,"featured_media":13895,"comment_status":"open","ping_status":"open","sticky":false,"template":"","format":"image","meta":{"_jetpack_memberships_contains_paid_content":false,"footnotes":"","jetpack_publicize_message":"","jetpack_publicize_feature_enabled":true,"jetpack_social_post_already_shared":true,"jetpack_social_options":{"image_generator_settings":{"template":"highway","default_image_id":0,"enabled":false},"version":2}},"categories":[8,1,2,7],"tags":[],"class_list":["post-29154","post","type-post","status-publish","format-image","has-post-thumbnail","hentry","category-deliberando","category-diario-armstrong","category-locales","category-politica","post_format-post-format-image"],"jetpack_publicize_connections":[],"jetpack_featured_media_url":"https:\/\/armstrongyregion.com.ar\/diario\/wp-content\/uploads\/2017\/07\/Augusto-Fischer-Concejal.jpg","jetpack_shortlink":"https:\/\/wp.me\/p62QDO-7Ae","jetpack_sharing_enabled":true,"amp_enabled":true,"_links":{"self":[{"href":"https:\/\/armstrongyregion.com.ar\/diario\/wp-json\/wp\/v2\/posts\/29154","targetHints":{"allow":["GET"]}}],"collection":[{"href":"https:\/\/armstrongyregion.com.ar\/diario\/wp-json\/wp\/v2\/posts"}],"about":[{"href":"https:\/\/armstrongyregion.com.ar\/diario\/wp-json\/wp\/v2\/types\/post"}],"author":[{"embeddable":true,"href":"https:\/\/armstrongyregion.com.ar\/diario\/wp-json\/wp\/v2\/users\/1"}],"replies":[{"embeddable":true,"href":"https:\/\/armstrongyregion.com.ar\/diario\/wp-json\/wp\/v2\/comments?post=29154"}],"version-history":[{"count":1,"href":"https:\/\/armstrongyregion.com.ar\/diario\/wp-json\/wp\/v2\/posts\/29154\/revisions"}],"predecessor-version":[{"id":29155,"href":"https:\/\/armstrongyregion.com.ar\/diario\/wp-json\/wp\/v2\/posts\/29154\/revisions\/29155"}],"wp:featuredmedia":[{"embeddable":true,"href":"https:\/\/armstrongyregion.com.ar\/diario\/wp-json\/wp\/v2\/media\/13895"}],"wp:attachment":[{"href":"https:\/\/armstrongyregion.com.ar\/diario\/wp-json\/wp\/v2\/media?parent=29154"}],"wp:term":[{"taxonomy":"category","embeddable":true,"href":"https:\/\/armstrongyregion.com.ar\/diario\/wp-json\/wp\/v2\/categories?post=29154"},{"taxonomy":"post_tag","embeddable":true,"href":"https:\/\/armstrongyregion.com.ar\/diario\/wp-json\/wp\/v2\/tags?post=29154"}],"curies":[{"name":"wp","href":"https:\/\/api.w.org\/{rel}","templated":true}]}}