{"id":29139,"date":"2021-03-03T16:15:36","date_gmt":"2021-03-03T16:15:36","guid":{"rendered":"https:\/\/armstrongyregion.com.ar\/diario\/?p=29139"},"modified":"2021-03-03T16:15:40","modified_gmt":"2021-03-03T16:15:40","slug":"el-radicalismo-se-quedo-con-la-comision-mas-importante-de-la-legislatura-santafesina","status":"publish","type":"post","link":"https:\/\/armstrongyregion.com.ar\/diario\/el-radicalismo-se-quedo-con-la-comision-mas-importante-de-la-legislatura-santafesina\/","title":{"rendered":"El radicalismo se qued\u00f3 con la comisi\u00f3n m\u00e1s importante de la Legislatura santafesina."},"content":{"rendered":"\n<figure class=\"wp-block-image size-large\"><img loading=\"lazy\" decoding=\"async\" width=\"512\" height=\"342\" src=\"http:\/\/armstrongyregion.com.ar\/diario\/wp-content\/uploads\/2021\/03\/ejemplo2.jpg\" alt=\"\" class=\"wp-image-29140\" srcset=\"https:\/\/armstrongyregion.com.ar\/diario\/wp-content\/uploads\/2021\/03\/ejemplo2.jpg 512w, https:\/\/armstrongyregion.com.ar\/diario\/wp-content\/uploads\/2021\/03\/ejemplo2-300x200.jpg 300w\" sizes=\"auto, (max-width: 512px) 100vw, 512px\" \/><\/figure>\n\n\n\n<p>Desde hoy la Comisi\u00f3n de Acuerdos que integran ambas C\u00e1maras ser\u00e1 presidida por el diputado Fabi\u00e1n Bast\u00eda, integrante del Bloque UCR dentro del Frente Progresista. El legislador que forma parte de la bancada que conduce Maximiliano Pullaro, fue el acusador del fiscal Ponce Asahad en el proceso que termin\u00f3 con su destituci\u00f3n<\/p>\n\n\n\n<p><strong>Prensa En el Recinto<\/strong>.&nbsp;La novedad se conoci\u00f3 cerca del mediod\u00eda, una vez terminada la reuni\u00f3n de los legisladores que se llev\u00f3 adelante en Santa Fe. De esta manera Fabian Bast\u00eda ocupar\u00e1 el lugar del senador Joaqu\u00edn Gramajo quien ven\u00eda desempe\u00f1\u00e1ndose en ese cargo.&nbsp;<\/p>\n\n\n\n<p><em>\u201cPara m\u00ed es un honor y una responsabilidad que llevar\u00e9 con el compromiso que requiere\u201d,&nbsp;<\/em>expres\u00f3 Bast\u00eda.&nbsp;<em>\u201cEl diputado Maximiliano Pullaro era quien deb\u00eda ocupar esta presidencia, asignada en esta etapa al Frente Progresista. \u00c9l, con el intenso trabajo que est\u00e1 realizando en todo el territorio santafesino, abocado a construir una alternativa pol\u00edtica para este 2021, decidi\u00f3 con el resto de los integrantes del Frente y a propuesta del diputado Far\u00edas, depositar en m\u00ed la posibilidad de la presidencia en esta comisi\u00f3n\u201d,&nbsp;<\/em>a\u00f1adi\u00f3.&nbsp;<\/p>\n\n\n\n<p>La Comisi\u00f3n de Acuerdos es la m\u00e1s importante de la Legislatura, est\u00e1 integrada por ambas c\u00e1maras y se ocupa de analizar los pliegos de nombramientos de funcionarios que as\u00ed lo requieran enviados a ella desde el Poder Ejecutivo provincial para su aprobaci\u00f3n.&nbsp;<\/p>\n\n\n\n<p>El otro diputado propuesto para el cargo fue Leandro Busatto, pero Bast\u00eda junt\u00f3 la mayor\u00eda de las adhesiones. Bast\u00eda es abogado y docente, radical, integrante del Frente Progresista y durante la gesti\u00f3n anterior form\u00f3 parte del directorio de la EPE. En la C\u00e1mara de Diputadas y Diputados fue el legislador encargado de llevar adelante la acusaci\u00f3n que termin\u00f3 con la destituci\u00f3n del fiscal Gustavo Ponce Asahad, hoy detenido por la Justicia.&nbsp;&nbsp;<\/p>\n\n\n\n<p>La Comisi\u00f3n est\u00e1 integrada, adem\u00e1s, por la diputada Lionella Cattalini, los diputados Pablo Far\u00edas, Maximiliano Pullaro, Gabriel Real, Gabriel Chumpitaz, Leandro Busatto y Nicol\u00e1s Mayoraz; los senadores Joaqu\u00edn Ra\u00fal Gramajo, Alcides Calvo, Rub\u00e9n Pirola y Lisandro Enrico.<\/p>\n","protected":false},"excerpt":{"rendered":"<p>Desde hoy la Comisi\u00f3n de Acuerdos que integran ambas C\u00e1maras ser\u00e1 presidida por el diputado Fabi\u00e1n Bast\u00eda, integrante del Bloque UCR dentro del Frente Progresista. El legislador que forma parte de la bancada que conduce Maximiliano Pullaro, fue el acusador del fiscal Ponce Asahad en el proceso que termin\u00f3 con su destituci\u00f3n Prensa En el <a href=\"https:\/\/armstrongyregion.com.ar\/diario\/el-radicalismo-se-quedo-con-la-comision-mas-importante-de-la-legislatura-santafesina\/\" title=\"Read more\" >&#8230;<\/a><\/p>\n","protected":false},"author":1,"featured_media":29140,"comment_status":"open","ping_status":"open","sticky":false,"template":"","format":"image","meta":{"_jetpack_memberships_contains_paid_content":false,"footnotes":"","jetpack_publicize_message":"","jetpack_publicize_feature_enabled":true,"jetpack_social_post_already_shared":true,"jetpack_social_options":{"image_generator_settings":{"template":"highway","default_image_id":0,"enabled":false},"version":2}},"categories":[8,1,2,7,3],"tags":[],"class_list":["post-29139","post","type-post","status-publish","format-image","has-post-thumbnail","hentry","category-deliberando","category-diario-armstrong","category-locales","category-politica","category-region","post_format-post-format-image"],"jetpack_publicize_connections":[],"jetpack_featured_media_url":"https:\/\/armstrongyregion.com.ar\/diario\/wp-content\/uploads\/2021\/03\/ejemplo2.jpg","jetpack_shortlink":"https:\/\/wp.me\/p62QDO-7zZ","jetpack_sharing_enabled":true,"amp_enabled":true,"_links":{"self":[{"href":"https:\/\/armstrongyregion.com.ar\/diario\/wp-json\/wp\/v2\/posts\/29139","targetHints":{"allow":["GET"]}}],"collection":[{"href":"https:\/\/armstrongyregion.com.ar\/diario\/wp-json\/wp\/v2\/posts"}],"about":[{"href":"https:\/\/armstrongyregion.com.ar\/diario\/wp-json\/wp\/v2\/types\/post"}],"author":[{"embeddable":true,"href":"https:\/\/armstrongyregion.com.ar\/diario\/wp-json\/wp\/v2\/users\/1"}],"replies":[{"embeddable":true,"href":"https:\/\/armstrongyregion.com.ar\/diario\/wp-json\/wp\/v2\/comments?post=29139"}],"version-history":[{"count":1,"href":"https:\/\/armstrongyregion.com.ar\/diario\/wp-json\/wp\/v2\/posts\/29139\/revisions"}],"predecessor-version":[{"id":29141,"href":"https:\/\/armstrongyregion.com.ar\/diario\/wp-json\/wp\/v2\/posts\/29139\/revisions\/29141"}],"wp:featuredmedia":[{"embeddable":true,"href":"https:\/\/armstrongyregion.com.ar\/diario\/wp-json\/wp\/v2\/media\/29140"}],"wp:attachment":[{"href":"https:\/\/armstrongyregion.com.ar\/diario\/wp-json\/wp\/v2\/media?parent=29139"}],"wp:term":[{"taxonomy":"category","embeddable":true,"href":"https:\/\/armstrongyregion.com.ar\/diario\/wp-json\/wp\/v2\/categories?post=29139"},{"taxonomy":"post_tag","embeddable":true,"href":"https:\/\/armstrongyregion.com.ar\/diario\/wp-json\/wp\/v2\/tags?post=29139"}],"curies":[{"name":"wp","href":"https:\/\/api.w.org\/{rel}","templated":true}]}}