{"id":29135,"date":"2021-03-03T15:50:18","date_gmt":"2021-03-03T15:50:18","guid":{"rendered":"https:\/\/armstrongyregion.com.ar\/diario\/?p=29135"},"modified":"2021-03-03T15:50:22","modified_gmt":"2021-03-03T15:50:22","slug":"armstrong-vacunacion-covid-19-en-geriatricos","status":"publish","type":"post","link":"https:\/\/armstrongyregion.com.ar\/diario\/armstrong-vacunacion-covid-19-en-geriatricos\/","title":{"rendered":"Armstrong. Vacunaci\u00f3n Covid 19 en geri\u00e1tricos."},"content":{"rendered":"\n<figure class=\"wp-block-image size-large\"><img loading=\"lazy\" decoding=\"async\" width=\"480\" height=\"320\" src=\"http:\/\/armstrongyregion.com.ar\/diario\/wp-content\/uploads\/2021\/03\/foto-fabi-vacunas-covid.jpg\" alt=\"\" class=\"wp-image-29136\" srcset=\"https:\/\/armstrongyregion.com.ar\/diario\/wp-content\/uploads\/2021\/03\/foto-fabi-vacunas-covid.jpg 480w, https:\/\/armstrongyregion.com.ar\/diario\/wp-content\/uploads\/2021\/03\/foto-fabi-vacunas-covid-300x200.jpg 300w\" sizes=\"auto, (max-width: 480px) 100vw, 480px\" \/><\/figure>\n\n\n\n<p> En el d\u00eda de hoy, mi\u00e9rcoles 3 de marzo, se culmin\u00f3 con la vacunaci\u00f3n Covid 19 en geri\u00e1tricos de nuestra ciudad.<\/p>\n\n\n\n<figure class=\"wp-block-image size-large\"><img loading=\"lazy\" decoding=\"async\" width=\"480\" height=\"320\" src=\"http:\/\/armstrongyregion.com.ar\/diario\/wp-content\/uploads\/2021\/03\/fabi-vacunas-2-.jpg\" alt=\"\" class=\"wp-image-29137\" srcset=\"https:\/\/armstrongyregion.com.ar\/diario\/wp-content\/uploads\/2021\/03\/fabi-vacunas-2-.jpg 480w, https:\/\/armstrongyregion.com.ar\/diario\/wp-content\/uploads\/2021\/03\/fabi-vacunas-2--300x200.jpg 300w\" sizes=\"auto, (max-width: 480px) 100vw, 480px\" \/><\/figure>\n\n\n\n<p>Se colocaron 57 dosis, entre abuelos\ny personal de cada hogar. Sobraron 3 dosis las cuales fueron\ncolocadas a adultos mayores de 90 a\u00f1os que se hab\u00edan anotado\npreviamente en el registro de la Municipalidad.<\/p>\n","protected":false},"excerpt":{"rendered":"<p>En el d\u00eda de hoy, mi\u00e9rcoles 3 de marzo, se culmin\u00f3 con la vacunaci\u00f3n Covid 19 en geri\u00e1tricos de nuestra ciudad. Se colocaron 57 dosis, entre abuelos y personal de cada hogar. Sobraron 3 dosis las cuales fueron colocadas a adultos mayores de 90 a\u00f1os que se hab\u00edan anotado previamente en el registro de la <a href=\"https:\/\/armstrongyregion.com.ar\/diario\/armstrong-vacunacion-covid-19-en-geriatricos\/\" title=\"Read more\" >&#8230;<\/a><\/p>\n","protected":false},"author":1,"featured_media":29136,"comment_status":"open","ping_status":"open","sticky":false,"template":"","format":"image","meta":{"_jetpack_memberships_contains_paid_content":false,"footnotes":"","jetpack_publicize_message":"","jetpack_publicize_feature_enabled":true,"jetpack_social_post_already_shared":true,"jetpack_social_options":{"image_generator_settings":{"template":"highway","default_image_id":0,"enabled":false},"version":2}},"categories":[1],"tags":[],"class_list":["post-29135","post","type-post","status-publish","format-image","has-post-thumbnail","hentry","category-diario-armstrong","post_format-post-format-image"],"jetpack_publicize_connections":[],"jetpack_featured_media_url":"https:\/\/armstrongyregion.com.ar\/diario\/wp-content\/uploads\/2021\/03\/foto-fabi-vacunas-covid.jpg","jetpack_shortlink":"https:\/\/wp.me\/p62QDO-7zV","jetpack_sharing_enabled":true,"amp_enabled":true,"_links":{"self":[{"href":"https:\/\/armstrongyregion.com.ar\/diario\/wp-json\/wp\/v2\/posts\/29135","targetHints":{"allow":["GET"]}}],"collection":[{"href":"https:\/\/armstrongyregion.com.ar\/diario\/wp-json\/wp\/v2\/posts"}],"about":[{"href":"https:\/\/armstrongyregion.com.ar\/diario\/wp-json\/wp\/v2\/types\/post"}],"author":[{"embeddable":true,"href":"https:\/\/armstrongyregion.com.ar\/diario\/wp-json\/wp\/v2\/users\/1"}],"replies":[{"embeddable":true,"href":"https:\/\/armstrongyregion.com.ar\/diario\/wp-json\/wp\/v2\/comments?post=29135"}],"version-history":[{"count":1,"href":"https:\/\/armstrongyregion.com.ar\/diario\/wp-json\/wp\/v2\/posts\/29135\/revisions"}],"predecessor-version":[{"id":29138,"href":"https:\/\/armstrongyregion.com.ar\/diario\/wp-json\/wp\/v2\/posts\/29135\/revisions\/29138"}],"wp:featuredmedia":[{"embeddable":true,"href":"https:\/\/armstrongyregion.com.ar\/diario\/wp-json\/wp\/v2\/media\/29136"}],"wp:attachment":[{"href":"https:\/\/armstrongyregion.com.ar\/diario\/wp-json\/wp\/v2\/media?parent=29135"}],"wp:term":[{"taxonomy":"category","embeddable":true,"href":"https:\/\/armstrongyregion.com.ar\/diario\/wp-json\/wp\/v2\/categories?post=29135"},{"taxonomy":"post_tag","embeddable":true,"href":"https:\/\/armstrongyregion.com.ar\/diario\/wp-json\/wp\/v2\/tags?post=29135"}],"curies":[{"name":"wp","href":"https:\/\/api.w.org\/{rel}","templated":true}]}}