{"id":29121,"date":"2021-03-02T16:17:13","date_gmt":"2021-03-02T16:17:13","guid":{"rendered":"https:\/\/armstrongyregion.com.ar\/diario\/?p=29121"},"modified":"2021-03-02T16:17:16","modified_gmt":"2021-03-02T16:17:16","slug":"armstrong-incorpora-sistema-de-emergencia-sanitaria-a-traves-de-helicoptero-de-utv","status":"publish","type":"post","link":"https:\/\/armstrongyregion.com.ar\/diario\/armstrong-incorpora-sistema-de-emergencia-sanitaria-a-traves-de-helicoptero-de-utv\/","title":{"rendered":"Armstrong incorpora sistema de emergencia sanitaria a trav\u00e9s de helic\u00f3ptero de UTV."},"content":{"rendered":"\n<figure class=\"wp-block-image size-large\"><img loading=\"lazy\" decoding=\"async\" width=\"480\" height=\"317\" src=\"http:\/\/armstrongyregion.com.ar\/diario\/wp-content\/uploads\/2021\/03\/Convenio-UTV-.jpg\" alt=\"\" class=\"wp-image-29122\" srcset=\"https:\/\/armstrongyregion.com.ar\/diario\/wp-content\/uploads\/2021\/03\/Convenio-UTV-.jpg 480w, https:\/\/armstrongyregion.com.ar\/diario\/wp-content\/uploads\/2021\/03\/Convenio-UTV--300x198.jpg 300w\" sizes=\"auto, (max-width: 480px) 100vw, 480px\" \/><\/figure>\n\n\n\n<p>En la jornada de hoy, en el Sal\u00f3n Delmo Dar\u00f3 de la Municipalidad de Armstrong, se llev\u00f3 a cabo la firma del convenio entre el municipio y la empresa UTV Aeroemergencias, a trav\u00e9s de la cual la localidad contar\u00e1 con el servicio de emergencias m\u00e9dicas mediante helic\u00f3ptero en caso de situaciones de extrema urgencia.<\/p>\n\n\n\n<p>Tanto el intendente Dr. Pablo Verdecchia como el jefe de operaciones de UTV Fernando Scabuzzo se\u00f1alaron los alcances que posee este convenio, convirti\u00e9ndose as\u00ed Armstrong en una ciudad Protegida por parte de esta firma que desarrolla un trabajo sumamente profesional y con un excelente tiempo de respuesta tanto en la presencia en el lugar donde sea requerida como en el tiempo de traslado de las personas siniestradas.<\/p>\n\n\n\n<figure class=\"wp-block-image size-large\"><img loading=\"lazy\" decoding=\"async\" width=\"658\" height=\"320\" src=\"http:\/\/armstrongyregion.com.ar\/diario\/wp-content\/uploads\/2021\/03\/Convenio-UTV_2.jpg\" alt=\"\" class=\"wp-image-29123\" srcset=\"https:\/\/armstrongyregion.com.ar\/diario\/wp-content\/uploads\/2021\/03\/Convenio-UTV_2.jpg 658w, https:\/\/armstrongyregion.com.ar\/diario\/wp-content\/uploads\/2021\/03\/Convenio-UTV_2-300x146.jpg 300w\" sizes=\"auto, (max-width: 658px) 100vw, 658px\" \/><\/figure>\n\n\n\n<p> El helic\u00f3ptero sanitario es una ambulancia de alta complejidad que cuenta con una tecnolog\u00eda de traslado a\u00e9reo primario o prehospitalario y secundario. Su base est\u00e1 en la localidad de Rosario y tiene una capacidad de despegue de tres minutos para dirigirse inmediatamente al lugar en el que sea requerido. <\/p>\n\n\n\n<p> UTV adem\u00e1s cuenta con bases de aterrizajes en el Grupo Oro\u00f1o, el Hospital Baigorria y el Clemente \u00c1lvarez. <\/p>\n","protected":false},"excerpt":{"rendered":"<p>En la jornada de hoy, en el Sal\u00f3n Delmo Dar\u00f3 de la Municipalidad de Armstrong, se llev\u00f3 a cabo la firma del convenio entre el municipio y la empresa UTV Aeroemergencias, a trav\u00e9s de la cual la localidad contar\u00e1 con el servicio de emergencias m\u00e9dicas mediante helic\u00f3ptero en caso de situaciones de extrema urgencia. Tanto <a href=\"https:\/\/armstrongyregion.com.ar\/diario\/armstrong-incorpora-sistema-de-emergencia-sanitaria-a-traves-de-helicoptero-de-utv\/\" title=\"Read more\" >&#8230;<\/a><\/p>\n","protected":false},"author":1,"featured_media":29122,"comment_status":"open","ping_status":"open","sticky":false,"template":"","format":"image","meta":{"_jetpack_memberships_contains_paid_content":false,"footnotes":"","jetpack_publicize_message":"","jetpack_publicize_feature_enabled":true,"jetpack_social_post_already_shared":true,"jetpack_social_options":{"image_generator_settings":{"template":"highway","default_image_id":0,"enabled":false},"version":2}},"categories":[8,1,2,7],"tags":[],"class_list":["post-29121","post","type-post","status-publish","format-image","has-post-thumbnail","hentry","category-deliberando","category-diario-armstrong","category-locales","category-politica","post_format-post-format-image"],"jetpack_publicize_connections":[],"jetpack_featured_media_url":"https:\/\/armstrongyregion.com.ar\/diario\/wp-content\/uploads\/2021\/03\/Convenio-UTV-.jpg","jetpack_shortlink":"https:\/\/wp.me\/p62QDO-7zH","jetpack_sharing_enabled":true,"amp_enabled":true,"_links":{"self":[{"href":"https:\/\/armstrongyregion.com.ar\/diario\/wp-json\/wp\/v2\/posts\/29121","targetHints":{"allow":["GET"]}}],"collection":[{"href":"https:\/\/armstrongyregion.com.ar\/diario\/wp-json\/wp\/v2\/posts"}],"about":[{"href":"https:\/\/armstrongyregion.com.ar\/diario\/wp-json\/wp\/v2\/types\/post"}],"author":[{"embeddable":true,"href":"https:\/\/armstrongyregion.com.ar\/diario\/wp-json\/wp\/v2\/users\/1"}],"replies":[{"embeddable":true,"href":"https:\/\/armstrongyregion.com.ar\/diario\/wp-json\/wp\/v2\/comments?post=29121"}],"version-history":[{"count":1,"href":"https:\/\/armstrongyregion.com.ar\/diario\/wp-json\/wp\/v2\/posts\/29121\/revisions"}],"predecessor-version":[{"id":29124,"href":"https:\/\/armstrongyregion.com.ar\/diario\/wp-json\/wp\/v2\/posts\/29121\/revisions\/29124"}],"wp:featuredmedia":[{"embeddable":true,"href":"https:\/\/armstrongyregion.com.ar\/diario\/wp-json\/wp\/v2\/media\/29122"}],"wp:attachment":[{"href":"https:\/\/armstrongyregion.com.ar\/diario\/wp-json\/wp\/v2\/media?parent=29121"}],"wp:term":[{"taxonomy":"category","embeddable":true,"href":"https:\/\/armstrongyregion.com.ar\/diario\/wp-json\/wp\/v2\/categories?post=29121"},{"taxonomy":"post_tag","embeddable":true,"href":"https:\/\/armstrongyregion.com.ar\/diario\/wp-json\/wp\/v2\/tags?post=29121"}],"curies":[{"name":"wp","href":"https:\/\/api.w.org\/{rel}","templated":true}]}}