{"id":29097,"date":"2021-03-01T01:29:20","date_gmt":"2021-03-01T01:29:20","guid":{"rendered":"https:\/\/armstrongyregion.com.ar\/diario\/?p=29097"},"modified":"2021-03-01T01:29:24","modified_gmt":"2021-03-01T01:29:24","slug":"aclaracion-sobre-corte-de-energia-electrica-del-pasado-martes","status":"publish","type":"post","link":"https:\/\/armstrongyregion.com.ar\/diario\/aclaracion-sobre-corte-de-energia-electrica-del-pasado-martes\/","title":{"rendered":"Aclaraci\u00f3n sobre corte de energ\u00eda el\u00e9ctrica del pasado martes."},"content":{"rendered":"\n<figure class=\"wp-block-image size-large\"><img loading=\"lazy\" decoding=\"async\" width=\"479\" height=\"479\" src=\"http:\/\/armstrongyregion.com.ar\/diario\/wp-content\/uploads\/2021\/03\/Ricardo-Airasca-.jpg\" alt=\"\" class=\"wp-image-29098\" srcset=\"https:\/\/armstrongyregion.com.ar\/diario\/wp-content\/uploads\/2021\/03\/Ricardo-Airasca-.jpg 479w, https:\/\/armstrongyregion.com.ar\/diario\/wp-content\/uploads\/2021\/03\/Ricardo-Airasca--300x300.jpg 300w, https:\/\/armstrongyregion.com.ar\/diario\/wp-content\/uploads\/2021\/03\/Ricardo-Airasca--150x150.jpg 150w\" sizes=\"auto, (max-width: 479px) 100vw, 479px\" \/><\/figure>\n\n\n\n<p> Debido al corte de energ\u00eda el\u00e9ctrica de los \u00faltimos d\u00edas, el gerente de la Cooperativa de Provisi\u00f3n de Obras y Servicios P\u00fablicos explic\u00f3 que el problema se di\u00f3 en la estaci\u00f3n transformadora de la localidad de Las Parejas, lugar donde se alimenta nuestra ciudad. <\/p>\n\n\n\n<figure class=\"wp-block-embed-youtube wp-block-embed is-type-video is-provider-youtube wp-embed-aspect-4-3 wp-has-aspect-ratio\"><div class=\"wp-block-embed__wrapper\">\n<iframe loading=\"lazy\" title=\"Aclaraci\u00f3n sobre corte de energ\u00eda el\u00e9ctrica de los \u00faltimos d\u00edas\" width=\"800\" height=\"600\" src=\"https:\/\/www.youtube.com\/embed\/hhnIpKD4BFo?feature=oembed\" frameborder=\"0\" allow=\"accelerometer; autoplay; clipboard-write; encrypted-media; gyroscope; picture-in-picture\" allowfullscreen><\/iframe>\n<\/div><\/figure>\n\n\n\n<p>Fuente: Actualidad Informativa\/ Cable Imagen Armstrong.<\/p>\n","protected":false},"excerpt":{"rendered":"<p>Debido al corte de energ\u00eda el\u00e9ctrica de los \u00faltimos d\u00edas, el gerente de la Cooperativa de Provisi\u00f3n de Obras y Servicios P\u00fablicos explic\u00f3 que el problema se di\u00f3 en la estaci\u00f3n transformadora de la localidad de Las Parejas, lugar donde se alimenta nuestra ciudad. Fuente: Actualidad Informativa\/ Cable Imagen Armstrong.<\/p>\n","protected":false},"author":1,"featured_media":29098,"comment_status":"open","ping_status":"open","sticky":false,"template":"","format":"image","meta":{"_jetpack_memberships_contains_paid_content":false,"footnotes":"","jetpack_publicize_message":"","jetpack_publicize_feature_enabled":true,"jetpack_social_post_already_shared":true,"jetpack_social_options":{"image_generator_settings":{"template":"highway","default_image_id":0,"enabled":false},"version":2}},"categories":[8,1,2,3],"tags":[],"class_list":["post-29097","post","type-post","status-publish","format-image","has-post-thumbnail","hentry","category-deliberando","category-diario-armstrong","category-locales","category-region","post_format-post-format-image"],"jetpack_publicize_connections":[],"jetpack_featured_media_url":"https:\/\/armstrongyregion.com.ar\/diario\/wp-content\/uploads\/2021\/03\/Ricardo-Airasca-.jpg","jetpack_shortlink":"https:\/\/wp.me\/p62QDO-7zj","jetpack_sharing_enabled":true,"amp_enabled":true,"_links":{"self":[{"href":"https:\/\/armstrongyregion.com.ar\/diario\/wp-json\/wp\/v2\/posts\/29097","targetHints":{"allow":["GET"]}}],"collection":[{"href":"https:\/\/armstrongyregion.com.ar\/diario\/wp-json\/wp\/v2\/posts"}],"about":[{"href":"https:\/\/armstrongyregion.com.ar\/diario\/wp-json\/wp\/v2\/types\/post"}],"author":[{"embeddable":true,"href":"https:\/\/armstrongyregion.com.ar\/diario\/wp-json\/wp\/v2\/users\/1"}],"replies":[{"embeddable":true,"href":"https:\/\/armstrongyregion.com.ar\/diario\/wp-json\/wp\/v2\/comments?post=29097"}],"version-history":[{"count":1,"href":"https:\/\/armstrongyregion.com.ar\/diario\/wp-json\/wp\/v2\/posts\/29097\/revisions"}],"predecessor-version":[{"id":29099,"href":"https:\/\/armstrongyregion.com.ar\/diario\/wp-json\/wp\/v2\/posts\/29097\/revisions\/29099"}],"wp:featuredmedia":[{"embeddable":true,"href":"https:\/\/armstrongyregion.com.ar\/diario\/wp-json\/wp\/v2\/media\/29098"}],"wp:attachment":[{"href":"https:\/\/armstrongyregion.com.ar\/diario\/wp-json\/wp\/v2\/media?parent=29097"}],"wp:term":[{"taxonomy":"category","embeddable":true,"href":"https:\/\/armstrongyregion.com.ar\/diario\/wp-json\/wp\/v2\/categories?post=29097"},{"taxonomy":"post_tag","embeddable":true,"href":"https:\/\/armstrongyregion.com.ar\/diario\/wp-json\/wp\/v2\/tags?post=29097"}],"curies":[{"name":"wp","href":"https:\/\/api.w.org\/{rel}","templated":true}]}}