{"id":29094,"date":"2021-03-01T01:20:29","date_gmt":"2021-03-01T01:20:29","guid":{"rendered":"https:\/\/armstrongyregion.com.ar\/diario\/?p=29094"},"modified":"2021-03-01T01:20:32","modified_gmt":"2021-03-01T01:20:32","slug":"clerici-y-casalegno-anunciaron-la-renovacion-de-las-obras-de-ampliacion-en-jardin-hornerito","status":"publish","type":"post","link":"https:\/\/armstrongyregion.com.ar\/diario\/clerici-y-casalegno-anunciaron-la-renovacion-de-las-obras-de-ampliacion-en-jardin-hornerito\/","title":{"rendered":"Cl\u00e9rici y Casalegno anunciaron la renovaci\u00f3n de las obras de ampliaci\u00f3n en Jard\u00edn Hornerito."},"content":{"rendered":"\n<figure class=\"wp-block-image size-large\"><img loading=\"lazy\" decoding=\"async\" width=\"640\" height=\"480\" src=\"http:\/\/armstrongyregion.com.ar\/diario\/wp-content\/uploads\/2021\/03\/WhatsApp-Image-2021-02-27-at-18.36.20.jpg\" alt=\"\" class=\"wp-image-29095\" srcset=\"https:\/\/armstrongyregion.com.ar\/diario\/wp-content\/uploads\/2021\/03\/WhatsApp-Image-2021-02-27-at-18.36.20.jpg 640w, https:\/\/armstrongyregion.com.ar\/diario\/wp-content\/uploads\/2021\/03\/WhatsApp-Image-2021-02-27-at-18.36.20-300x225.jpg 300w\" sizes=\"auto, (max-width: 640px) 100vw, 640px\" \/><\/figure>\n\n\n\n<p>\n\nSe reunieron con cooperadores y directivos de la instituci\u00f3n, a quienes les comunicaron que en abril se abrir\u00edan los sobres de la nueva licitaci\u00f3n para culminar la obra.<\/p>\n\n\n\n<p>La intendenta Stella Cl\u00e9rici y el presidente del Concejo Municipal, Marcelo Casalegno, anunciaron a directivos y miembros de la cooperadora del Jard\u00edn de Infantes N\u00ba 7 \u201cHornerito\u201d que, luego de las gestiones llevadas adelante, el Gobierno Nacional financiar\u00e1 la finalizaci\u00f3n de la obra de ampliaci\u00f3n en la instituci\u00f3n educativa, en un trabajo articulado con el gobierno provincial y el municipio.<br>En el mes de abril se abrir\u00edan los sobres del proceso licitatorio, que llevar\u00e1 adelante el gobierno de Santa Fe a partir del financiamiento del Ministerio de Educaci\u00f3n de la Naci\u00f3n. El presupuesto ser\u00e1 de casi 30 &nbsp;millones de pesos, para completar la obra que comprende ampliaci\u00f3n de cuatro salas con sanitarios, galer\u00edas y sal\u00f3n de usos m\u00faltiples.<br>\u201cEs la ampliaci\u00f3n por la que tanto hemos luchado y hoy tenemos la buena noticia de que las obras van a reanudarse. Seguiremos trabajando junto a docentes, directivos y la gente de la cooperadora para fortalecer este querido jard\u00edn\u201d, expres\u00f3 Cl\u00e9rici.<br>En el marco del anuncio, como parte del constante acompa\u00f1amiento de la gesti\u00f3n municipal, se realiz\u00f3 la entrega de un nuevo aporte de FAE, para trabajos y refacciones con vistas al inminente inicio del ciclo lectivo. Tambi\u00e9n desde el municipio se colaborar\u00e1 con la instituci\u00f3n para adaptar su ingreso.\n\n<\/p>\n","protected":false},"excerpt":{"rendered":"<p>Se reunieron con cooperadores y directivos de la instituci\u00f3n, a quienes les comunicaron que en abril se abrir\u00edan los sobres de la nueva licitaci\u00f3n para culminar la obra. La intendenta Stella Cl\u00e9rici y el presidente del Concejo Municipal, Marcelo Casalegno, anunciaron a directivos y miembros de la cooperadora del Jard\u00edn de Infantes N\u00ba 7 \u201cHornerito\u201d <a href=\"https:\/\/armstrongyregion.com.ar\/diario\/clerici-y-casalegno-anunciaron-la-renovacion-de-las-obras-de-ampliacion-en-jardin-hornerito\/\" title=\"Read more\" >&#8230;<\/a><\/p>\n","protected":false},"author":1,"featured_media":29095,"comment_status":"open","ping_status":"open","sticky":false,"template":"","format":"image","meta":{"_jetpack_memberships_contains_paid_content":false,"footnotes":"","jetpack_publicize_message":"","jetpack_publicize_feature_enabled":true,"jetpack_social_post_already_shared":true,"jetpack_social_options":{"image_generator_settings":{"template":"highway","default_image_id":0,"enabled":false},"version":2}},"categories":[6,8,1,7,3],"tags":[],"class_list":["post-29094","post","type-post","status-publish","format-image","has-post-thumbnail","hentry","category-cultura-entretenimiento","category-deliberando","category-diario-armstrong","category-politica","category-region","post_format-post-format-image"],"jetpack_publicize_connections":[],"jetpack_featured_media_url":"https:\/\/armstrongyregion.com.ar\/diario\/wp-content\/uploads\/2021\/03\/WhatsApp-Image-2021-02-27-at-18.36.20.jpg","jetpack_shortlink":"https:\/\/wp.me\/p62QDO-7zg","jetpack_sharing_enabled":true,"amp_enabled":true,"_links":{"self":[{"href":"https:\/\/armstrongyregion.com.ar\/diario\/wp-json\/wp\/v2\/posts\/29094","targetHints":{"allow":["GET"]}}],"collection":[{"href":"https:\/\/armstrongyregion.com.ar\/diario\/wp-json\/wp\/v2\/posts"}],"about":[{"href":"https:\/\/armstrongyregion.com.ar\/diario\/wp-json\/wp\/v2\/types\/post"}],"author":[{"embeddable":true,"href":"https:\/\/armstrongyregion.com.ar\/diario\/wp-json\/wp\/v2\/users\/1"}],"replies":[{"embeddable":true,"href":"https:\/\/armstrongyregion.com.ar\/diario\/wp-json\/wp\/v2\/comments?post=29094"}],"version-history":[{"count":1,"href":"https:\/\/armstrongyregion.com.ar\/diario\/wp-json\/wp\/v2\/posts\/29094\/revisions"}],"predecessor-version":[{"id":29096,"href":"https:\/\/armstrongyregion.com.ar\/diario\/wp-json\/wp\/v2\/posts\/29094\/revisions\/29096"}],"wp:featuredmedia":[{"embeddable":true,"href":"https:\/\/armstrongyregion.com.ar\/diario\/wp-json\/wp\/v2\/media\/29095"}],"wp:attachment":[{"href":"https:\/\/armstrongyregion.com.ar\/diario\/wp-json\/wp\/v2\/media?parent=29094"}],"wp:term":[{"taxonomy":"category","embeddable":true,"href":"https:\/\/armstrongyregion.com.ar\/diario\/wp-json\/wp\/v2\/categories?post=29094"},{"taxonomy":"post_tag","embeddable":true,"href":"https:\/\/armstrongyregion.com.ar\/diario\/wp-json\/wp\/v2\/tags?post=29094"}],"curies":[{"name":"wp","href":"https:\/\/api.w.org\/{rel}","templated":true}]}}