{"id":29090,"date":"2021-02-26T21:42:31","date_gmt":"2021-02-26T21:42:31","guid":{"rendered":"https:\/\/armstrongyregion.com.ar\/diario\/?p=29090"},"modified":"2021-02-26T21:42:34","modified_gmt":"2021-02-26T21:42:34","slug":"armstrong-cerramos-febrero-con-una-nueva-feria","status":"publish","type":"post","link":"https:\/\/armstrongyregion.com.ar\/diario\/armstrong-cerramos-febrero-con-una-nueva-feria\/","title":{"rendered":"Armstrong. Cerramos febrero con una nueva feria."},"content":{"rendered":"\n<figure class=\"wp-block-image size-large\"><img loading=\"lazy\" decoding=\"async\" width=\"500\" height=\"503\" src=\"http:\/\/armstrongyregion.com.ar\/diario\/wp-content\/uploads\/2021\/02\/feria_28_feb_2021.jpg\" alt=\"\" class=\"wp-image-29091\" srcset=\"https:\/\/armstrongyregion.com.ar\/diario\/wp-content\/uploads\/2021\/02\/feria_28_feb_2021.jpg 500w, https:\/\/armstrongyregion.com.ar\/diario\/wp-content\/uploads\/2021\/02\/feria_28_feb_2021-298x300.jpg 298w, https:\/\/armstrongyregion.com.ar\/diario\/wp-content\/uploads\/2021\/02\/feria_28_feb_2021-150x150.jpg 150w\" sizes=\"auto, (max-width: 500px) 100vw, 500px\" \/><\/figure>\n\n\n\n<p>La Municipalidad de Armstrong invita a participar de la feria Sabores y Colores Locales, este domingo 28 de febrero desde las 18 hs. en el parque recreativo Bracito Fuerte.<\/p>\n\n\n\n<p>M\u00e1s de 30 emprendedores de nuestra ciudad y la regi\u00f3n ofreciendo productos de panificaci\u00f3n, reposter\u00eda, tragos, manualidades, reciclado, maquillaje art\u00edstico, artesan\u00eda en telas, cueros, madera, cemento, amigurrumis, tejidos, impresiones 3D, trabajos de aerograf\u00eda y traferencia, y porta macetas de cemento pintadas con aer\u00f3grafo.<\/p>\n\n\n\n<p>En el lugar tambi\u00e9n habr\u00e1 una feria americana solidaria que surge a partir de la inquietud de un grupo de damas integrantes de la Iglesia Trono de la Gracia quienes quieren aportar su granito de arena para poder ayudar a las familias que lo necesiten: una prenda de vestir por un alimento no perecedero, o calzados por dos alimentos no perecederos.<\/p>\n\n\n\n<p>La mercader\u00eda obtenida ser\u00e1 entregada a la Direcci\u00f3n de Promoci\u00f3n Comunitaria para luego ser distribuida entre familias de nuestra ciudad.<\/p>\n\n\n\n<p>Como siempre estar\u00e1 presente DJ Gamal, habr\u00e1 sorteos, y la calesita \u201cEl Profe\u201d recibir\u00e1 a los m\u00e1s peque\u00f1os.<\/p>\n\n\n\n<p>Ac\u00e9rquese con su familia para admirar y apoyar la creatividad, el arte y el trabajo de la mano de obra local.<\/p>\n\n\n\n<p>Servicio de buffet a cargo de los emprendedores.<\/p>\n\n\n\n<p>Se solicita respetar los protocolos vigentes. Se suspende por lluvia.<\/p>\n\n\n\n<p>La Municipalidad de Armstrong invita a participar de la feria Sabores y Colores Locales, este domingo 28 de febrero desde las 18 hs. en el parque recreativo Bracito Fuerte.<\/p>\n\n\n\n<p>M\u00e1s de 30 emprendedores de nuestra ciudad y la regi\u00f3n ofreciendo productos de panificaci\u00f3n, reposter\u00eda, tragos, manualidades, reciclado, maquillaje art\u00edstico, artesan\u00eda en telas, cueros, madera, cemento, amigurrumis, tejidos, impresiones 3D, trabajos de aerograf\u00eda y traferencia, y porta macetas de cemento pintadas con aer\u00f3grafo.<\/p>\n\n\n\n<p>En el lugar tambi\u00e9n habr\u00e1 una feria americana solidaria que surge a partir de la inquietud de un grupo de damas integrantes de la Iglesia Trono de la Gracia quienes quieren aportar su granito de arena para poder ayudar a las familias que lo necesiten: una prenda de vestir por un alimento no perecedero, o calzados por dos alimentos no perecederos.<\/p>\n\n\n\n<p>La mercader\u00eda obtenida ser\u00e1 entregada a la Direcci\u00f3n de Promoci\u00f3n Comunitaria para luego ser distribuida entre familias de nuestra ciudad.<\/p>\n\n\n\n<p>Como siempre estar\u00e1 presente DJ Gamal, habr\u00e1 sorteos, y la calesita \u201cEl Profe\u201d recibir\u00e1 a los m\u00e1s peque\u00f1os.<\/p>\n\n\n\n<p>Ac\u00e9rquese con su familia para admirar y apoyar la creatividad, el arte y el trabajo de la mano de obra local.<\/p>\n\n\n\n<p>Servicio de buffet a cargo de los emprendedores.<\/p>\n\n\n\n<p>Se solicita respetar los protocolos vigentes. Se suspende por lluvia.<\/p>\n","protected":false},"excerpt":{"rendered":"<p>La Municipalidad de Armstrong invita a participar de la feria Sabores y Colores Locales, este domingo 28 de febrero desde las 18 hs. en el parque recreativo Bracito Fuerte. M\u00e1s de 30 emprendedores de nuestra ciudad y la regi\u00f3n ofreciendo productos de panificaci\u00f3n, reposter\u00eda, tragos, manualidades, reciclado, maquillaje art\u00edstico, artesan\u00eda en telas, cueros, madera, cemento, <a href=\"https:\/\/armstrongyregion.com.ar\/diario\/armstrong-cerramos-febrero-con-una-nueva-feria\/\" title=\"Read more\" >&#8230;<\/a><\/p>\n","protected":false},"author":1,"featured_media":29091,"comment_status":"open","ping_status":"open","sticky":false,"template":"","format":"image","meta":{"_jetpack_memberships_contains_paid_content":false,"footnotes":"","jetpack_publicize_message":"","jetpack_publicize_feature_enabled":true,"jetpack_social_post_already_shared":true,"jetpack_social_options":{"image_generator_settings":{"template":"highway","default_image_id":0,"enabled":false},"version":2}},"categories":[6,8,1,2],"tags":[],"class_list":["post-29090","post","type-post","status-publish","format-image","has-post-thumbnail","hentry","category-cultura-entretenimiento","category-deliberando","category-diario-armstrong","category-locales","post_format-post-format-image"],"jetpack_publicize_connections":[],"jetpack_featured_media_url":"https:\/\/armstrongyregion.com.ar\/diario\/wp-content\/uploads\/2021\/02\/feria_28_feb_2021.jpg","jetpack_shortlink":"https:\/\/wp.me\/p62QDO-7zc","jetpack_sharing_enabled":true,"amp_enabled":true,"_links":{"self":[{"href":"https:\/\/armstrongyregion.com.ar\/diario\/wp-json\/wp\/v2\/posts\/29090","targetHints":{"allow":["GET"]}}],"collection":[{"href":"https:\/\/armstrongyregion.com.ar\/diario\/wp-json\/wp\/v2\/posts"}],"about":[{"href":"https:\/\/armstrongyregion.com.ar\/diario\/wp-json\/wp\/v2\/types\/post"}],"author":[{"embeddable":true,"href":"https:\/\/armstrongyregion.com.ar\/diario\/wp-json\/wp\/v2\/users\/1"}],"replies":[{"embeddable":true,"href":"https:\/\/armstrongyregion.com.ar\/diario\/wp-json\/wp\/v2\/comments?post=29090"}],"version-history":[{"count":1,"href":"https:\/\/armstrongyregion.com.ar\/diario\/wp-json\/wp\/v2\/posts\/29090\/revisions"}],"predecessor-version":[{"id":29092,"href":"https:\/\/armstrongyregion.com.ar\/diario\/wp-json\/wp\/v2\/posts\/29090\/revisions\/29092"}],"wp:featuredmedia":[{"embeddable":true,"href":"https:\/\/armstrongyregion.com.ar\/diario\/wp-json\/wp\/v2\/media\/29091"}],"wp:attachment":[{"href":"https:\/\/armstrongyregion.com.ar\/diario\/wp-json\/wp\/v2\/media?parent=29090"}],"wp:term":[{"taxonomy":"category","embeddable":true,"href":"https:\/\/armstrongyregion.com.ar\/diario\/wp-json\/wp\/v2\/categories?post=29090"},{"taxonomy":"post_tag","embeddable":true,"href":"https:\/\/armstrongyregion.com.ar\/diario\/wp-json\/wp\/v2\/tags?post=29090"}],"curies":[{"name":"wp","href":"https:\/\/api.w.org\/{rel}","templated":true}]}}