{"id":29044,"date":"2021-02-24T22:01:48","date_gmt":"2021-02-24T22:01:48","guid":{"rendered":"https:\/\/armstrongyregion.com.ar\/diario\/?p=29044"},"modified":"2021-02-24T22:01:52","modified_gmt":"2021-02-24T22:01:52","slug":"daniela-perez-se-restablecen-horarios-de-colectivos","status":"publish","type":"post","link":"https:\/\/armstrongyregion.com.ar\/diario\/daniela-perez-se-restablecen-horarios-de-colectivos\/","title":{"rendered":"Daniela P\u00e9rez: \u201cSe restablecen horarios de colectivos\u201d."},"content":{"rendered":"\n<figure class=\"wp-block-image size-large\"><img loading=\"lazy\" decoding=\"async\" width=\"427\" height=\"284\" src=\"http:\/\/armstrongyregion.com.ar\/diario\/wp-content\/uploads\/2021\/02\/Daniela-Terminal-.jpg\" alt=\"\" class=\"wp-image-29045\" srcset=\"https:\/\/armstrongyregion.com.ar\/diario\/wp-content\/uploads\/2021\/02\/Daniela-Terminal-.jpg 427w, https:\/\/armstrongyregion.com.ar\/diario\/wp-content\/uploads\/2021\/02\/Daniela-Terminal--300x200.jpg 300w\" sizes=\"auto, (max-width: 427px) 100vw, 427px\" \/><\/figure>\n\n\n\n<p> En la ma\u00f1ana de hoy, la Secretaria de Gobierno de la Municipalidad de Armstrong Daniela P\u00e9rez en dialogo con los medios locales informaba que: \u201cLa boleter\u00eda Urquiza en su momento debi\u00f3 cerrar y  tambi\u00e9n nos vimos perjudicados en  lo que era el bar . Hoy podemos decir que el buf\u00e9 se ha licitado, y en marzo estar\u00e1 reabriendo sus puertas con un nuevo due\u00f1o, tambi\u00e9n pudimos firmar convenio con Urquiza para que vuelva su boleter\u00eda. Y la de Transur y G\u00fcemes sigue trabajando y retoma algunas frecuencias que se hab\u00edan eliminado.<\/p>\n\n\n\n<p>La\nSecretaria a\u00f1adi\u00f3: \u201c Urquiza de a poco se empieza a restablecer\nantes ten\u00edamos un colectivo cada  hora o cada 45 minutos y hoy las\nfrecuencias son mucho menores esperemos que a medida que avance el\na\u00f1o  se restablezcan todos los horarios\u201d.<\/p>\n\n\n\n<figure class=\"wp-block-image size-large\"><img loading=\"lazy\" decoding=\"async\" width=\"720\" height=\"399\" src=\"http:\/\/armstrongyregion.com.ar\/diario\/wp-content\/uploads\/2021\/02\/damiela-Terminal-2-.jpg\" alt=\"\" class=\"wp-image-29046\" srcset=\"https:\/\/armstrongyregion.com.ar\/diario\/wp-content\/uploads\/2021\/02\/damiela-Terminal-2-.jpg 720w, https:\/\/armstrongyregion.com.ar\/diario\/wp-content\/uploads\/2021\/02\/damiela-Terminal-2--300x166.jpg 300w\" sizes=\"auto, (max-width: 720px) 100vw, 720px\" \/><\/figure>\n\n\n\n<p><strong>Play\u00f3n\nde la Terminal.<\/strong><\/p>\n\n\n\n<p>Luego consultamos sobre las mejoras en el playon de la terminal, P\u00e9rez dijo: \u201cAprovechamos a que no exist\u00eda movimiento de colectivos ya que se hab\u00edan hecho varios baches sobre plataformas donde se estacionan los micros y se realizaron trabajos de obras de los baches. Los colectivos podr\u00e1n transitar normalmente\u201d.<\/p>\n\n\n\n<p>\nTambi\u00e9n inform\u00f3 que se ha presentado un proyecto en  la provincia \nsolicitando la reconstrucci\u00f3n de calle Crucianelli, este sector que\nesta en muy mal estado en los \u00faltimos a\u00f1os pero seguramente lo va a\nestar anunciando el intendente en los pr\u00f3ximos d\u00edas. \n<\/p>\n","protected":false},"excerpt":{"rendered":"<p>En la ma\u00f1ana de hoy, la Secretaria de Gobierno de la Municipalidad de Armstrong Daniela P\u00e9rez en dialogo con los medios locales informaba que: \u201cLa boleter\u00eda Urquiza en su momento debi\u00f3 cerrar y tambi\u00e9n nos vimos perjudicados en lo que era el bar . Hoy podemos decir que el buf\u00e9 se ha licitado, y en <a href=\"https:\/\/armstrongyregion.com.ar\/diario\/daniela-perez-se-restablecen-horarios-de-colectivos\/\" title=\"Read more\" >&#8230;<\/a><\/p>\n","protected":false},"author":1,"featured_media":29045,"comment_status":"open","ping_status":"open","sticky":false,"template":"","format":"image","meta":{"_jetpack_memberships_contains_paid_content":false,"footnotes":"","jetpack_publicize_message":"","jetpack_publicize_feature_enabled":true,"jetpack_social_post_already_shared":true,"jetpack_social_options":{"image_generator_settings":{"template":"highway","default_image_id":0,"enabled":false},"version":2}},"categories":[8,1,2,7],"tags":[],"class_list":["post-29044","post","type-post","status-publish","format-image","has-post-thumbnail","hentry","category-deliberando","category-diario-armstrong","category-locales","category-politica","post_format-post-format-image"],"jetpack_publicize_connections":[],"jetpack_featured_media_url":"https:\/\/armstrongyregion.com.ar\/diario\/wp-content\/uploads\/2021\/02\/Daniela-Terminal-.jpg","jetpack_shortlink":"https:\/\/wp.me\/p62QDO-7ys","jetpack_sharing_enabled":true,"amp_enabled":true,"_links":{"self":[{"href":"https:\/\/armstrongyregion.com.ar\/diario\/wp-json\/wp\/v2\/posts\/29044","targetHints":{"allow":["GET"]}}],"collection":[{"href":"https:\/\/armstrongyregion.com.ar\/diario\/wp-json\/wp\/v2\/posts"}],"about":[{"href":"https:\/\/armstrongyregion.com.ar\/diario\/wp-json\/wp\/v2\/types\/post"}],"author":[{"embeddable":true,"href":"https:\/\/armstrongyregion.com.ar\/diario\/wp-json\/wp\/v2\/users\/1"}],"replies":[{"embeddable":true,"href":"https:\/\/armstrongyregion.com.ar\/diario\/wp-json\/wp\/v2\/comments?post=29044"}],"version-history":[{"count":1,"href":"https:\/\/armstrongyregion.com.ar\/diario\/wp-json\/wp\/v2\/posts\/29044\/revisions"}],"predecessor-version":[{"id":29047,"href":"https:\/\/armstrongyregion.com.ar\/diario\/wp-json\/wp\/v2\/posts\/29044\/revisions\/29047"}],"wp:featuredmedia":[{"embeddable":true,"href":"https:\/\/armstrongyregion.com.ar\/diario\/wp-json\/wp\/v2\/media\/29045"}],"wp:attachment":[{"href":"https:\/\/armstrongyregion.com.ar\/diario\/wp-json\/wp\/v2\/media?parent=29044"}],"wp:term":[{"taxonomy":"category","embeddable":true,"href":"https:\/\/armstrongyregion.com.ar\/diario\/wp-json\/wp\/v2\/categories?post=29044"},{"taxonomy":"post_tag","embeddable":true,"href":"https:\/\/armstrongyregion.com.ar\/diario\/wp-json\/wp\/v2\/tags?post=29044"}],"curies":[{"name":"wp","href":"https:\/\/api.w.org\/{rel}","templated":true}]}}