{"id":2900,"date":"2015-07-04T14:09:49","date_gmt":"2015-07-04T14:09:49","guid":{"rendered":"https:\/\/armstrongyregion.com.ar\/diario\/?p=2900"},"modified":"2015-07-04T14:09:49","modified_gmt":"2015-07-04T14:09:49","slug":"fudeca-y-municipio-presentaron-indicadores-economico-sociales","status":"publish","type":"post","link":"https:\/\/armstrongyregion.com.ar\/diario\/fudeca-y-municipio-presentaron-indicadores-economico-sociales\/","title":{"rendered":"Fudeca y municipio presentaron indicadores econ\u00f3mico sociales."},"content":{"rendered":"<p><a href=\"http:\/\/armstrongyregion.com.ar\/diario\/wp-content\/uploads\/2015\/07\/11707775_447034012125285_4175349538290052365_o.jpg\"><img loading=\"lazy\" decoding=\"async\" class=\"alignnone size-medium wp-image-2901\" src=\"http:\/\/armstrongyregion.com.ar\/diario\/wp-content\/uploads\/2015\/07\/11707775_447034012125285_4175349538290052365_o-300x199.jpg\" alt=\"Fudeca\" width=\"300\" height=\"199\" srcset=\"https:\/\/armstrongyregion.com.ar\/diario\/wp-content\/uploads\/2015\/07\/11707775_447034012125285_4175349538290052365_o-300x199.jpg 300w, https:\/\/armstrongyregion.com.ar\/diario\/wp-content\/uploads\/2015\/07\/11707775_447034012125285_4175349538290052365_o-1024x682.jpg 1024w, https:\/\/armstrongyregion.com.ar\/diario\/wp-content\/uploads\/2015\/07\/11707775_447034012125285_4175349538290052365_o.jpg 2048w\" sizes=\"auto, (max-width: 300px) 100vw, 300px\" \/><\/a>La intendenta Cl\u00e9rici y las autoridades de la fundaci\u00f3n coincidieron que \u201ceste relevamiento es una herramienta fundamental para el dise\u00f1o de pol\u00edticas p\u00fablicas\u201d.<br \/>\nLa Fundaci\u00f3n para el Desarrollo de Ca\u00f1ada de G\u00f3mez present\u00f3 el estudio sobre indicadores socio-econ\u00f3micos correspondiente al a\u00f1o 2014. Como m\u00e1xima autoridad local, la intendenta Stella Cl\u00e9rici acompa\u00f1\u00f3 la presentaci\u00f3n y coincidi\u00f3 con el equipo de la fundaci\u00f3n en que \u201ceste tipo de estudios estad\u00edsticos son vitales para el dise\u00f1o y redise\u00f1o de pol\u00edticas p\u00fablicas desde todos los estamentos gubernamentales\u201d.<br \/>\nEntre los datos relevantes que surgen de una lectura del estudio es que existe casi un 70% de personas con casa propia y que en nuestra ciudad solo hay un 1% de vivienda precaria. En tanto sobresale el dato que en los \u00faltimos diez a\u00f1os, debido a las pol\u00edticas habitacionales promovidas desde el estado municipal en sinton\u00eda con otras esferas de gobierno, ha aumentado sensiblemente la cantidad de personas que accedieron a una vivienda.<br \/>\nLos avances en materia de servicios p\u00fablicos como red de cloacas, agua, gas y el impacto de la obra p\u00fablica tambi\u00e9n se ven reflejados en la investigaci\u00f3n, cuya muestra abarc\u00f3 m\u00e1s de mil hogares.<br \/>\nComo desaf\u00edos a tener en cuenta cabe remarcar que del 5% de desocupaci\u00f3n, un porcentaje menor a la media del gran Rosario, la mayor\u00eda son mujeres y j\u00f3venes de entre 24 y 35 a\u00f1os.<br \/>\nPor \u00faltimo tanto Marcelo Cogno, presidente de Fu.de.ca., como su coordinadora, Micaela Mezzadra, remarcaron \u201cla seriedad, rigurosidad, responsabilidad y el trabajo en colaboraci\u00f3n que asumieron los profesionales de la instituci\u00f3n junto con los del municipio para llevar adelante la investigaci\u00f3n\u201d. Tambi\u00e9n destacaron como positivo que \u201cel estado municipal considere y se apropie de esta herramienta para generar acciones de gobierno en consecuencia\u201d.<\/p>\n","protected":false},"excerpt":{"rendered":"<p>La intendenta Cl\u00e9rici y las autoridades de la fundaci\u00f3n coincidieron que \u201ceste relevamiento es una herramienta fundamental para el dise\u00f1o de pol\u00edticas p\u00fablicas\u201d. La Fundaci\u00f3n para el Desarrollo de Ca\u00f1ada de G\u00f3mez present\u00f3 el estudio sobre indicadores socio-econ\u00f3micos correspondiente al a\u00f1o 2014. Como m\u00e1xima autoridad local, la intendenta Stella Cl\u00e9rici acompa\u00f1\u00f3 la presentaci\u00f3n y coincidi\u00f3 <a href=\"https:\/\/armstrongyregion.com.ar\/diario\/fudeca-y-municipio-presentaron-indicadores-economico-sociales\/\" title=\"Read more\" >&#8230;<\/a><\/p>\n","protected":false},"author":2,"featured_media":2901,"comment_status":"open","ping_status":"open","sticky":false,"template":"","format":"standard","meta":{"_jetpack_memberships_contains_paid_content":false,"footnotes":"","jetpack_publicize_message":"","jetpack_publicize_feature_enabled":true,"jetpack_social_post_already_shared":false,"jetpack_social_options":{"image_generator_settings":{"template":"highway","default_image_id":0,"enabled":false},"version":2}},"categories":[1,3],"tags":[165,2171,2173,217,2172,2174,13],"class_list":["post-2900","post","type-post","status-publish","format-standard","has-post-thumbnail","hentry","category-diario-armstrong","category-region","tag-economico","tag-fudeca","tag-indicadores","tag-municipio","tag-presentaron","tag-sociales","tag-y"],"jetpack_publicize_connections":[],"jetpack_featured_media_url":"https:\/\/armstrongyregion.com.ar\/diario\/wp-content\/uploads\/2015\/07\/11707775_447034012125285_4175349538290052365_o.jpg","jetpack_shortlink":"https:\/\/wp.me\/p62QDO-KM","jetpack_sharing_enabled":true,"amp_enabled":true,"_links":{"self":[{"href":"https:\/\/armstrongyregion.com.ar\/diario\/wp-json\/wp\/v2\/posts\/2900","targetHints":{"allow":["GET"]}}],"collection":[{"href":"https:\/\/armstrongyregion.com.ar\/diario\/wp-json\/wp\/v2\/posts"}],"about":[{"href":"https:\/\/armstrongyregion.com.ar\/diario\/wp-json\/wp\/v2\/types\/post"}],"author":[{"embeddable":true,"href":"https:\/\/armstrongyregion.com.ar\/diario\/wp-json\/wp\/v2\/users\/2"}],"replies":[{"embeddable":true,"href":"https:\/\/armstrongyregion.com.ar\/diario\/wp-json\/wp\/v2\/comments?post=2900"}],"version-history":[{"count":0,"href":"https:\/\/armstrongyregion.com.ar\/diario\/wp-json\/wp\/v2\/posts\/2900\/revisions"}],"wp:featuredmedia":[{"embeddable":true,"href":"https:\/\/armstrongyregion.com.ar\/diario\/wp-json\/wp\/v2\/media\/2901"}],"wp:attachment":[{"href":"https:\/\/armstrongyregion.com.ar\/diario\/wp-json\/wp\/v2\/media?parent=2900"}],"wp:term":[{"taxonomy":"category","embeddable":true,"href":"https:\/\/armstrongyregion.com.ar\/diario\/wp-json\/wp\/v2\/categories?post=2900"},{"taxonomy":"post_tag","embeddable":true,"href":"https:\/\/armstrongyregion.com.ar\/diario\/wp-json\/wp\/v2\/tags?post=2900"}],"curies":[{"name":"wp","href":"https:\/\/api.w.org\/{rel}","templated":true}]}}