{"id":28988,"date":"2021-02-20T13:40:19","date_gmt":"2021-02-20T13:40:19","guid":{"rendered":"https:\/\/armstrongyregion.com.ar\/diario\/?p=28988"},"modified":"2021-02-20T13:40:24","modified_gmt":"2021-02-20T13:40:24","slug":"lifschitz-insistio-en-la-necesidad-de-implementar-el-consejo-economico-y-social-en-santa-fe","status":"publish","type":"post","link":"https:\/\/armstrongyregion.com.ar\/diario\/lifschitz-insistio-en-la-necesidad-de-implementar-el-consejo-economico-y-social-en-santa-fe\/","title":{"rendered":"Lifschitz insisti\u00f3 en la necesidad de implementar el consejo econ\u00f3mico y social en Santa Fe."},"content":{"rendered":"\n<figure class=\"wp-block-image size-large\"><img loading=\"lazy\" decoding=\"async\" width=\"552\" height=\"320\" src=\"http:\/\/armstrongyregion.com.ar\/diario\/wp-content\/uploads\/2020\/11\/Ing.-Miguel-Lifschitz..jpg\" alt=\"\" class=\"wp-image-27988\" srcset=\"https:\/\/armstrongyregion.com.ar\/diario\/wp-content\/uploads\/2020\/11\/Ing.-Miguel-Lifschitz..jpg 552w, https:\/\/armstrongyregion.com.ar\/diario\/wp-content\/uploads\/2020\/11\/Ing.-Miguel-Lifschitz.-300x174.jpg 300w\" sizes=\"auto, (max-width: 552px) 100vw, 552px\" \/><\/figure>\n\n\n\n<p>El presidente de la C\u00e1mara de Diputados y Diputadas de Santa Fe, Miguel Lifschitz, se refiri\u00f3 a la creaci\u00f3n del organismo a nivel nacional y pidi\u00f3 que se implemente la ley de su autor\u00eda en la provincia. \u201cHay que discutir y lograr consensos para resolver problemas estructurales, no se puede especular ni seguir esperando ante esta crisis\u201d, sostuvo.<\/p>\n\n\n\n<p>A ra\u00edz del anuncio de la creaci\u00f3n del Consejo Econ\u00f3mico y Social bajo la \u00f3rbita del gobierno nacional, el presidente de la C\u00e1mara de Diputados y Diputadas de Santa Fe, Miguel Lifschitz, valor\u00f3 positivamente \u201cque avance una herramienta fundamental y que ha sido propuesta en distintas oportunidades por legisladores del Partido Socialista\u201d. Del mismo modo, record\u00f3 la implementaci\u00f3n del mismo bajo su mandato como gobernador y pidi\u00f3 por la sanci\u00f3n de la ley a nivel provincial: \u201cSe necesitan consensos para lograr medidas que le mejoren la vida a la gente. Las urgencias en t\u00e9rminos sociales y econ\u00f3micos no distinguen banderas pol\u00edticas\u201d.<\/p>\n\n\n\n<p>Lifschitz, que impuls\u00f3 como mandatario santafesino la creaci\u00f3n de la ley a nivel provincial, salud\u00f3 la decisi\u00f3n del poder ejecutivo, y resalt\u00f3 que \u201cprimero Guillermo Est\u00e9vez Boero, luego Hermes Binner y en \u00faltima instancia Enrique Est\u00e9vez, en sus respectivos mandatos como legisladores nacionales, insistieron con la creaci\u00f3n del Consejo Econ\u00f3mico y Social, como una herramienta fundamental para resolver los problemas que atraviesa Argentina desde hace tantos a\u00f1os\u201d.<\/p>\n\n\n\n<p>\u201cLa profundizaci\u00f3n de estos problemas estructurales, como la pobreza y la ca\u00edda de actividad econ\u00f3mica, la falta de programas sostenidos a trav\u00e9s de los a\u00f1os, el d\u00e9ficit habitacional o la falta de infraestructura, son ejes fundamentales que deben tratarse en una mesa de di\u00e1logo, con expertos de cada \u00e1rea \u2013continu\u00f3 el presidente de la C\u00e1mara baja santafesina-. Es saludable que se inicie este camino, porque lo que vemos en Argentina es un constante ir y venir seg\u00fan el gobierno de turno, mientras estos problemas de fondo no se solucionan\u201d.<\/p>\n\n\n\n<p>Adem\u00e1s, el exgobernador resalt\u00f3 que \u201cel CEyS ha tenido un impacto tremendamente positivo en su implementaci\u00f3n en Santa Fe\u201d, y sigui\u00f3: \u201cLa institucionalizaci\u00f3n del di\u00e1logo y la participaci\u00f3n para construir pol\u00edticas p\u00fablicas es fundamental, es la forma que concebimos para generar consensos. Vemos hoy los resultados de tantos a\u00f1os de decisiones unilaterales e inconsultas a nivel nacional, y es urgente una mirada mucho m\u00e1s plural\u201d.<\/p>\n\n\n\n<p>En tanto, Lifschitz record\u00f3 que en 2019 fue presentado un proyecto de ley para crear el propio Consejo en el \u00e1mbito provincial, y que pese a la media sanci\u00f3n de la C\u00e1mara de Diputados el pasado a\u00f1o, no obtuvo la aprobaci\u00f3n del Senado. \u201cModernizar el estado y generar canales de participaci\u00f3n, con actores involucrados en cada problem\u00e1tica, debe ser un objetivo de la clase pol\u00edtica. Por eso esperamos que tambi\u00e9n se d\u00e9 el paso y que el ejecutivo convoque a estas instituciones, organizaciones y especialistas porque el presente requiere de una visi\u00f3n m\u00e1s amplia, no se puede especular ni tomar decisiones desde una mesa chica\u201d.<\/p>\n\n\n\n<p>\u201cHay que aprovechar las ventajas que da ya haber comprobado los beneficios del Consejo Econ\u00f3mico y Social. Durante m\u00e1s de tres a\u00f1os diferentes sectores aportaron su visi\u00f3n como \u00f3rgano consultivo y asesor, y reafirmar ese formato ser\u00eda saludable para la vida institucional de la provincia de aqu\u00ed en m\u00e1s\u201d, cerr\u00f3.<\/p>\n","protected":false},"excerpt":{"rendered":"<p>El presidente de la C\u00e1mara de Diputados y Diputadas de Santa Fe, Miguel Lifschitz, se refiri\u00f3 a la creaci\u00f3n del organismo a nivel nacional y pidi\u00f3 que se implemente la ley de su autor\u00eda en la provincia. \u201cHay que discutir y lograr consensos para resolver problemas estructurales, no se puede especular ni seguir esperando ante <a href=\"https:\/\/armstrongyregion.com.ar\/diario\/lifschitz-insistio-en-la-necesidad-de-implementar-el-consejo-economico-y-social-en-santa-fe\/\" title=\"Read more\" >&#8230;<\/a><\/p>\n","protected":false},"author":1,"featured_media":27988,"comment_status":"open","ping_status":"open","sticky":false,"template":"","format":"image","meta":{"_jetpack_memberships_contains_paid_content":false,"footnotes":"","jetpack_publicize_message":"","jetpack_publicize_feature_enabled":true,"jetpack_social_post_already_shared":true,"jetpack_social_options":{"image_generator_settings":{"template":"highway","default_image_id":0,"enabled":false},"version":2}},"categories":[8,1,2,7,3],"tags":[],"class_list":["post-28988","post","type-post","status-publish","format-image","has-post-thumbnail","hentry","category-deliberando","category-diario-armstrong","category-locales","category-politica","category-region","post_format-post-format-image"],"jetpack_publicize_connections":[],"jetpack_featured_media_url":"https:\/\/armstrongyregion.com.ar\/diario\/wp-content\/uploads\/2020\/11\/Ing.-Miguel-Lifschitz..jpg","jetpack_shortlink":"https:\/\/wp.me\/p62QDO-7xy","jetpack_sharing_enabled":true,"amp_enabled":true,"_links":{"self":[{"href":"https:\/\/armstrongyregion.com.ar\/diario\/wp-json\/wp\/v2\/posts\/28988","targetHints":{"allow":["GET"]}}],"collection":[{"href":"https:\/\/armstrongyregion.com.ar\/diario\/wp-json\/wp\/v2\/posts"}],"about":[{"href":"https:\/\/armstrongyregion.com.ar\/diario\/wp-json\/wp\/v2\/types\/post"}],"author":[{"embeddable":true,"href":"https:\/\/armstrongyregion.com.ar\/diario\/wp-json\/wp\/v2\/users\/1"}],"replies":[{"embeddable":true,"href":"https:\/\/armstrongyregion.com.ar\/diario\/wp-json\/wp\/v2\/comments?post=28988"}],"version-history":[{"count":1,"href":"https:\/\/armstrongyregion.com.ar\/diario\/wp-json\/wp\/v2\/posts\/28988\/revisions"}],"predecessor-version":[{"id":28989,"href":"https:\/\/armstrongyregion.com.ar\/diario\/wp-json\/wp\/v2\/posts\/28988\/revisions\/28989"}],"wp:featuredmedia":[{"embeddable":true,"href":"https:\/\/armstrongyregion.com.ar\/diario\/wp-json\/wp\/v2\/media\/27988"}],"wp:attachment":[{"href":"https:\/\/armstrongyregion.com.ar\/diario\/wp-json\/wp\/v2\/media?parent=28988"}],"wp:term":[{"taxonomy":"category","embeddable":true,"href":"https:\/\/armstrongyregion.com.ar\/diario\/wp-json\/wp\/v2\/categories?post=28988"},{"taxonomy":"post_tag","embeddable":true,"href":"https:\/\/armstrongyregion.com.ar\/diario\/wp-json\/wp\/v2\/tags?post=28988"}],"curies":[{"name":"wp","href":"https:\/\/api.w.org\/{rel}","templated":true}]}}