{"id":2894,"date":"2015-07-03T13:57:49","date_gmt":"2015-07-03T13:57:49","guid":{"rendered":"https:\/\/armstrongyregion.com.ar\/diario\/?p=2894"},"modified":"2015-07-03T13:57:49","modified_gmt":"2015-07-03T13:57:49","slug":"caso-cejas-cambio-de-fiscal-pero-aun-sin-novedades-de-la-desaparicion","status":"publish","type":"post","link":"https:\/\/armstrongyregion.com.ar\/diario\/caso-cejas-cambio-de-fiscal-pero-aun-sin-novedades-de-la-desaparicion\/","title":{"rendered":"Caso Cejas: Cambio de fiscal, pero aun sin novedades de la desaparici\u00f3n."},"content":{"rendered":"<p><a href=\"http:\/\/armstrongyregion.com.ar\/diario\/wp-content\/uploads\/2015\/07\/20150702_192601.jpg\"><img loading=\"lazy\" decoding=\"async\" class=\"alignnone size-medium wp-image-2895\" src=\"http:\/\/armstrongyregion.com.ar\/diario\/wp-content\/uploads\/2015\/07\/20150702_192601-300x168.jpg\" alt=\"Graciela Diaz. Caso Cejas.\" width=\"300\" height=\"168\" srcset=\"https:\/\/armstrongyregion.com.ar\/diario\/wp-content\/uploads\/2015\/07\/20150702_192601-300x168.jpg 300w, https:\/\/armstrongyregion.com.ar\/diario\/wp-content\/uploads\/2015\/07\/20150702_192601-1024x576.jpg 1024w\" sizes=\"auto, (max-width: 300px) 100vw, 300px\" \/><\/a>Graciela Diaz, hizo declaraciones para informar como se encuentra la causa por la desaparici\u00f3n del empresario Jorge Cejas, en la ciudad de Armstrong.<br \/>\n\u201cQueremos que la gente sepa que los seguimos necesitando y que la causa no se caiga, que sepa que hay un hombre que sigue desaparecido, que parte de su familia lo est\u00e1 buscando, no hablo por toda la familia sino por parte de Estela y su hijo\u201d, comenz\u00f3 diciendo.<br \/>\nAgreg\u00f3 que: \u201cSe tuvo una reuni\u00f3n con la fiscala Natalia Benvenutto, que ahora es quien est\u00e1 a cargo de la causa, quien nos recibi\u00f3 de muy buena manera y muy generosa de su tiempo. Estuvimos un buen periodo dialogando con ella, analizando temas y debatiendo algunas cosas que se pod\u00edan cambiar, como llevarlas a cabo, cosas que sumaban o restaban, porque como decimos no est\u00e1bamos preparadas para una cuesti\u00f3n como esta, salir a la calle y decir me desapareci\u00f3 mi pap\u00e1, como dijo Estela, para ver que se pod\u00eda hacer\u201d.<br \/>\n\u201cCre\u00edamos que las marchas podr\u00edan ayudar, las seguimos y las seguiremos haciendo y esto hace que la gente sepa que aqu\u00ed sigue faltando una persona y que no debe pasar nunca m\u00e1s a nadie\u201d sigui\u00f3 diciendo D\u00edaz.<br \/>\nCon respecto al fiscal Granatto manifest\u00f3 que se les inform\u00f3 que se est\u00e1 retirando y que no tendr\u00e1 m\u00e1s nada que ver con esta causa. Sobre esto Benvenutto les dijo que si bien no tiene el cien por cien de la causa, se comprometi\u00f3 a seguir con la investigaci\u00f3n, seguir sumando y aportando datos y que la investigaci\u00f3n sigue avanzando.<br \/>\nGraciela Diaz, sobre esto afirm\u00f3: \u201cNosotros le creemos porque lo venimos siguiendo al fiscal y vamos a creer a Natalia y sabemos que va a necesitar tiempo, ya que Granatto lleva 15 meses y Natalia deber\u00e1 proseguir lo que se viene haciendo.\u201d<\/p>\n","protected":false},"excerpt":{"rendered":"<p>Graciela Diaz, hizo declaraciones para informar como se encuentra la causa por la desaparici\u00f3n del empresario Jorge Cejas, en la ciudad de Armstrong. \u201cQueremos que la gente sepa que los seguimos necesitando y que la causa no se caiga, que sepa que hay un hombre que sigue desaparecido, que parte de su familia lo est\u00e1 <a href=\"https:\/\/armstrongyregion.com.ar\/diario\/caso-cejas-cambio-de-fiscal-pero-aun-sin-novedades-de-la-desaparicion\/\" title=\"Read more\" >&#8230;<\/a><\/p>\n","protected":false},"author":2,"featured_media":2895,"comment_status":"open","ping_status":"open","sticky":false,"template":"","format":"standard","meta":{"_jetpack_memberships_contains_paid_content":false,"footnotes":"","jetpack_publicize_message":"","jetpack_publicize_feature_enabled":true,"jetpack_social_post_already_shared":false,"jetpack_social_options":{"image_generator_settings":{"template":"highway","default_image_id":0,"enabled":false},"version":2}},"categories":[1,2],"tags":[2168,311,297,274,19,1304,2166,31,2169,2167,378],"class_list":["post-2894","post","type-post","status-publish","format-standard","has-post-thumbnail","hentry","category-diario-armstrong","category-locales","tag-aun","tag-cambio","tag-caso","tag-cejas","tag-de","tag-desaparicion","tag-fiscal","tag-la","tag-novedades","tag-pero","tag-sin"],"jetpack_publicize_connections":[],"jetpack_featured_media_url":"https:\/\/armstrongyregion.com.ar\/diario\/wp-content\/uploads\/2015\/07\/20150702_192601.jpg","jetpack_shortlink":"https:\/\/wp.me\/p62QDO-KG","jetpack_sharing_enabled":true,"amp_enabled":true,"_links":{"self":[{"href":"https:\/\/armstrongyregion.com.ar\/diario\/wp-json\/wp\/v2\/posts\/2894","targetHints":{"allow":["GET"]}}],"collection":[{"href":"https:\/\/armstrongyregion.com.ar\/diario\/wp-json\/wp\/v2\/posts"}],"about":[{"href":"https:\/\/armstrongyregion.com.ar\/diario\/wp-json\/wp\/v2\/types\/post"}],"author":[{"embeddable":true,"href":"https:\/\/armstrongyregion.com.ar\/diario\/wp-json\/wp\/v2\/users\/2"}],"replies":[{"embeddable":true,"href":"https:\/\/armstrongyregion.com.ar\/diario\/wp-json\/wp\/v2\/comments?post=2894"}],"version-history":[{"count":0,"href":"https:\/\/armstrongyregion.com.ar\/diario\/wp-json\/wp\/v2\/posts\/2894\/revisions"}],"wp:featuredmedia":[{"embeddable":true,"href":"https:\/\/armstrongyregion.com.ar\/diario\/wp-json\/wp\/v2\/media\/2895"}],"wp:attachment":[{"href":"https:\/\/armstrongyregion.com.ar\/diario\/wp-json\/wp\/v2\/media?parent=2894"}],"wp:term":[{"taxonomy":"category","embeddable":true,"href":"https:\/\/armstrongyregion.com.ar\/diario\/wp-json\/wp\/v2\/categories?post=2894"},{"taxonomy":"post_tag","embeddable":true,"href":"https:\/\/armstrongyregion.com.ar\/diario\/wp-json\/wp\/v2\/tags?post=2894"}],"curies":[{"name":"wp","href":"https:\/\/api.w.org\/{rel}","templated":true}]}}