{"id":28906,"date":"2021-02-11T23:50:18","date_gmt":"2021-02-11T23:50:18","guid":{"rendered":"https:\/\/armstrongyregion.com.ar\/diario\/?p=28906"},"modified":"2021-02-11T23:50:22","modified_gmt":"2021-02-11T23:50:22","slug":"perotti-quiere-atenuar-el-impacto-a-los-santafesinos-del-tarifazo-a-la-patente-automotor","status":"publish","type":"post","link":"https:\/\/armstrongyregion.com.ar\/diario\/perotti-quiere-atenuar-el-impacto-a-los-santafesinos-del-tarifazo-a-la-patente-automotor\/","title":{"rendered":"Perotti quiere atenuar el impacto a los santafesinos del tarifazo a la patente automotor"},"content":{"rendered":"\n<figure class=\"wp-block-image size-large\"><img loading=\"lazy\" decoding=\"async\" width=\"642\" height=\"406\" src=\"http:\/\/armstrongyregion.com.ar\/diario\/wp-content\/uploads\/2021\/02\/patentejpg.jpg\" alt=\"\" class=\"wp-image-28907\" srcset=\"https:\/\/armstrongyregion.com.ar\/diario\/wp-content\/uploads\/2021\/02\/patentejpg.jpg 642w, https:\/\/armstrongyregion.com.ar\/diario\/wp-content\/uploads\/2021\/02\/patentejpg-300x190.jpg 300w\" sizes=\"auto, (max-width: 642px) 100vw, 642px\" \/><\/figure>\n\n\n\n<h2 class=\"wp-block-heading\"> El gobernador envi\u00f3 a la Legislatura un proyecto para imponer un techo del 40% de suba en relaci\u00f3n al 2020.<\/h2>\n\n\n\n<p><strong>El gobierno provincial puso marcha atr\u00e1s en el&nbsp;<a href=\"https:\/\/www.lacapital.com.ar\/tarifazo-a1997.html\">tarifazo<\/a>&nbsp;a la&nbsp;<a href=\"https:\/\/www.lacapital.com.ar\/patente-a42819\">patente<\/a>&nbsp;automotor, que seg\u00fan estimaciones rondaban un promedio del 70% y llegaban hasta el 100 o 120% de aumento, y en cambio propuso un techo del 40%. Al mismo tiempo, el proyecto que el gobernador Omar Perotti envi\u00f3 a la Legislatura propone una suba en la participaci\u00f3n a los municipios del 90% al 93% en la Patente Unica sobre Veh\u00edculos y lo eleva al 100 por ciento en el tributo sobre las embarcaciones deportivas.<\/strong><\/p>\n\n\n\n<p>La llegada de las boletas de las patentes hab\u00eda generado un fuerte revuelo y la indignaci\u00f3n en muchos contribuyentes a los cuales se les impon\u00eda una suba que en algunos casos eran de m\u00e1s del 100% m\u00e1s.<\/p>\n\n\n\n<p><strong>Incluso el bloque de senadores de la UCR hab\u00eda impulsado una reforma al tarifazo,<\/strong>&nbsp;reduciendo los topes y solicitando una compensaci\u00f3n de la recaudaci\u00f3n estimada que surja de las arcas del Tesoro Provincial.<\/p>\n\n\n\n<p>Ahora trascendi\u00f3 el proyecto enviado por el Ejecutivo provincial a la Legislatura, en el que justifica la vuelta atr\u00e1s con las boletas.<strong>&nbsp;\u201cSi bien para el a\u00f1o fiscal 2021 el c\u00e1lculo del&nbsp;<a href=\"https:\/\/www.lacapital.com.ar\/impuesto-a23664\">impuesto<\/a>&nbsp;Patente Unica sobre Veh\u00edculos se ha efectuado en base a id\u00e9nticas al\u00edcuotas a las aprobadas por la ley 13.226 en el a\u00f1o 2011, la particular din\u00e1mica del mercado automotor (caracterizada por un alto grado de dispersi\u00f3n y heterogeneidad en los incrementos de precios) ha generado en algunos modelos, principalmente los m\u00e1s antiguos, mayores variaciones en el impuesto a pagar, por lo que se entiende razonable contemplar tal situaci\u00f3n\u201d.<\/strong><\/p>\n\n\n\n<p>Es por ello que en su art\u00edculo cuarto la iniciativa propone que la determinaci\u00f3n del monto del Impuesto Patente Unica sobre Veh\u00edculos para el a\u00f1o fiscal 2021 no podr\u00e1 superar en un 40% al impuesto determinado para el per\u00edodo fiscal 2020.<\/p>\n\n\n\n<p>Fuente; La Capital.<\/p>\n","protected":false},"excerpt":{"rendered":"<p>El gobernador envi\u00f3 a la Legislatura un proyecto para imponer un techo del 40% de suba en relaci\u00f3n al 2020. El gobierno provincial puso marcha atr\u00e1s en el&nbsp;tarifazo&nbsp;a la&nbsp;patente&nbsp;automotor, que seg\u00fan estimaciones rondaban un promedio del 70% y llegaban hasta el 100 o 120% de aumento, y en cambio propuso un techo del 40%. Al <a href=\"https:\/\/armstrongyregion.com.ar\/diario\/perotti-quiere-atenuar-el-impacto-a-los-santafesinos-del-tarifazo-a-la-patente-automotor\/\" title=\"Read more\" >&#8230;<\/a><\/p>\n","protected":false},"author":1,"featured_media":28907,"comment_status":"open","ping_status":"open","sticky":false,"template":"","format":"image","meta":{"_jetpack_memberships_contains_paid_content":false,"footnotes":"","jetpack_publicize_message":"","jetpack_publicize_feature_enabled":true,"jetpack_social_post_already_shared":true,"jetpack_social_options":{"image_generator_settings":{"template":"highway","default_image_id":0,"enabled":false},"version":2}},"categories":[8,1,2,7,3],"tags":[],"class_list":["post-28906","post","type-post","status-publish","format-image","has-post-thumbnail","hentry","category-deliberando","category-diario-armstrong","category-locales","category-politica","category-region","post_format-post-format-image"],"jetpack_publicize_connections":[],"jetpack_featured_media_url":"https:\/\/armstrongyregion.com.ar\/diario\/wp-content\/uploads\/2021\/02\/patentejpg.jpg","jetpack_shortlink":"https:\/\/wp.me\/p62QDO-7we","jetpack_sharing_enabled":true,"amp_enabled":true,"_links":{"self":[{"href":"https:\/\/armstrongyregion.com.ar\/diario\/wp-json\/wp\/v2\/posts\/28906","targetHints":{"allow":["GET"]}}],"collection":[{"href":"https:\/\/armstrongyregion.com.ar\/diario\/wp-json\/wp\/v2\/posts"}],"about":[{"href":"https:\/\/armstrongyregion.com.ar\/diario\/wp-json\/wp\/v2\/types\/post"}],"author":[{"embeddable":true,"href":"https:\/\/armstrongyregion.com.ar\/diario\/wp-json\/wp\/v2\/users\/1"}],"replies":[{"embeddable":true,"href":"https:\/\/armstrongyregion.com.ar\/diario\/wp-json\/wp\/v2\/comments?post=28906"}],"version-history":[{"count":1,"href":"https:\/\/armstrongyregion.com.ar\/diario\/wp-json\/wp\/v2\/posts\/28906\/revisions"}],"predecessor-version":[{"id":28908,"href":"https:\/\/armstrongyregion.com.ar\/diario\/wp-json\/wp\/v2\/posts\/28906\/revisions\/28908"}],"wp:featuredmedia":[{"embeddable":true,"href":"https:\/\/armstrongyregion.com.ar\/diario\/wp-json\/wp\/v2\/media\/28907"}],"wp:attachment":[{"href":"https:\/\/armstrongyregion.com.ar\/diario\/wp-json\/wp\/v2\/media?parent=28906"}],"wp:term":[{"taxonomy":"category","embeddable":true,"href":"https:\/\/armstrongyregion.com.ar\/diario\/wp-json\/wp\/v2\/categories?post=28906"},{"taxonomy":"post_tag","embeddable":true,"href":"https:\/\/armstrongyregion.com.ar\/diario\/wp-json\/wp\/v2\/tags?post=28906"}],"curies":[{"name":"wp","href":"https:\/\/api.w.org\/{rel}","templated":true}]}}