{"id":28899,"date":"2021-02-11T16:45:08","date_gmt":"2021-02-11T16:45:08","guid":{"rendered":"https:\/\/armstrongyregion.com.ar\/diario\/?p=28899"},"modified":"2021-02-11T16:45:12","modified_gmt":"2021-02-11T16:45:12","slug":"futbol-de-ligas-en-santa-fe-confirman-regreso-del-publico-con-un-maximo-de-100-personas","status":"publish","type":"post","link":"https:\/\/armstrongyregion.com.ar\/diario\/futbol-de-ligas-en-santa-fe-confirman-regreso-del-publico-con-un-maximo-de-100-personas\/","title":{"rendered":"Futbol de Ligas en Santa Fe: confirman regreso del p\u00fablico con un m\u00e1ximo de 100 personas."},"content":{"rendered":"\n<figure class=\"wp-block-image size-large\"><img loading=\"lazy\" decoding=\"async\" width=\"800\" height=\"562\" src=\"http:\/\/armstrongyregion.com.ar\/diario\/wp-content\/uploads\/2021\/02\/liga-futbol-.jpeg\" alt=\"\" class=\"wp-image-28900\" srcset=\"https:\/\/armstrongyregion.com.ar\/diario\/wp-content\/uploads\/2021\/02\/liga-futbol-.jpeg 800w, https:\/\/armstrongyregion.com.ar\/diario\/wp-content\/uploads\/2021\/02\/liga-futbol--300x211.jpeg 300w, https:\/\/armstrongyregion.com.ar\/diario\/wp-content\/uploads\/2021\/02\/liga-futbol--768x540.jpeg 768w\" sizes=\"auto, (max-width: 800px) 100vw, 800px\" \/><\/figure>\n\n\n\n<h2 class=\"wp-block-heading\"> La decisi\u00f3n sali\u00f3 de una reuni\u00f3n que tuvieron dirigentes de la Federaci\u00f3n Santafesina con miembros de la Secretar\u00eda de Deportes. <\/h2>\n\n\n\n<p>En el acto inaugural del programa provincial \u00abIncluir\u00bb -aportes para el fortalecimiento de entidades deportivas-, el gobernador Omar Perotti mencion\u00f3 el regreso de los hinchas a las canchas de la provincia:&nbsp;<em>\u201cHoy la autorizaci\u00f3n que tenemos va a llegar hasta 100 personas y se va a implementar a partir del fin de semana\u00bb,<\/em>&nbsp;dijo.<\/p>\n\n\n\n<p>Adem\u00e1s Perotti adelant\u00f3 que la idea es elevar ese n\u00famero a 200 espectadores, aunque por el momento se manejar\u00e1n con las personas habilitadas por el gobierno nacional.&nbsp;<em>\u00abEntendemos que en algunos espect\u00e1culos y alguna infraestructura se puede ampliar a 200. Por ahora nos vamos a manejar con los 100, los protocolos est\u00e1n presentados y autorizados en salud\u00bb,<\/em>&nbsp;afirm\u00f3.<\/p>\n\n\n\n<p>Por su parte, la Secretaria de Deportes, Claudia Giaccone, se\u00f1al\u00f3:&nbsp;<em>\u201cNosotros pensamos en los cientos de miles de deportistas que tenemos en las ligas amateurs. El impacto quiz\u00e1s pocos lo tengan presente, pero empez\u00e1s a poner en marcha una rueda que involucra toda una econom\u00eda\u201d.<\/em><\/p>\n\n\n\n<p>Respecto al futbol de AFA, la funcionar\u00eda expres\u00f3:&nbsp;<em>\u201cEl f\u00fatbol profesional est\u00e1 sobre el tapete\u201d.<\/em>&nbsp;Pero reconoci\u00f3 que el pedido de la AFA de un 33 por ciento de p\u00fablico en los estadios,&nbsp;<em>\u201cimplica mucha gente\u201d,&nbsp;<\/em>y&nbsp;requerir\u00e1 de una evaluaci\u00f3n muy fina. Este primer paso con el deporte amateur, manifest\u00f3, ser\u00e1 la oportunidad de \u201c<em>observar las conductas\u201d.<\/em><\/p>\n\n\n\n<p>La mayor\u00eda de las ligas de la provincia proyectan arrancar sus torneos para fines de febrero y principio o mediados de marzo, todas ellas con protocolos exigentes y que deber\u00e1n cumplirse para no dar un paso atr\u00e1s y volver a cero con las medidas.<\/p>\n","protected":false},"excerpt":{"rendered":"<p>La decisi\u00f3n sali\u00f3 de una reuni\u00f3n que tuvieron dirigentes de la Federaci\u00f3n Santafesina con miembros de la Secretar\u00eda de Deportes. En el acto inaugural del programa provincial \u00abIncluir\u00bb -aportes para el fortalecimiento de entidades deportivas-, el gobernador Omar Perotti mencion\u00f3 el regreso de los hinchas a las canchas de la provincia:&nbsp;\u201cHoy la autorizaci\u00f3n que tenemos <a href=\"https:\/\/armstrongyregion.com.ar\/diario\/futbol-de-ligas-en-santa-fe-confirman-regreso-del-publico-con-un-maximo-de-100-personas\/\" title=\"Read more\" >&#8230;<\/a><\/p>\n","protected":false},"author":1,"featured_media":28900,"comment_status":"open","ping_status":"open","sticky":false,"template":"","format":"image","meta":{"_jetpack_memberships_contains_paid_content":false,"footnotes":"","jetpack_publicize_message":"","jetpack_publicize_feature_enabled":true,"jetpack_social_post_already_shared":true,"jetpack_social_options":{"image_generator_settings":{"template":"highway","default_image_id":0,"enabled":false},"version":2}},"categories":[8,5,1,2,3],"tags":[],"class_list":["post-28899","post","type-post","status-publish","format-image","has-post-thumbnail","hentry","category-deliberando","category-deportes","category-diario-armstrong","category-locales","category-region","post_format-post-format-image"],"jetpack_publicize_connections":[],"jetpack_featured_media_url":"https:\/\/armstrongyregion.com.ar\/diario\/wp-content\/uploads\/2021\/02\/liga-futbol-.jpeg","jetpack_shortlink":"https:\/\/wp.me\/p62QDO-7w7","jetpack_sharing_enabled":true,"amp_enabled":true,"_links":{"self":[{"href":"https:\/\/armstrongyregion.com.ar\/diario\/wp-json\/wp\/v2\/posts\/28899","targetHints":{"allow":["GET"]}}],"collection":[{"href":"https:\/\/armstrongyregion.com.ar\/diario\/wp-json\/wp\/v2\/posts"}],"about":[{"href":"https:\/\/armstrongyregion.com.ar\/diario\/wp-json\/wp\/v2\/types\/post"}],"author":[{"embeddable":true,"href":"https:\/\/armstrongyregion.com.ar\/diario\/wp-json\/wp\/v2\/users\/1"}],"replies":[{"embeddable":true,"href":"https:\/\/armstrongyregion.com.ar\/diario\/wp-json\/wp\/v2\/comments?post=28899"}],"version-history":[{"count":1,"href":"https:\/\/armstrongyregion.com.ar\/diario\/wp-json\/wp\/v2\/posts\/28899\/revisions"}],"predecessor-version":[{"id":28901,"href":"https:\/\/armstrongyregion.com.ar\/diario\/wp-json\/wp\/v2\/posts\/28899\/revisions\/28901"}],"wp:featuredmedia":[{"embeddable":true,"href":"https:\/\/armstrongyregion.com.ar\/diario\/wp-json\/wp\/v2\/media\/28900"}],"wp:attachment":[{"href":"https:\/\/armstrongyregion.com.ar\/diario\/wp-json\/wp\/v2\/media?parent=28899"}],"wp:term":[{"taxonomy":"category","embeddable":true,"href":"https:\/\/armstrongyregion.com.ar\/diario\/wp-json\/wp\/v2\/categories?post=28899"},{"taxonomy":"post_tag","embeddable":true,"href":"https:\/\/armstrongyregion.com.ar\/diario\/wp-json\/wp\/v2\/tags?post=28899"}],"curies":[{"name":"wp","href":"https:\/\/api.w.org\/{rel}","templated":true}]}}