{"id":28861,"date":"2021-02-09T17:34:12","date_gmt":"2021-02-09T17:34:12","guid":{"rendered":"https:\/\/armstrongyregion.com.ar\/diario\/?p=28861"},"modified":"2021-02-09T20:17:57","modified_gmt":"2021-02-09T20:17:57","slug":"daniela-perez-tenemos-que-replantearnos-a-futuro-nuevas-medidas-de-control-sobre-este-tipo-de-fiestas-porque-lo-que-hay-vigente-no-es-suficiente","status":"publish","type":"post","link":"https:\/\/armstrongyregion.com.ar\/diario\/daniela-perez-tenemos-que-replantearnos-a-futuro-nuevas-medidas-de-control-sobre-este-tipo-de-fiestas-porque-lo-que-hay-vigente-no-es-suficiente\/","title":{"rendered":"Daniela P\u00e9rez. \u00abTenemos que replantearnos a futuro nuevas medidas de control sobre este tipo de fiestas, porque lo que hay vigente no es suficiente\u00bb."},"content":{"rendered":"\n<figure class=\"wp-block-image size-large\"><img loading=\"lazy\" decoding=\"async\" width=\"480\" height=\"396\" src=\"http:\/\/armstrongyregion.com.ar\/diario\/wp-content\/uploads\/2021\/02\/Dani-electronica-1-.jpg\" alt=\"\" class=\"wp-image-28862\" srcset=\"https:\/\/armstrongyregion.com.ar\/diario\/wp-content\/uploads\/2021\/02\/Dani-electronica-1-.jpg 480w, https:\/\/armstrongyregion.com.ar\/diario\/wp-content\/uploads\/2021\/02\/Dani-electronica-1--300x248.jpg 300w\" sizes=\"auto, (max-width: 480px) 100vw, 480px\" \/><\/figure>\n\n\n\n<p>En la ma\u00f1ana de hoy, la Secretaria de Gobierno de la Municipalidad de Armstrong Srta. Daniela P\u00e9rez, en conferencia de prensa hablo sobre la habilitaci\u00f3n de la fiesta electr\u00f3nica realizada en La Fermina donde toc\u00f3 el conocido DJ Nick Warren, la cual dejo como saldo a una joven en  delicado estado de salud por sobredosis.<\/p>\n\n\n\n<figure class=\"wp-block-audio\"><audio controls src=\"http:\/\/armstrongyregion.com.ar\/diario\/wp-content\/uploads\/2021\/02\/Voz016online.mp3\"><\/audio><\/figure>\n\n\n\n<p>P\u00e9rez dio un puntapi\u00e9 inicial diciendo: \u201cEl relato comienza as\u00ed, hace un mes atr\u00e1s nosotros tuvimos la iniciativa de una empresa privada (La Fermina) administrada por Francis Marin, quien nos hace llegar una propuesta al municipio sobre una serie de eventos con artistas nacionales e internacionales la intenci\u00f3n era utilizar el m\u00e9todo burbujas con vallas y un escenario en un predio al aire libre.  <\/p>\n\n\n\n<figure class=\"wp-block-image size-large\"><img loading=\"lazy\" decoding=\"async\" width=\"540\" height=\"243\" src=\"http:\/\/armstrongyregion.com.ar\/diario\/wp-content\/uploads\/2021\/02\/dani-electronica-2-.jpg\" alt=\"\" class=\"wp-image-28863\" srcset=\"https:\/\/armstrongyregion.com.ar\/diario\/wp-content\/uploads\/2021\/02\/dani-electronica-2-.jpg 540w, https:\/\/armstrongyregion.com.ar\/diario\/wp-content\/uploads\/2021\/02\/dani-electronica-2--300x135.jpg 300w\" sizes=\"auto, (max-width: 540px) 100vw, 540px\" \/><\/figure>\n\n\n\n<p>El arma una grilla con artistas de renombre y estuvo la posibilidad de convocar a Warren quien estuvo tocando este fin de semana en la ciudad.<\/p>\n\n\n\n<figure class=\"wp-block-image size-large\"><img loading=\"lazy\" decoding=\"async\" width=\"540\" height=\"243\" src=\"http:\/\/armstrongyregion.com.ar\/diario\/wp-content\/uploads\/2021\/02\/dani-electronica-3-.jpg\" alt=\"\" class=\"wp-image-28864\" srcset=\"https:\/\/armstrongyregion.com.ar\/diario\/wp-content\/uploads\/2021\/02\/dani-electronica-3-.jpg 540w, https:\/\/armstrongyregion.com.ar\/diario\/wp-content\/uploads\/2021\/02\/dani-electronica-3--300x135.jpg 300w\" sizes=\"auto, (max-width: 540px) 100vw, 540px\" \/><\/figure>\n\n\n\n<p>Cuando nos trae la iniciativa y detectamos que era m\u00fasica electr\u00f3nica y un artista que no estamos habituados, activamos el protocolo de fiestas electr\u00f3nicas, (10 personas por cada burbuja, mayores de edad, nombres de los miembros de cada grupo, las personas deb\u00edan comprar entradas de manera digital). En este esquema empezamos a funcionar, cuando activamos las exigencias de los decretos provinciales que hay para fiestas electr\u00f3nicas nos exig\u00eda que nosotros notifiquemos a la polic\u00eda que es quien deber\u00eda informar a drogas peligrosas que es parte del protocolo de fiestas electr\u00f3nicas y despu\u00e9s hay otro tipo de exigencias, ejemplo, una carpa sanitaria dentro del predio donde tenga asistencia m\u00e9dica, tantos dispensers de agua, etc. Cumplido todo esto se emiti\u00f3 de parte del municipio la habilitaci\u00f3n\u201d.<\/p>\n\n\n\n<figure class=\"wp-block-image size-large\"><img loading=\"lazy\" decoding=\"async\" width=\"1080\" height=\"486\" src=\"https:\/\/i0.wp.com\/armstrongyregion.com.ar\/diario\/wp-content\/uploads\/2021\/02\/dani-electronica-4-.jpg?fit=800%2C360&amp;ssl=1\" alt=\"\" class=\"wp-image-28865\" srcset=\"https:\/\/armstrongyregion.com.ar\/diario\/wp-content\/uploads\/2021\/02\/dani-electronica-4-.jpg 1080w, https:\/\/armstrongyregion.com.ar\/diario\/wp-content\/uploads\/2021\/02\/dani-electronica-4--300x135.jpg 300w, https:\/\/armstrongyregion.com.ar\/diario\/wp-content\/uploads\/2021\/02\/dani-electronica-4--1024x461.jpg 1024w, https:\/\/armstrongyregion.com.ar\/diario\/wp-content\/uploads\/2021\/02\/dani-electronica-4--768x346.jpg 768w\" sizes=\"auto, (max-width: 1080px) 100vw, 1080px\" \/><\/figure>\n\n\n\n<p> La Secretaria de Gobierno a\u00f1adi\u00f3: \u201cA nivel provincial lo que tiene que ver  con tema covid nos manejamos con el decreto 1530 que habilita lo que son los shows en vivo, creemos que son los mismos que se est\u00e1n utilizando para hacer los recitales como en las localidades de Rosario y en Las Parejas (recital de Los Lirios) el fin de semana pasado. Y como ya se est\u00e1n anunciando otros en distintos puntos de la provincia. Basados en ese decreto nosotros nos contemplamos. Y firmamos la habilitaci\u00f3n\u201d.<\/p>\n\n\n\n<p><strong>Articulo 1ro del decreto 1530. que dice autorice en todo el territorio provincial a partir de las 0:00 del d\u00eda 1 de diciembre del 2020 en el marco de los dispuesto de la decisi\u00f3n administrativa 2045 de la Jefatura de Gabinete del Ministerio de Naci\u00f3n; La realizaci\u00f3n de eventos culturales recreativos realizados en actividades teatrales y m\u00fasica en vivo que implique concurrencia de personas tanto al aire libre como en teatros, centros culturales y otros tipos de lugares cerrados. <\/strong> <\/p>\n\n\n\n<p>P\u00e9rez remarc\u00f3: \u201cEso dice el decreto, el cual no especifica en ning\u00fan lugar en ning\u00fan articulo que tipo de m\u00fasica s\u00ed que tipo de m\u00fasica no. Entonces basados en este decreto hemos emitido la habilitaci\u00f3n pertinente\u201d.<\/p>\n\n\n\n<p>En dialogo con los periodistas alguien le pidi\u00f3 su opini\u00f3n con respecto a las declaraciones del funcionario del Ministerio de Seguridad Diego Llum\u00e1 quien expreso en medios nacionales que la \u201cHabilitaci\u00f3n era Trucha\u201d para 800 personas y encima hab\u00edan ingresado 1200.<\/p>\n\n\n\n<p>P\u00e9rez\nse excuso: \u201cTenemos nombres, apellidos, DNI, tel\u00e9fonos y mails de\nlos integrantes de cada burbuja. Hay una investigaci\u00f3n en curso por\nlos hechos que acontecieron ya que todos estos datos han sido\naportados por el privado tanto a la Justicia como al Municipio y la\ncantidad de personas no superaba las 850\u201d:<\/p>\n\n\n\n<p>Luego\nun periodista de FM consult\u00f3 si  el municipio no har\u00e1 un mea culpa\npor avalar dicho evento con consecuencia tr\u00e1gica para una joven:<\/p>\n\n\n\n<p>P\u00e9rez respondi\u00f3: \u201cYo creo que aquellos que tenemos un cargo publico a la hora de firmar una habilitaci\u00f3n  asumimos una responsabilidad enorme. No solamente en este tipo de eventos sino en cualquier otro puede haber inconvenientes. En esta ocasi\u00f3n esta joven ha tenido que atravesar una dif\u00edcil situaci\u00f3n y hoy se encuentra internada a consecuencia de lo que pudo haber llegado a ingerir.  Pero en este momento lo \u00fanico que nos importa es la mejora en el estado de salud de Lara y mas all\u00e1 de un mea culpa creemos que nosotros hab\u00edamos cumplido con todas las medidas preventivas que estaban a nuestro alcance, otros organismos pudieron haber fallado pero nosotros de parte del municipio hicimos todo lo posible para evitar que pueda haber un da\u00f1o mayor\u201d.<\/p>\n\n\n\n<p>Victor\nHugo Maolo consult\u00f3- Semejante responsabilidad que beneficio le trae\nal municipio?- \n<\/p>\n\n\n\n<p>Daniela P\u00e9rez acot\u00f3: \u201cNosotros nos planteamos desde aquel momento donde casi tuvimos dos v\u00edctimas fatales en una fiesta clandestina y desde nuestro lugar nos propusimos a combatir lo clandestino. Nosotros preferimos que un evento se desarrolle de forma ordenada y controlada. Como municipio y le pueden preguntar a cualquier inspector o a cualquier vecino, recibimos much\u00edsimas denuncias de encuentros en viviendas particulares donde se quedan los chicos hasta altas horas de la ma\u00f1ana escuchando m\u00fasica electr\u00f3nica y ser\u00eda muy hip\u00f3crita de mi parte decir que no sabemos que en algunas quintas privadas de otras ciudades se desarrolla este tipo de eventos\u201d. Luego a\u00f1adi\u00f3: \u201cSabemos que este era de una magnitud mayor de lo que se har\u00eda en una quinta quiz\u00e1s, pero quisimos hacerlo con las medidas y los controles necesarios\u2026 Hoy&#8230; estamos en una conferencia de prensa porque algo&#8230;no sali\u00f3 bien. Porque hay una mujer internada que esta luchando por su vida. Si esto no hubiese trascendido seria una mas de las habilitaciones que ya hemos emitido. Hacemos un mea culpa que si, evidentemente algo fallo. Pero no somos los \u00fanicos responsables\u201d.<\/p>\n\n\n\n<p>Tambi\u00e9n\ndijo: \u201cA los funcionarios de la provincia solo los he escuchado en\nlas declaraciones medi\u00e1ticas, nosotros lo \u00fanico que hemos tenido\nson notificaciones de parte de la fiscal\u00eda donde se nos ha pedido\ndocumentaci\u00f3n en base a como ha sido la habilitaci\u00f3n y alg\u00fan otro\ntipo de informaci\u00f3n. Hay una investigaci\u00f3n en curso lo cual vamos a\nesperar su resultado\u201d.<\/p>\n\n\n\n<p>Otra consulta realizada por un cronista fue:- A partir de este episodio se va a replantear la municipalidad sobre continuar realizando este tipo de eventos?<\/p>\n\n\n\n<p>&#8230;\u201dSeguramente\ny bajo el revuelo que todo esto causo tenemos que replantearnos a\nfuturo nuevas medidas de control sobre este tipo de fiestas porque lo\nque hay vigente desde la provincia no es suficiente\u201d.<\/p>\n","protected":false},"excerpt":{"rendered":"<p>En la ma\u00f1ana de hoy, la Secretaria de Gobierno de la Municipalidad de Armstrong Srta. Daniela P\u00e9rez, en conferencia de prensa hablo sobre la habilitaci\u00f3n de la fiesta electr\u00f3nica realizada en La Fermina donde toc\u00f3 el conocido DJ Nick Warren, la cual dejo como saldo a una joven en delicado estado de salud por sobredosis. <a href=\"https:\/\/armstrongyregion.com.ar\/diario\/daniela-perez-tenemos-que-replantearnos-a-futuro-nuevas-medidas-de-control-sobre-este-tipo-de-fiestas-porque-lo-que-hay-vigente-no-es-suficiente\/\" title=\"Read more\" >&#8230;<\/a><\/p>\n","protected":false},"author":1,"featured_media":28862,"comment_status":"open","ping_status":"open","sticky":false,"template":"","format":"image","meta":{"_jetpack_memberships_contains_paid_content":false,"footnotes":"","jetpack_publicize_message":"","jetpack_publicize_feature_enabled":true,"jetpack_social_post_already_shared":true,"jetpack_social_options":{"image_generator_settings":{"template":"highway","default_image_id":0,"enabled":false},"version":2}},"categories":[8,1,2,7,3],"tags":[],"class_list":["post-28861","post","type-post","status-publish","format-image","has-post-thumbnail","hentry","category-deliberando","category-diario-armstrong","category-locales","category-politica","category-region","post_format-post-format-image"],"jetpack_publicize_connections":[],"jetpack_featured_media_url":"https:\/\/armstrongyregion.com.ar\/diario\/wp-content\/uploads\/2021\/02\/Dani-electronica-1-.jpg","jetpack_shortlink":"https:\/\/wp.me\/p62QDO-7vv","jetpack_sharing_enabled":true,"amp_enabled":true,"_links":{"self":[{"href":"https:\/\/armstrongyregion.com.ar\/diario\/wp-json\/wp\/v2\/posts\/28861","targetHints":{"allow":["GET"]}}],"collection":[{"href":"https:\/\/armstrongyregion.com.ar\/diario\/wp-json\/wp\/v2\/posts"}],"about":[{"href":"https:\/\/armstrongyregion.com.ar\/diario\/wp-json\/wp\/v2\/types\/post"}],"author":[{"embeddable":true,"href":"https:\/\/armstrongyregion.com.ar\/diario\/wp-json\/wp\/v2\/users\/1"}],"replies":[{"embeddable":true,"href":"https:\/\/armstrongyregion.com.ar\/diario\/wp-json\/wp\/v2\/comments?post=28861"}],"version-history":[{"count":14,"href":"https:\/\/armstrongyregion.com.ar\/diario\/wp-json\/wp\/v2\/posts\/28861\/revisions"}],"predecessor-version":[{"id":28887,"href":"https:\/\/armstrongyregion.com.ar\/diario\/wp-json\/wp\/v2\/posts\/28861\/revisions\/28887"}],"wp:featuredmedia":[{"embeddable":true,"href":"https:\/\/armstrongyregion.com.ar\/diario\/wp-json\/wp\/v2\/media\/28862"}],"wp:attachment":[{"href":"https:\/\/armstrongyregion.com.ar\/diario\/wp-json\/wp\/v2\/media?parent=28861"}],"wp:term":[{"taxonomy":"category","embeddable":true,"href":"https:\/\/armstrongyregion.com.ar\/diario\/wp-json\/wp\/v2\/categories?post=28861"},{"taxonomy":"post_tag","embeddable":true,"href":"https:\/\/armstrongyregion.com.ar\/diario\/wp-json\/wp\/v2\/tags?post=28861"}],"curies":[{"name":"wp","href":"https:\/\/api.w.org\/{rel}","templated":true}]}}