{"id":2885,"date":"2015-07-02T15:43:05","date_gmt":"2015-07-02T15:43:05","guid":{"rendered":"https:\/\/armstrongyregion.com.ar\/diario\/?p=2885"},"modified":"2015-07-02T15:43:05","modified_gmt":"2015-07-02T15:43:05","slug":"sala-iris-marga-presentara-la-obra-pedrito-del-litoral","status":"publish","type":"post","link":"https:\/\/armstrongyregion.com.ar\/diario\/sala-iris-marga-presentara-la-obra-pedrito-del-litoral\/","title":{"rendered":"Sala Iris Marga presentar\u00e1 la obra \u00abPedrito del Litoral\u00bb."},"content":{"rendered":"<p><a href=\"http:\/\/armstrongyregion.com.ar\/diario\/wp-content\/uploads\/2015\/07\/11698677_669874656478641_4826901843801402824_n.jpg\"><img loading=\"lazy\" decoding=\"async\" class=\"alignnone size-medium wp-image-2886\" src=\"http:\/\/armstrongyregion.com.ar\/diario\/wp-content\/uploads\/2015\/07\/11698677_669874656478641_4826901843801402824_n-300x212.jpg\" alt=\"Sala Iris Marga\" width=\"300\" height=\"212\" srcset=\"https:\/\/armstrongyregion.com.ar\/diario\/wp-content\/uploads\/2015\/07\/11698677_669874656478641_4826901843801402824_n-300x212.jpg 300w, https:\/\/armstrongyregion.com.ar\/diario\/wp-content\/uploads\/2015\/07\/11698677_669874656478641_4826901843801402824_n.jpg 960w\" sizes=\"auto, (max-width: 300px) 100vw, 300px\" \/><\/a>La Sala Iris Marga de C.A.D. Norte invita a todos los chicos a la obra de teatro infantil \u00abPedrito del Litoral\u00bb, un p\u00edcaro personaje que se burla de los due\u00f1os y se\u00f1ores de las tierras litorale\u00f1as.<br \/>\nLa obra llega a nuestra ciudad de la mano de Quico Saggini, director al que el p\u00fablico armstronense tuvo la oportunidad de conocer en la presentaci\u00f3n de \u00abRelojero\u00bb.<\/p>\n<p>Las entradas pueden adquirirse en la secretar\u00eda de Club Norte, o en boleter\u00eda antes de la funci\u00f3n, que tendr\u00e1 lugar el domingo 5 de julio a las 17:00 hs.<\/p>\n","protected":false},"excerpt":{"rendered":"<p>La Sala Iris Marga de C.A.D. Norte invita a todos los chicos a la obra de teatro infantil \u00abPedrito del Litoral\u00bb, un p\u00edcaro personaje que se burla de los due\u00f1os y se\u00f1ores de las tierras litorale\u00f1as. La obra llega a nuestra ciudad de la mano de Quico Saggini, director al que el p\u00fablico armstronense tuvo <a href=\"https:\/\/armstrongyregion.com.ar\/diario\/sala-iris-marga-presentara-la-obra-pedrito-del-litoral\/\" title=\"Read more\" >&#8230;<\/a><\/p>\n","protected":false},"author":2,"featured_media":2886,"comment_status":"open","ping_status":"open","sticky":false,"template":"","format":"standard","meta":{"_jetpack_memberships_contains_paid_content":false,"footnotes":"","jetpack_publicize_message":"","jetpack_publicize_feature_enabled":true,"jetpack_social_post_already_shared":false,"jetpack_social_options":{"image_generator_settings":{"template":"highway","default_image_id":0,"enabled":false},"version":2}},"categories":[6,1,2],"tags":[53,1173,31,2155,1174,635,2154,360,773],"class_list":["post-2885","post","type-post","status-publish","format-standard","has-post-thumbnail","hentry","category-cultura-entretenimiento","category-diario-armstrong","category-locales","tag-del","tag-iris","tag-la","tag-litoral","tag-marga","tag-obra","tag-pedrito","tag-presentara","tag-sala"],"jetpack_publicize_connections":[],"jetpack_featured_media_url":"https:\/\/armstrongyregion.com.ar\/diario\/wp-content\/uploads\/2015\/07\/11698677_669874656478641_4826901843801402824_n.jpg","jetpack_shortlink":"https:\/\/wp.me\/p62QDO-Kx","jetpack_sharing_enabled":true,"amp_enabled":true,"_links":{"self":[{"href":"https:\/\/armstrongyregion.com.ar\/diario\/wp-json\/wp\/v2\/posts\/2885","targetHints":{"allow":["GET"]}}],"collection":[{"href":"https:\/\/armstrongyregion.com.ar\/diario\/wp-json\/wp\/v2\/posts"}],"about":[{"href":"https:\/\/armstrongyregion.com.ar\/diario\/wp-json\/wp\/v2\/types\/post"}],"author":[{"embeddable":true,"href":"https:\/\/armstrongyregion.com.ar\/diario\/wp-json\/wp\/v2\/users\/2"}],"replies":[{"embeddable":true,"href":"https:\/\/armstrongyregion.com.ar\/diario\/wp-json\/wp\/v2\/comments?post=2885"}],"version-history":[{"count":0,"href":"https:\/\/armstrongyregion.com.ar\/diario\/wp-json\/wp\/v2\/posts\/2885\/revisions"}],"wp:featuredmedia":[{"embeddable":true,"href":"https:\/\/armstrongyregion.com.ar\/diario\/wp-json\/wp\/v2\/media\/2886"}],"wp:attachment":[{"href":"https:\/\/armstrongyregion.com.ar\/diario\/wp-json\/wp\/v2\/media?parent=2885"}],"wp:term":[{"taxonomy":"category","embeddable":true,"href":"https:\/\/armstrongyregion.com.ar\/diario\/wp-json\/wp\/v2\/categories?post=2885"},{"taxonomy":"post_tag","embeddable":true,"href":"https:\/\/armstrongyregion.com.ar\/diario\/wp-json\/wp\/v2\/tags?post=2885"}],"curies":[{"name":"wp","href":"https:\/\/api.w.org\/{rel}","templated":true}]}}