{"id":28845,"date":"2021-02-08T13:11:36","date_gmt":"2021-02-08T13:11:36","guid":{"rendered":"https:\/\/armstrongyregion.com.ar\/diario\/?p=28845"},"modified":"2021-02-08T13:11:39","modified_gmt":"2021-02-08T13:11:39","slug":"vuelta-a-clases-con-fecha-fijada-la-unr-planteo-el-protocolo-para-el-regreso-a-las-aulas","status":"publish","type":"post","link":"https:\/\/armstrongyregion.com.ar\/diario\/vuelta-a-clases-con-fecha-fijada-la-unr-planteo-el-protocolo-para-el-regreso-a-las-aulas\/","title":{"rendered":"Vuelta a clases: con fecha fijada, la UNR plante\u00f3 el protocolo para el regreso a las aulas."},"content":{"rendered":"\n<figure class=\"wp-block-image size-large\"><img loading=\"lazy\" decoding=\"async\" width=\"850\" height=\"480\" src=\"http:\/\/armstrongyregion.com.ar\/diario\/wp-content\/uploads\/2021\/02\/a4cfb_x_Fumigaci\u00f3n-Siberia.JPG.jpg\" alt=\"\" class=\"wp-image-28846\" srcset=\"https:\/\/armstrongyregion.com.ar\/diario\/wp-content\/uploads\/2021\/02\/a4cfb_x_Fumigaci\u00f3n-Siberia.JPG.jpg 850w, https:\/\/armstrongyregion.com.ar\/diario\/wp-content\/uploads\/2021\/02\/a4cfb_x_Fumigaci\u00f3n-Siberia.JPG-300x169.jpg 300w, https:\/\/armstrongyregion.com.ar\/diario\/wp-content\/uploads\/2021\/02\/a4cfb_x_Fumigaci\u00f3n-Siberia.JPG-768x434.jpg 768w\" sizes=\"auto, (max-width: 850px) 100vw, 850px\" \/><\/figure>\n\n\n\n<h2 class=\"wp-block-heading\"> El rector Franco Bartolacci garantiz\u00f3 que la\u00a0idea principal es combinar\u00a0actividades presenciales y virtuales.<\/h2>\n\n\n\n<p> La\u00a0<strong>Universidad Nacional de Rosario (UNR)\u00a0<\/strong>se prepara para el retorno a clases en las aulas. La idea principal es\u00a0<strong>combinar\u00a0actividades presenciales y virtuales<\/strong>, tanto en las facultades como en las escuelas preuniversitarias. <\/p>\n\n\n\n<p>\u00abEstamos trabajando en un regreso cuidado a las actividades, recuperamos&nbsp;<strong>instancias de presencialidad aplicando protocolos<\/strong>&nbsp;que garanticen las condiciones de trabajo y estudio a nuestra comunidad\u201d indic\u00f3 el<strong>&nbsp;rector Franco Bartolacci.<\/strong><br><br>Adem\u00e1s, inform\u00f3 que la UNR, junto a las universidades de la provincia&nbsp;accedieron a la autorizaci\u00f3n del Gobierno de Santa Fe para&nbsp;<strong>incrementar actividades presenciales de forma gradual<\/strong>, priorizando la salud de la comunidad y respetando los protocolos de bioseguridad.&nbsp;<\/p>\n\n\n\n<figure><iframe allowfullscreen=\"true\" class=\"\" src=\"https:\/\/platform.twitter.com\/embed\/index.html?creatorScreenName=rosariotres&amp;dnt=false&amp;embedId=twitter-widget-0&amp;frame=false&amp;hideCard=false&amp;hideThread=false&amp;id=1358072708190392326&amp;lang=es&amp;origin=https%3A%2F%2Fwww.rosario3.com%2Finformaciongeneral%2FVuelta-a-clases-con-fecha-fijada-la-UNR-planteo-el-protocolo-para-el-regreso-a-las-aulas-20210207-0025.html&amp;siteScreenName=rosariotres&amp;theme=light&amp;widgetsVersion=ed20a2b%3A1601588405575&amp;width=550px\"><\/iframe><\/figure>\n","protected":false},"excerpt":{"rendered":"<p>El rector Franco Bartolacci garantiz\u00f3 que la\u00a0idea principal es combinar\u00a0actividades presenciales y virtuales. La\u00a0Universidad Nacional de Rosario (UNR)\u00a0se prepara para el retorno a clases en las aulas. La idea principal es\u00a0combinar\u00a0actividades presenciales y virtuales, tanto en las facultades como en las escuelas preuniversitarias. \u00abEstamos trabajando en un regreso cuidado a las actividades, recuperamos&nbsp;instancias de presencialidad <a href=\"https:\/\/armstrongyregion.com.ar\/diario\/vuelta-a-clases-con-fecha-fijada-la-unr-planteo-el-protocolo-para-el-regreso-a-las-aulas\/\" title=\"Read more\" >&#8230;<\/a><\/p>\n","protected":false},"author":1,"featured_media":28846,"comment_status":"open","ping_status":"open","sticky":false,"template":"","format":"image","meta":{"_jetpack_memberships_contains_paid_content":false,"footnotes":"","jetpack_publicize_message":"","jetpack_publicize_feature_enabled":true,"jetpack_social_post_already_shared":true,"jetpack_social_options":{"image_generator_settings":{"template":"highway","default_image_id":0,"enabled":false},"version":2}},"categories":[6,8,1,2,7,3],"tags":[],"class_list":["post-28845","post","type-post","status-publish","format-image","has-post-thumbnail","hentry","category-cultura-entretenimiento","category-deliberando","category-diario-armstrong","category-locales","category-politica","category-region","post_format-post-format-image"],"jetpack_publicize_connections":[],"jetpack_featured_media_url":"https:\/\/armstrongyregion.com.ar\/diario\/wp-content\/uploads\/2021\/02\/a4cfb_x_Fumigaci\u00f3n-Siberia.JPG.jpg","jetpack_shortlink":"https:\/\/wp.me\/p62QDO-7vf","jetpack_sharing_enabled":true,"amp_enabled":true,"_links":{"self":[{"href":"https:\/\/armstrongyregion.com.ar\/diario\/wp-json\/wp\/v2\/posts\/28845","targetHints":{"allow":["GET"]}}],"collection":[{"href":"https:\/\/armstrongyregion.com.ar\/diario\/wp-json\/wp\/v2\/posts"}],"about":[{"href":"https:\/\/armstrongyregion.com.ar\/diario\/wp-json\/wp\/v2\/types\/post"}],"author":[{"embeddable":true,"href":"https:\/\/armstrongyregion.com.ar\/diario\/wp-json\/wp\/v2\/users\/1"}],"replies":[{"embeddable":true,"href":"https:\/\/armstrongyregion.com.ar\/diario\/wp-json\/wp\/v2\/comments?post=28845"}],"version-history":[{"count":1,"href":"https:\/\/armstrongyregion.com.ar\/diario\/wp-json\/wp\/v2\/posts\/28845\/revisions"}],"predecessor-version":[{"id":28847,"href":"https:\/\/armstrongyregion.com.ar\/diario\/wp-json\/wp\/v2\/posts\/28845\/revisions\/28847"}],"wp:featuredmedia":[{"embeddable":true,"href":"https:\/\/armstrongyregion.com.ar\/diario\/wp-json\/wp\/v2\/media\/28846"}],"wp:attachment":[{"href":"https:\/\/armstrongyregion.com.ar\/diario\/wp-json\/wp\/v2\/media?parent=28845"}],"wp:term":[{"taxonomy":"category","embeddable":true,"href":"https:\/\/armstrongyregion.com.ar\/diario\/wp-json\/wp\/v2\/categories?post=28845"},{"taxonomy":"post_tag","embeddable":true,"href":"https:\/\/armstrongyregion.com.ar\/diario\/wp-json\/wp\/v2\/tags?post=28845"}],"curies":[{"name":"wp","href":"https:\/\/api.w.org\/{rel}","templated":true}]}}