{"id":28830,"date":"2021-02-05T14:20:21","date_gmt":"2021-02-05T14:20:21","guid":{"rendered":"https:\/\/armstrongyregion.com.ar\/diario\/?p=28830"},"modified":"2021-02-05T14:20:25","modified_gmt":"2021-02-05T14:20:25","slug":"cornaglia-pidio-que-las-autoridades-municipales-y-comunales-puedan-flexibilizar-paulatinamente-las-restricciones","status":"publish","type":"post","link":"https:\/\/armstrongyregion.com.ar\/diario\/cornaglia-pidio-que-las-autoridades-municipales-y-comunales-puedan-flexibilizar-paulatinamente-las-restricciones\/","title":{"rendered":"Cornaglia pidi\u00f3 que las autoridades municipales y comunales puedan flexibilizar paulatinamente las restricciones."},"content":{"rendered":"\n<figure class=\"wp-block-image size-large\"><img loading=\"lazy\" decoding=\"async\" width=\"480\" height=\"252\" src=\"http:\/\/armstrongyregion.com.ar\/diario\/wp-content\/uploads\/2021\/02\/GC-2021-02-04-Fb-Cornaglia.jpg\" alt=\"\" class=\"wp-image-28831\" srcset=\"https:\/\/armstrongyregion.com.ar\/diario\/wp-content\/uploads\/2021\/02\/GC-2021-02-04-Fb-Cornaglia.jpg 480w, https:\/\/armstrongyregion.com.ar\/diario\/wp-content\/uploads\/2021\/02\/GC-2021-02-04-Fb-Cornaglia-300x158.jpg 300w\" sizes=\"auto, (max-width: 480px) 100vw, 480px\" \/><\/figure>\n\n\n\n<h2 class=\"wp-block-heading\"><strong>El legislador por el departamento Belgrano present\u00f3 un proyecto de Comunicaci\u00f3n luego de reunirse con padres organizados por el regreso de las clases presenciales y de recibir diferentes inquietudes de los comercios locales.<\/strong><\/h2>\n\n\n\n<p>El senador provincial Guillermo Cornaglia solicit\u00f3 al Gobierno de Santa Fe que proceda a delegar en las autoridades municipales y comunales la flexibilizaci\u00f3n paulatina de las restricciones dispuestas.&nbsp;<strong>El objetivo es que cada intendente o presidente comunal pueda habilitar y restringir actividades considerando la realidad social y epidemiol\u00f3gica de su localidad.<\/strong><\/p>\n\n\n\n<p>\u201cLas restricciones extremas no tienen ninguna raz\u00f3n de ser en virtud de la actual situaci\u00f3n epidemiol\u00f3gica de las comunidades donde existen muy pocos casos activos de COVID-19 y muy pocos aislados, y donde los pocos casos existentes, en su mayor\u00eda, est\u00e1n relacionados con personas que realizaron viajes a centros tur\u00edsticos y que est\u00e1n siendo monitoreados a su regreso\u201d, consider\u00f3.<br><\/p>\n\n\n\n<p>Cornaglia manifest\u00f3 que mantener la restricci\u00f3n actual sin apoyo en un criterio epidemiol\u00f3gico real genera un enorme da\u00f1o, ya sea por el hast\u00edo de la gente con las medidas de control, por la afectaci\u00f3n econ\u00f3mica de los comercios o por la organizaci\u00f3n de eventos clandestinos al no existir lugares donde los j\u00f3venes puedan reunirse con protocolos.<\/p>\n","protected":false},"excerpt":{"rendered":"<p>El legislador por el departamento Belgrano present\u00f3 un proyecto de Comunicaci\u00f3n luego de reunirse con padres organizados por el regreso de las clases presenciales y de recibir diferentes inquietudes de los comercios locales. El senador provincial Guillermo Cornaglia solicit\u00f3 al Gobierno de Santa Fe que proceda a delegar en las autoridades municipales y comunales la <a href=\"https:\/\/armstrongyregion.com.ar\/diario\/cornaglia-pidio-que-las-autoridades-municipales-y-comunales-puedan-flexibilizar-paulatinamente-las-restricciones\/\" title=\"Read more\" >&#8230;<\/a><\/p>\n","protected":false},"author":1,"featured_media":28831,"comment_status":"open","ping_status":"open","sticky":false,"template":"","format":"image","meta":{"_jetpack_memberships_contains_paid_content":false,"footnotes":"","jetpack_publicize_message":"","jetpack_publicize_feature_enabled":true,"jetpack_social_post_already_shared":true,"jetpack_social_options":{"image_generator_settings":{"template":"highway","default_image_id":0,"enabled":false},"version":2}},"categories":[8,1,2,7,3],"tags":[],"class_list":["post-28830","post","type-post","status-publish","format-image","has-post-thumbnail","hentry","category-deliberando","category-diario-armstrong","category-locales","category-politica","category-region","post_format-post-format-image"],"jetpack_publicize_connections":[],"jetpack_featured_media_url":"https:\/\/armstrongyregion.com.ar\/diario\/wp-content\/uploads\/2021\/02\/GC-2021-02-04-Fb-Cornaglia.jpg","jetpack_shortlink":"https:\/\/wp.me\/p62QDO-7v0","jetpack_sharing_enabled":true,"amp_enabled":true,"_links":{"self":[{"href":"https:\/\/armstrongyregion.com.ar\/diario\/wp-json\/wp\/v2\/posts\/28830","targetHints":{"allow":["GET"]}}],"collection":[{"href":"https:\/\/armstrongyregion.com.ar\/diario\/wp-json\/wp\/v2\/posts"}],"about":[{"href":"https:\/\/armstrongyregion.com.ar\/diario\/wp-json\/wp\/v2\/types\/post"}],"author":[{"embeddable":true,"href":"https:\/\/armstrongyregion.com.ar\/diario\/wp-json\/wp\/v2\/users\/1"}],"replies":[{"embeddable":true,"href":"https:\/\/armstrongyregion.com.ar\/diario\/wp-json\/wp\/v2\/comments?post=28830"}],"version-history":[{"count":1,"href":"https:\/\/armstrongyregion.com.ar\/diario\/wp-json\/wp\/v2\/posts\/28830\/revisions"}],"predecessor-version":[{"id":28832,"href":"https:\/\/armstrongyregion.com.ar\/diario\/wp-json\/wp\/v2\/posts\/28830\/revisions\/28832"}],"wp:featuredmedia":[{"embeddable":true,"href":"https:\/\/armstrongyregion.com.ar\/diario\/wp-json\/wp\/v2\/media\/28831"}],"wp:attachment":[{"href":"https:\/\/armstrongyregion.com.ar\/diario\/wp-json\/wp\/v2\/media?parent=28830"}],"wp:term":[{"taxonomy":"category","embeddable":true,"href":"https:\/\/armstrongyregion.com.ar\/diario\/wp-json\/wp\/v2\/categories?post=28830"},{"taxonomy":"post_tag","embeddable":true,"href":"https:\/\/armstrongyregion.com.ar\/diario\/wp-json\/wp\/v2\/tags?post=28830"}],"curies":[{"name":"wp","href":"https:\/\/api.w.org\/{rel}","templated":true}]}}