{"id":2882,"date":"2015-07-02T15:33:14","date_gmt":"2015-07-02T15:33:14","guid":{"rendered":"https:\/\/armstrongyregion.com.ar\/diario\/?p=2882"},"modified":"2015-07-02T15:33:14","modified_gmt":"2015-07-02T15:33:14","slug":"martin-jaime-asumio-como-nuevo-presidente-de-rotary","status":"publish","type":"post","link":"https:\/\/armstrongyregion.com.ar\/diario\/martin-jaime-asumio-como-nuevo-presidente-de-rotary\/","title":{"rendered":"Mart\u00edn Jaime asumi\u00f3 como nuevo presidente de Rotary."},"content":{"rendered":"<p><a href=\"http:\/\/armstrongyregion.com.ar\/diario\/wp-content\/uploads\/2015\/07\/DSC_0641.jpg\"><img loading=\"lazy\" decoding=\"async\" class=\"alignnone size-medium wp-image-2883\" src=\"http:\/\/armstrongyregion.com.ar\/diario\/wp-content\/uploads\/2015\/07\/DSC_0641-300x200.jpg\" alt=\"Mart\u00edn Jaime Pte. Rotary\" width=\"300\" height=\"200\" srcset=\"https:\/\/armstrongyregion.com.ar\/diario\/wp-content\/uploads\/2015\/07\/DSC_0641-300x200.jpg 300w, https:\/\/armstrongyregion.com.ar\/diario\/wp-content\/uploads\/2015\/07\/DSC_0641-1024x682.jpg 1024w\" sizes=\"auto, (max-width: 300px) 100vw, 300px\" \/><\/a>En la noche del mi\u00e9rcoles 1\u00b0 de julio, en un c\u00e1lido acto, realizado en el Club Norte, donde participaron autoridades, destacando la presencia de Pedro Zanini, Gobernador de Distrito de Rotary.<\/p>\n<p>Patricia Taberna, en dialogo con nuestro medio nos dec\u00eda, \u201cEs un orgullo para m\u00ed en lo personal, haber contado con el apoyo de este grupo tan lindo de personas. Fue un a\u00f1o de intenso trabajo y muchos proyectos concretados\u201d.<\/p>\n<p>Mart\u00edn Jaime, flamante presidente, nos dec\u00eda, \u201cEstoy muy emocionado, hace muchos a\u00f1os desde Rotarac, que pertenezco a la instituci\u00f3n, y es por eso que impulsaremos la participaci\u00f3n de los j\u00f3venes en todos los aspectos a llevar adelante. Anhelamos tener nuestra casa propia y pretendemos cada mes desarrollar tres o cuatro proyectos que sean beneficiosos para la comunidad\u201d.<\/p>\n","protected":false},"excerpt":{"rendered":"<p>En la noche del mi\u00e9rcoles 1\u00b0 de julio, en un c\u00e1lido acto, realizado en el Club Norte, donde participaron autoridades, destacando la presencia de Pedro Zanini, Gobernador de Distrito de Rotary. Patricia Taberna, en dialogo con nuestro medio nos dec\u00eda, \u201cEs un orgullo para m\u00ed en lo personal, haber contado con el apoyo de este <a href=\"https:\/\/armstrongyregion.com.ar\/diario\/martin-jaime-asumio-como-nuevo-presidente-de-rotary\/\" title=\"Read more\" >&#8230;<\/a><\/p>\n","protected":false},"author":2,"featured_media":2883,"comment_status":"open","ping_status":"open","sticky":false,"template":"","format":"standard","meta":{"_jetpack_memberships_contains_paid_content":false,"footnotes":"","jetpack_publicize_message":"","jetpack_publicize_feature_enabled":true,"jetpack_social_post_already_shared":false,"jetpack_social_options":{"image_generator_settings":{"template":"highway","default_image_id":0,"enabled":false},"version":2}},"categories":[1,2],"tags":[50,572,19,2153,285,51,1750,398],"class_list":["post-2882","post","type-post","status-publish","format-standard","has-post-thumbnail","hentry","category-diario-armstrong","category-locales","tag-asumio","tag-como","tag-de","tag-jaime","tag-martin","tag-nuevo","tag-presidente","tag-rotary"],"jetpack_publicize_connections":[],"jetpack_featured_media_url":"https:\/\/armstrongyregion.com.ar\/diario\/wp-content\/uploads\/2015\/07\/DSC_0641.jpg","jetpack_shortlink":"https:\/\/wp.me\/p62QDO-Ku","jetpack_sharing_enabled":true,"amp_enabled":true,"_links":{"self":[{"href":"https:\/\/armstrongyregion.com.ar\/diario\/wp-json\/wp\/v2\/posts\/2882","targetHints":{"allow":["GET"]}}],"collection":[{"href":"https:\/\/armstrongyregion.com.ar\/diario\/wp-json\/wp\/v2\/posts"}],"about":[{"href":"https:\/\/armstrongyregion.com.ar\/diario\/wp-json\/wp\/v2\/types\/post"}],"author":[{"embeddable":true,"href":"https:\/\/armstrongyregion.com.ar\/diario\/wp-json\/wp\/v2\/users\/2"}],"replies":[{"embeddable":true,"href":"https:\/\/armstrongyregion.com.ar\/diario\/wp-json\/wp\/v2\/comments?post=2882"}],"version-history":[{"count":0,"href":"https:\/\/armstrongyregion.com.ar\/diario\/wp-json\/wp\/v2\/posts\/2882\/revisions"}],"wp:featuredmedia":[{"embeddable":true,"href":"https:\/\/armstrongyregion.com.ar\/diario\/wp-json\/wp\/v2\/media\/2883"}],"wp:attachment":[{"href":"https:\/\/armstrongyregion.com.ar\/diario\/wp-json\/wp\/v2\/media?parent=2882"}],"wp:term":[{"taxonomy":"category","embeddable":true,"href":"https:\/\/armstrongyregion.com.ar\/diario\/wp-json\/wp\/v2\/categories?post=2882"},{"taxonomy":"post_tag","embeddable":true,"href":"https:\/\/armstrongyregion.com.ar\/diario\/wp-json\/wp\/v2\/tags?post=2882"}],"curies":[{"name":"wp","href":"https:\/\/api.w.org\/{rel}","templated":true}]}}