{"id":28779,"date":"2021-01-31T22:20:59","date_gmt":"2021-01-31T22:20:59","guid":{"rendered":"https:\/\/armstrongyregion.com.ar\/diario\/?p=28779"},"modified":"2021-01-31T22:21:01","modified_gmt":"2021-01-31T22:21:01","slug":"imputaron-al-autor-de-un-brutal-asesinato-en-un-campo-de-la-region","status":"publish","type":"post","link":"https:\/\/armstrongyregion.com.ar\/diario\/imputaron-al-autor-de-un-brutal-asesinato-en-un-campo-de-la-region\/","title":{"rendered":"Imputaron al autor de un brutal asesinato en un campo de la regi\u00f3n."},"content":{"rendered":"\n<figure class=\"wp-block-image size-large\"><img loading=\"lazy\" decoding=\"async\" width=\"800\" height=\"450\" src=\"http:\/\/armstrongyregion.com.ar\/diario\/wp-content\/uploads\/2021\/01\/campo.jpeg_1756841869.jpeg\" alt=\"\" class=\"wp-image-28780\" srcset=\"https:\/\/armstrongyregion.com.ar\/diario\/wp-content\/uploads\/2021\/01\/campo.jpeg_1756841869.jpeg 800w, https:\/\/armstrongyregion.com.ar\/diario\/wp-content\/uploads\/2021\/01\/campo.jpeg_1756841869-300x169.jpeg 300w, https:\/\/armstrongyregion.com.ar\/diario\/wp-content\/uploads\/2021\/01\/campo.jpeg_1756841869-768x432.jpeg 768w\" sizes=\"auto, (max-width: 800px) 100vw, 800px\" \/><\/figure>\n\n\n\n<h2 class=\"wp-block-heading\"> Se trata de un hombre de 37\u00a0a\u00f1os que era el principal sospechoso\u00a0del crimen de Bruno Galetti, el 15 de enero pasado a la vera de la ruta 34 entre Luis Palacios y Lucio V. L\u00f3pez.<\/h2>\n\n\n\n<p>\n\nEste s\u00e1bado se llev\u00f3 adelante la&nbsp;<strong>audiencia imputativa a Santiago Mario D<\/strong>., de 37 a\u00f1os, acusado de ser autor de un brutal asesinato ocurrido el 15 de enero en jurisdicci\u00f3n de Luis Palacios. En el lugar hab\u00eda sido hallado muerto Bruno Galetti, en una camioneta incendiada.<\/p>\n\n\n\n<p>El fiscal Aquiles Balbis imput\u00f3 este\u00a0 s\u00e1bado por la ma\u00f1ana a M. S. D. por el crimen de Galetti, ocurrido hace unas dos semanas en un campo de la regi\u00f3n.\u00a0 Y\u00a0el juez \u00c1lvaro Campos le\u00a0dict\u00f3 prisi\u00f3n preventiva efectiva por el plazo de ley. <\/p>\n\n\n\n<p>De acuerdo a la investigaci\u00f3n, Galetti, de 40 a\u00f1os, fue asesinado\u00a0el 15 de enero pasado,\u00a0entre las 3.15 y las 5 de la madrugada, cuando estaba cerca de la casa del imputado de calle Saavedra y San Lorenzo, en\u00a0Totoras.\u00a0<\/p>\n\n\n\n<p>Empleados de una empresa de seguimiento satelital, se comunicaron con la polic\u00eda porque hab\u00edan&nbsp;<strong>encontrado el utilitario Fiat Fiorino&nbsp;que usaba Galetti, calcinado. El veh\u00edculo pertenec\u00eda&nbsp;a una empresa aceitera de San Lorenzo.&nbsp;<\/strong>Lo hallaron&nbsp;a unos 400 metros dentro de un campo de soja.<\/p>\n\n\n\n<p>Adem\u00e1s, los trabajadores de seguridad aportaron que llegaron hasta \u00e9l porque ten\u00eda encendida la alarma que se detona en caso de incendio, siniestro o robo. Los uniformados fueron hasta el lugar y encontraron el veh\u00edculo con un cad\u00e1ver dentro a la altura del kil\u00f3metro 22 de la ruta 34.<\/p>\n\n\n\n<p> Todo apuntaba a que los restos humanos pertenec\u00edan a Bruno Galetti, un totorense quien hab\u00eda desaparecido en las \u00faltimas horas y trabajaba con esa camioneta. A los pocos d\u00edas, los peritajes forenses\u00a0<strong>confirmaron la identidad y establecieron que el cuerpo ten\u00eda dos heridas de arma blanca.<\/strong> <\/p>\n\n\n\n<p>Fuente; La Capital.com<\/p>\n","protected":false},"excerpt":{"rendered":"<p>Se trata de un hombre de 37\u00a0a\u00f1os que era el principal sospechoso\u00a0del crimen de Bruno Galetti, el 15 de enero pasado a la vera de la ruta 34 entre Luis Palacios y Lucio V. L\u00f3pez. Este s\u00e1bado se llev\u00f3 adelante la&nbsp;audiencia imputativa a Santiago Mario D., de 37 a\u00f1os, acusado de ser autor de un <a href=\"https:\/\/armstrongyregion.com.ar\/diario\/imputaron-al-autor-de-un-brutal-asesinato-en-un-campo-de-la-region\/\" title=\"Read more\" >&#8230;<\/a><\/p>\n","protected":false},"author":1,"featured_media":28780,"comment_status":"open","ping_status":"open","sticky":false,"template":"","format":"image","meta":{"_jetpack_memberships_contains_paid_content":false,"footnotes":"","jetpack_publicize_message":"","jetpack_publicize_feature_enabled":true,"jetpack_social_post_already_shared":true,"jetpack_social_options":{"image_generator_settings":{"template":"highway","default_image_id":0,"enabled":false},"version":2}},"categories":[8,1,2852,3],"tags":[],"class_list":["post-28779","post","type-post","status-publish","format-image","has-post-thumbnail","hentry","category-deliberando","category-diario-armstrong","category-policiales","category-region","post_format-post-format-image"],"jetpack_publicize_connections":[],"jetpack_featured_media_url":"https:\/\/armstrongyregion.com.ar\/diario\/wp-content\/uploads\/2021\/01\/campo.jpeg_1756841869.jpeg","jetpack_shortlink":"https:\/\/wp.me\/p62QDO-7ub","jetpack_sharing_enabled":true,"amp_enabled":true,"_links":{"self":[{"href":"https:\/\/armstrongyregion.com.ar\/diario\/wp-json\/wp\/v2\/posts\/28779","targetHints":{"allow":["GET"]}}],"collection":[{"href":"https:\/\/armstrongyregion.com.ar\/diario\/wp-json\/wp\/v2\/posts"}],"about":[{"href":"https:\/\/armstrongyregion.com.ar\/diario\/wp-json\/wp\/v2\/types\/post"}],"author":[{"embeddable":true,"href":"https:\/\/armstrongyregion.com.ar\/diario\/wp-json\/wp\/v2\/users\/1"}],"replies":[{"embeddable":true,"href":"https:\/\/armstrongyregion.com.ar\/diario\/wp-json\/wp\/v2\/comments?post=28779"}],"version-history":[{"count":1,"href":"https:\/\/armstrongyregion.com.ar\/diario\/wp-json\/wp\/v2\/posts\/28779\/revisions"}],"predecessor-version":[{"id":28781,"href":"https:\/\/armstrongyregion.com.ar\/diario\/wp-json\/wp\/v2\/posts\/28779\/revisions\/28781"}],"wp:featuredmedia":[{"embeddable":true,"href":"https:\/\/armstrongyregion.com.ar\/diario\/wp-json\/wp\/v2\/media\/28780"}],"wp:attachment":[{"href":"https:\/\/armstrongyregion.com.ar\/diario\/wp-json\/wp\/v2\/media?parent=28779"}],"wp:term":[{"taxonomy":"category","embeddable":true,"href":"https:\/\/armstrongyregion.com.ar\/diario\/wp-json\/wp\/v2\/categories?post=28779"},{"taxonomy":"post_tag","embeddable":true,"href":"https:\/\/armstrongyregion.com.ar\/diario\/wp-json\/wp\/v2\/tags?post=28779"}],"curies":[{"name":"wp","href":"https:\/\/api.w.org\/{rel}","templated":true}]}}