{"id":28776,"date":"2021-01-31T22:15:10","date_gmt":"2021-01-31T22:15:10","guid":{"rendered":"https:\/\/armstrongyregion.com.ar\/diario\/?p=28776"},"modified":"2021-01-31T22:15:13","modified_gmt":"2021-01-31T22:15:13","slug":"regreso-de-clases-presenciales-trotta-viaja-a-santa-fe-para-trabajar-en-los-preparativos","status":"publish","type":"post","link":"https:\/\/armstrongyregion.com.ar\/diario\/regreso-de-clases-presenciales-trotta-viaja-a-santa-fe-para-trabajar-en-los-preparativos\/","title":{"rendered":"Regreso de clases presenciales: Trotta viaja a Santa Fe \u201cpara trabajar en los preparativos\u201d."},"content":{"rendered":"\n<figure class=\"wp-block-image size-large\"><img loading=\"lazy\" decoding=\"async\" width=\"800\" height=\"450\" src=\"http:\/\/armstrongyregion.com.ar\/diario\/wp-content\/uploads\/2021\/01\/trotta.jpeg_1756841869.jpeg\" alt=\"\" class=\"wp-image-28777\" srcset=\"https:\/\/armstrongyregion.com.ar\/diario\/wp-content\/uploads\/2021\/01\/trotta.jpeg_1756841869.jpeg 800w, https:\/\/armstrongyregion.com.ar\/diario\/wp-content\/uploads\/2021\/01\/trotta.jpeg_1756841869-300x169.jpeg 300w, https:\/\/armstrongyregion.com.ar\/diario\/wp-content\/uploads\/2021\/01\/trotta.jpeg_1756841869-768x432.jpeg 768w\" sizes=\"auto, (max-width: 800px) 100vw, 800px\" \/><\/figure>\n\n\n\n<h2 class=\"wp-block-heading\"> El Ministro de Educaci\u00f3n de la Naci\u00f3n llegar\u00e1 este lunes a la capital provincial y se reunir\u00e1 con el gobernador Omar Perotti por el reinicio de las actividades escolares. Tambi\u00e9n mantendr\u00e1 encuentros con representantes de los gremios, que esta semana van a paritarias.<\/h2>\n\n\n\n<p> Con el\u00a0<a rel=\"noreferrer noopener\" href=\"https:\/\/www.rosario3.com\/informaciongeneral\/Se-oficializo-la-extension-del-distanciamiento-que-dice-el-decreto-sobre-las-clases-presenciales-20210130-0037.html\" target=\"_blank\">decreto nacional<\/a>\u00a0y la\u00a0<a rel=\"noreferrer noopener\" href=\"https:\/\/www.rosario3.com\/informaciongeneral\/La-provincia-adhirio-a-la-extension-del-distanciamiento-social--20210131-0015.html\" target=\"_blank\">adhesi\u00f3n de la provincia<\/a>,<strong>\u00a0Santa Fe se encamina a retomar las clases presenciales<\/strong>\u00a0como anticiparon la autoridades educativas. En ese marco, el gobernador Omar<strong>\u00a0Perotti recibir\u00e1 este lunes en la ciudad de Santa Fe al ministro de Educaci\u00f3n de la Naci\u00f3n<\/strong>, Nicol\u00e1s Trotta. <\/p>\n\n\n\n<p>Seg\u00fan inform\u00f3 oficialmente el gobierno santafesino, el viaje del funcionario nacional ser\u00e1 \u201cpara trabajar en los preparativos por el<strong>&nbsp;reinicio de las clases presenciales en la provincia<\/strong>, en el marco de la pandemia del covid 19\u201d.<\/p>\n\n\n\n<p>Del encuentro, que se realizar\u00e1 a las 11.30 horas en Casa de Gobierno, participar\u00e1 tambi\u00e9n la&nbsp;<strong>ministra de Educaci\u00f3n de la provincia, Adriana Cantero<\/strong>.<\/p>\n\n\n\n<p>A partir de las 15, Trotta y su comitiva mantendr\u00e1n&nbsp;<strong>una reuni\u00f3n informativa y de intercambio de experiencias y labores<\/strong>, con funcionarias y funcionarios de Ministerio de Educaci\u00f3n provincial.<\/p>\n\n\n\n<p>Por otra parte, el ministro<strong>&nbsp;Trotta se reunir\u00e1 tambi\u00e9n con representantes de los gremios<\/strong>&nbsp;docentes santafesinos que esta semana fueron llamados a paritarias con el gobierno provincial.<\/p>\n\n\n\n<p>Una vez concluida esta reuni\u00f3n, el ministro de Educaci\u00f3n de la Naci\u00f3n visitar\u00e1 uno de los dispositivos del programa Verano Activo y finalmente&nbsp;<strong>supervisar\u00e1 obras de un jard\u00edn de infantes de la capital provincial<\/strong>, financiadas por el gobierno nacional.<\/p>\n","protected":false},"excerpt":{"rendered":"<p>El Ministro de Educaci\u00f3n de la Naci\u00f3n llegar\u00e1 este lunes a la capital provincial y se reunir\u00e1 con el gobernador Omar Perotti por el reinicio de las actividades escolares. Tambi\u00e9n mantendr\u00e1 encuentros con representantes de los gremios, que esta semana van a paritarias. Con el\u00a0decreto nacional\u00a0y la\u00a0adhesi\u00f3n de la provincia,\u00a0Santa Fe se encamina a retomar <a href=\"https:\/\/armstrongyregion.com.ar\/diario\/regreso-de-clases-presenciales-trotta-viaja-a-santa-fe-para-trabajar-en-los-preparativos\/\" title=\"Read more\" >&#8230;<\/a><\/p>\n","protected":false},"author":1,"featured_media":28777,"comment_status":"open","ping_status":"open","sticky":false,"template":"","format":"image","meta":{"_jetpack_memberships_contains_paid_content":false,"footnotes":"","jetpack_publicize_message":"","jetpack_publicize_feature_enabled":true,"jetpack_social_post_already_shared":true,"jetpack_social_options":{"image_generator_settings":{"template":"highway","default_image_id":0,"enabled":false},"version":2}},"categories":[8,1,2,7,3],"tags":[],"class_list":["post-28776","post","type-post","status-publish","format-image","has-post-thumbnail","hentry","category-deliberando","category-diario-armstrong","category-locales","category-politica","category-region","post_format-post-format-image"],"jetpack_publicize_connections":[],"jetpack_featured_media_url":"https:\/\/armstrongyregion.com.ar\/diario\/wp-content\/uploads\/2021\/01\/trotta.jpeg_1756841869.jpeg","jetpack_shortlink":"https:\/\/wp.me\/p62QDO-7u8","jetpack_sharing_enabled":true,"amp_enabled":true,"_links":{"self":[{"href":"https:\/\/armstrongyregion.com.ar\/diario\/wp-json\/wp\/v2\/posts\/28776","targetHints":{"allow":["GET"]}}],"collection":[{"href":"https:\/\/armstrongyregion.com.ar\/diario\/wp-json\/wp\/v2\/posts"}],"about":[{"href":"https:\/\/armstrongyregion.com.ar\/diario\/wp-json\/wp\/v2\/types\/post"}],"author":[{"embeddable":true,"href":"https:\/\/armstrongyregion.com.ar\/diario\/wp-json\/wp\/v2\/users\/1"}],"replies":[{"embeddable":true,"href":"https:\/\/armstrongyregion.com.ar\/diario\/wp-json\/wp\/v2\/comments?post=28776"}],"version-history":[{"count":1,"href":"https:\/\/armstrongyregion.com.ar\/diario\/wp-json\/wp\/v2\/posts\/28776\/revisions"}],"predecessor-version":[{"id":28778,"href":"https:\/\/armstrongyregion.com.ar\/diario\/wp-json\/wp\/v2\/posts\/28776\/revisions\/28778"}],"wp:featuredmedia":[{"embeddable":true,"href":"https:\/\/armstrongyregion.com.ar\/diario\/wp-json\/wp\/v2\/media\/28777"}],"wp:attachment":[{"href":"https:\/\/armstrongyregion.com.ar\/diario\/wp-json\/wp\/v2\/media?parent=28776"}],"wp:term":[{"taxonomy":"category","embeddable":true,"href":"https:\/\/armstrongyregion.com.ar\/diario\/wp-json\/wp\/v2\/categories?post=28776"},{"taxonomy":"post_tag","embeddable":true,"href":"https:\/\/armstrongyregion.com.ar\/diario\/wp-json\/wp\/v2\/tags?post=28776"}],"curies":[{"name":"wp","href":"https:\/\/api.w.org\/{rel}","templated":true}]}}