{"id":28732,"date":"2021-01-27T23:36:07","date_gmt":"2021-01-27T23:36:07","guid":{"rendered":"https:\/\/armstrongyregion.com.ar\/diario\/?p=28732"},"modified":"2021-01-27T23:36:11","modified_gmt":"2021-01-27T23:36:11","slug":"clerici-participo-junto-al-gobernador-e-intendentes-en-la-presentacion-del-proyecto-sobre-autonomia-municipal","status":"publish","type":"post","link":"https:\/\/armstrongyregion.com.ar\/diario\/clerici-participo-junto-al-gobernador-e-intendentes-en-la-presentacion-del-proyecto-sobre-autonomia-municipal\/","title":{"rendered":"Cl\u00e9rici particip\u00f3 junto al gobernador e intendentes en la presentaci\u00f3n del proyecto sobre autonom\u00eda municipal."},"content":{"rendered":"\n<figure class=\"wp-block-image size-large\"><img loading=\"lazy\" decoding=\"async\" width=\"470\" height=\"294\" src=\"http:\/\/armstrongyregion.com.ar\/diario\/wp-content\/uploads\/2021\/01\/Clerici-en-encuenhtro-sobre-autonomia-municipal-2.jpg\" alt=\"\" class=\"wp-image-28733\" srcset=\"https:\/\/armstrongyregion.com.ar\/diario\/wp-content\/uploads\/2021\/01\/Clerici-en-encuenhtro-sobre-autonomia-municipal-2.jpg 470w, https:\/\/armstrongyregion.com.ar\/diario\/wp-content\/uploads\/2021\/01\/Clerici-en-encuenhtro-sobre-autonomia-municipal-2-300x188.jpg 300w\" sizes=\"auto, (max-width: 470px) 100vw, 470px\" \/><\/figure>\n\n\n\n<p>La intendenta asisti\u00f3 al acto en Santa Fe donde Omar Perotti present\u00f3 la iniciativa. \u201cFue un momento muy importante porque despu\u00e9s de muchos a\u00f1os se vuelve a hablar de autonom\u00eda municipal\u201d, expres\u00f3.<\/p>\n\n\n\n<figure class=\"wp-block-image size-large\"><img loading=\"lazy\" decoding=\"async\" width=\"541\" height=\"275\" src=\"http:\/\/armstrongyregion.com.ar\/diario\/wp-content\/uploads\/2021\/01\/Clerici-en-encuentro-sobre-autonom\u00eca-municipal-1.jpg\" alt=\"\" class=\"wp-image-28734\" srcset=\"https:\/\/armstrongyregion.com.ar\/diario\/wp-content\/uploads\/2021\/01\/Clerici-en-encuentro-sobre-autonom\u00eca-municipal-1.jpg 541w, https:\/\/armstrongyregion.com.ar\/diario\/wp-content\/uploads\/2021\/01\/Clerici-en-encuentro-sobre-autonom\u00eca-municipal-1-300x152.jpg 300w\" sizes=\"auto, (max-width: 541px) 100vw, 541px\" \/><\/figure>\n\n\n\n<p>Junto a otros intendentes y presidentes comunales que estuvieron presentes o acompa\u00f1aron de forma virtual, Cl\u00e9rici puntualiz\u00f3 sus consideraciones acerca del tema. \u201cCuando nos referimos a autonom\u00eda municipal, es fundamental que, al mismo tiempo que se considere la transferencia de competencias y nuevas incumbencias para los gobierno locales, tambi\u00e9n se considere la correspondiente transferencia de recursos\u201d, remarc\u00f3.<\/p>\n\n\n\n<p>En este sentido, concluy\u00f3: \u201cEsa es la lucha por la autonom\u00eda; la federalizaci\u00f3n de los recursos, para que estos puedan ser aplicados a cada uno de los territorios\u201d.&#8211;\n\n<\/p>\n","protected":false},"excerpt":{"rendered":"<p>La intendenta asisti\u00f3 al acto en Santa Fe donde Omar Perotti present\u00f3 la iniciativa. \u201cFue un momento muy importante porque despu\u00e9s de muchos a\u00f1os se vuelve a hablar de autonom\u00eda municipal\u201d, expres\u00f3. Junto a otros intendentes y presidentes comunales que estuvieron presentes o acompa\u00f1aron de forma virtual, Cl\u00e9rici puntualiz\u00f3 sus consideraciones acerca del tema. \u201cCuando <a href=\"https:\/\/armstrongyregion.com.ar\/diario\/clerici-participo-junto-al-gobernador-e-intendentes-en-la-presentacion-del-proyecto-sobre-autonomia-municipal\/\" title=\"Read more\" >&#8230;<\/a><\/p>\n","protected":false},"author":1,"featured_media":28733,"comment_status":"open","ping_status":"open","sticky":false,"template":"","format":"image","meta":{"_jetpack_memberships_contains_paid_content":false,"footnotes":"","jetpack_publicize_message":"","jetpack_publicize_feature_enabled":true,"jetpack_social_post_already_shared":true,"jetpack_social_options":{"image_generator_settings":{"template":"highway","default_image_id":0,"enabled":false},"version":2}},"categories":[8,1,7,3],"tags":[],"class_list":["post-28732","post","type-post","status-publish","format-image","has-post-thumbnail","hentry","category-deliberando","category-diario-armstrong","category-politica","category-region","post_format-post-format-image"],"jetpack_publicize_connections":[],"jetpack_featured_media_url":"https:\/\/armstrongyregion.com.ar\/diario\/wp-content\/uploads\/2021\/01\/Clerici-en-encuenhtro-sobre-autonomia-municipal-2.jpg","jetpack_shortlink":"https:\/\/wp.me\/p62QDO-7tq","jetpack_sharing_enabled":true,"amp_enabled":true,"_links":{"self":[{"href":"https:\/\/armstrongyregion.com.ar\/diario\/wp-json\/wp\/v2\/posts\/28732","targetHints":{"allow":["GET"]}}],"collection":[{"href":"https:\/\/armstrongyregion.com.ar\/diario\/wp-json\/wp\/v2\/posts"}],"about":[{"href":"https:\/\/armstrongyregion.com.ar\/diario\/wp-json\/wp\/v2\/types\/post"}],"author":[{"embeddable":true,"href":"https:\/\/armstrongyregion.com.ar\/diario\/wp-json\/wp\/v2\/users\/1"}],"replies":[{"embeddable":true,"href":"https:\/\/armstrongyregion.com.ar\/diario\/wp-json\/wp\/v2\/comments?post=28732"}],"version-history":[{"count":1,"href":"https:\/\/armstrongyregion.com.ar\/diario\/wp-json\/wp\/v2\/posts\/28732\/revisions"}],"predecessor-version":[{"id":28735,"href":"https:\/\/armstrongyregion.com.ar\/diario\/wp-json\/wp\/v2\/posts\/28732\/revisions\/28735"}],"wp:featuredmedia":[{"embeddable":true,"href":"https:\/\/armstrongyregion.com.ar\/diario\/wp-json\/wp\/v2\/media\/28733"}],"wp:attachment":[{"href":"https:\/\/armstrongyregion.com.ar\/diario\/wp-json\/wp\/v2\/media?parent=28732"}],"wp:term":[{"taxonomy":"category","embeddable":true,"href":"https:\/\/armstrongyregion.com.ar\/diario\/wp-json\/wp\/v2\/categories?post=28732"},{"taxonomy":"post_tag","embeddable":true,"href":"https:\/\/armstrongyregion.com.ar\/diario\/wp-json\/wp\/v2\/tags?post=28732"}],"curies":[{"name":"wp","href":"https:\/\/api.w.org\/{rel}","templated":true}]}}