{"id":28715,"date":"2021-01-26T20:19:43","date_gmt":"2021-01-26T20:19:43","guid":{"rendered":"https:\/\/armstrongyregion.com.ar\/diario\/?p=28715"},"modified":"2021-01-26T20:19:47","modified_gmt":"2021-01-26T20:19:47","slug":"clerici-escucho-inquietudes-de-padres-organizados-sobre-el-retorno-a-clases","status":"publish","type":"post","link":"https:\/\/armstrongyregion.com.ar\/diario\/clerici-escucho-inquietudes-de-padres-organizados-sobre-el-retorno-a-clases\/","title":{"rendered":"Clerici escuch\u00f3 inquietudes de padres organizados sobre el retorno a clases."},"content":{"rendered":"\n<figure class=\"wp-block-image size-large\"><img loading=\"lazy\" decoding=\"async\" width=\"640\" height=\"480\" src=\"http:\/\/armstrongyregion.com.ar\/diario\/wp-content\/uploads\/2021\/01\/WhatsApp-Image-2021-01-25-at-8.45.24-AM-1.jpg\" alt=\"\" class=\"wp-image-28716\" srcset=\"https:\/\/armstrongyregion.com.ar\/diario\/wp-content\/uploads\/2021\/01\/WhatsApp-Image-2021-01-25-at-8.45.24-AM-1.jpg 640w, https:\/\/armstrongyregion.com.ar\/diario\/wp-content\/uploads\/2021\/01\/WhatsApp-Image-2021-01-25-at-8.45.24-AM-1-300x225.jpg 300w\" sizes=\"auto, (max-width: 640px) 100vw, 640px\" \/><\/figure>\n\n\n\n<p>La intendenta Stella Cl\u00e9rici junto a su equipo de gobierno mantuvo un encuentro con Padres Convocados Ca\u00f1ada de G\u00f3mez. Dialogaron acerca del regreso a clases presenciales en el ciclo 2021, respetando todos los protocolos.<\/p>\n\n\n\n<p>&nbsp;\u201cAl igual que con todas las actividades econ\u00f3micas, acompa\u00f1aremos el retorno a la presencialidad de las clases, por supuesto, con el cumplimiento de todos los protocolos establecidos por las autoridades\u201d, expres\u00f3 Cl\u00e9rici.<\/p>\n\n\n\n<p>En este sentido, se elevar\u00e1 el pedido presentado por los padres, al Ministerio de Educaci\u00f3n de Santa Fe y al Comit\u00e9 de Seguimiento Sanitario de nuestra ciudad. Mientras tanto, se destac\u00f3 que \u201cla Municipalidad sigue a disposici\u00f3n, fortaleciendo las escuelas con obras a trav\u00e9s del Fondo de Asistencia Educativa y proyectos conjuntos, para el regreso a las aulas\u201d.<\/p>\n","protected":false},"excerpt":{"rendered":"<p>La intendenta Stella Cl\u00e9rici junto a su equipo de gobierno mantuvo un encuentro con Padres Convocados Ca\u00f1ada de G\u00f3mez. Dialogaron acerca del regreso a clases presenciales en el ciclo 2021, respetando todos los protocolos. &nbsp;\u201cAl igual que con todas las actividades econ\u00f3micas, acompa\u00f1aremos el retorno a la presencialidad de las clases, por supuesto, con el <a href=\"https:\/\/armstrongyregion.com.ar\/diario\/clerici-escucho-inquietudes-de-padres-organizados-sobre-el-retorno-a-clases\/\" title=\"Read more\" >&#8230;<\/a><\/p>\n","protected":false},"author":1,"featured_media":28716,"comment_status":"open","ping_status":"open","sticky":false,"template":"","format":"image","meta":{"_jetpack_memberships_contains_paid_content":false,"footnotes":"","jetpack_publicize_message":"","jetpack_publicize_feature_enabled":true,"jetpack_social_post_already_shared":true,"jetpack_social_options":{"image_generator_settings":{"template":"highway","default_image_id":0,"enabled":false},"version":2}},"categories":[8,1,7,3],"tags":[],"class_list":["post-28715","post","type-post","status-publish","format-image","has-post-thumbnail","hentry","category-deliberando","category-diario-armstrong","category-politica","category-region","post_format-post-format-image"],"jetpack_publicize_connections":[],"jetpack_featured_media_url":"https:\/\/armstrongyregion.com.ar\/diario\/wp-content\/uploads\/2021\/01\/WhatsApp-Image-2021-01-25-at-8.45.24-AM-1.jpg","jetpack_shortlink":"https:\/\/wp.me\/p62QDO-7t9","jetpack_sharing_enabled":true,"amp_enabled":true,"_links":{"self":[{"href":"https:\/\/armstrongyregion.com.ar\/diario\/wp-json\/wp\/v2\/posts\/28715","targetHints":{"allow":["GET"]}}],"collection":[{"href":"https:\/\/armstrongyregion.com.ar\/diario\/wp-json\/wp\/v2\/posts"}],"about":[{"href":"https:\/\/armstrongyregion.com.ar\/diario\/wp-json\/wp\/v2\/types\/post"}],"author":[{"embeddable":true,"href":"https:\/\/armstrongyregion.com.ar\/diario\/wp-json\/wp\/v2\/users\/1"}],"replies":[{"embeddable":true,"href":"https:\/\/armstrongyregion.com.ar\/diario\/wp-json\/wp\/v2\/comments?post=28715"}],"version-history":[{"count":1,"href":"https:\/\/armstrongyregion.com.ar\/diario\/wp-json\/wp\/v2\/posts\/28715\/revisions"}],"predecessor-version":[{"id":28717,"href":"https:\/\/armstrongyregion.com.ar\/diario\/wp-json\/wp\/v2\/posts\/28715\/revisions\/28717"}],"wp:featuredmedia":[{"embeddable":true,"href":"https:\/\/armstrongyregion.com.ar\/diario\/wp-json\/wp\/v2\/media\/28716"}],"wp:attachment":[{"href":"https:\/\/armstrongyregion.com.ar\/diario\/wp-json\/wp\/v2\/media?parent=28715"}],"wp:term":[{"taxonomy":"category","embeddable":true,"href":"https:\/\/armstrongyregion.com.ar\/diario\/wp-json\/wp\/v2\/categories?post=28715"},{"taxonomy":"post_tag","embeddable":true,"href":"https:\/\/armstrongyregion.com.ar\/diario\/wp-json\/wp\/v2\/tags?post=28715"}],"curies":[{"name":"wp","href":"https:\/\/api.w.org\/{rel}","templated":true}]}}