{"id":28686,"date":"2021-01-23T22:58:05","date_gmt":"2021-01-23T22:58:05","guid":{"rendered":"https:\/\/armstrongyregion.com.ar\/diario\/?p=28686"},"modified":"2021-01-23T22:58:08","modified_gmt":"2021-01-23T22:58:08","slug":"cornaglia-pidio-la-extension-de-programa-de-emergencia-para-los-clubes-y-asociaciones-deportivas","status":"publish","type":"post","link":"https:\/\/armstrongyregion.com.ar\/diario\/cornaglia-pidio-la-extension-de-programa-de-emergencia-para-los-clubes-y-asociaciones-deportivas\/","title":{"rendered":"Cornaglia pidi\u00f3 la extensi\u00f3n de programa de emergencia para los clubes y asociaciones deportivas."},"content":{"rendered":"\n<figure class=\"wp-block-image size-large\"><img loading=\"lazy\" decoding=\"async\" width=\"480\" height=\"252\" src=\"http:\/\/armstrongyregion.com.ar\/diario\/wp-content\/uploads\/2021\/01\/GC-2021-01-20-Fb-ATP-Clubes.jpg\" alt=\"\" class=\"wp-image-28687\" srcset=\"https:\/\/armstrongyregion.com.ar\/diario\/wp-content\/uploads\/2021\/01\/GC-2021-01-20-Fb-ATP-Clubes.jpg 480w, https:\/\/armstrongyregion.com.ar\/diario\/wp-content\/uploads\/2021\/01\/GC-2021-01-20-Fb-ATP-Clubes-300x158.jpg 300w\" sizes=\"auto, (max-width: 480px) 100vw, 480px\" \/><\/figure>\n\n\n\n<h2 class=\"wp-block-heading\"><strong>El senador provincial Guillermo Cornaglia solicit\u00f3 al Ejecutivo que proceda a prorrogar la vigencia del Programa de Emergencia al Trabajo y la Producci\u00f3n establecidos en el decreto 332\/20 por el plazo previsto en la ley 27653 (180 d\u00edas despu\u00e9s del 31\/12\/2020), as\u00ed como la aplicaci\u00f3n del cap\u00edtulo II, T\u00edtulo II de la ley referenciada. Lo hizo a trav\u00e9s de un proyecto presentado en la C\u00e1mara de Senadores de Santa Fe.<\/strong><\/h2>\n\n\n\n<p>El proyecto surgi\u00f3 a partir de un comunicado elaborado en conjunto por clubes, asociaciones, confederaciones, organismos de gobierno deportivo, organizaciones proveedoras de actividad deportiva y organizaciones productoras de eventos deportivos, el cual estaba dirigido al Jefe de Gabinete de Ministros de la Naci\u00f3n, Lic. Santiago Cafiero; al ministro de Deportes de la Naci\u00f3n, Dr. Matias Lammens; y al gobernador de Santa Fe, CPN. Omar Perotti; entre otros.<\/p>\n\n\n\n<p><strong>\u201cLas instituciones vinculadas al deporte acompa\u00f1an fervientemente todas las medidas que se implementaron a los efectos de tener un verano seguro, sustentable y libre de Covid-19, pero aclaran tambi\u00e9n que &#8211; dichas medidas &#8211; acarrearon una serie de gastos que, si bien son necesarios, han desfasado los presupuestos\u201d, manifest\u00f3 Guillermo Cornaglia en relaci\u00f3n al comunicado.<\/strong><br><\/p>\n\n\n\n<p>Entre los fundamentos, se resalta que las dotaciones del personal en muchos casos representaban una cifra importante de personas en grupo de riesgo o con excepciones a la realizaci\u00f3n del trabajo presencial, lo cual implic\u00f3 una merma en la capacidad operativa, repercutiendo en la contrataci\u00f3n de m\u00e1s personal y, por consiguiente, mayor inversi\u00f3n que no ha tenido un correlato en mayores ingresos.<br><\/p>\n\n\n\n<p>Adem\u00e1s, la concreci\u00f3n de la posibilidad de contar con recursos considerados normalmente como ordinarios &nbsp;se ve imposibilitado, como ser: venta de entradas para asistencia a eventos deportivos, alquiler de salones para realizaci\u00f3n de fiestas de diversa \u00edndole, alquiler de espacios para la realizaci\u00f3n de pr\u00e1ctica f\u00edsica por parte de instituciones educativas privadas o p\u00fablicas, alquiler de instalaciones para eventos, y un sinn\u00famero de otras restricciones que tienen que ver con el cumplimiento de protocolos como ser, limitamiento de aforo de asociados para el disfrute de la vida social, en instalaciones ya sea con o sin pileta recreativa de temporada estival, descenso de deportistas practicantes por turno, etc.<br><\/p>\n\n\n\n<p>Respecto a las Asociaciones, Federaciones y Confederaciones, al no tener un panorama claro de vuelta a la actividad competitiva, no pueden acceder al cobro de cuotas de afiliaci\u00f3n, fichaje, etc.<\/p>\n\n\n\n<h2 class=\"wp-block-heading\"><br><\/h2>\n","protected":false},"excerpt":{"rendered":"<p>El senador provincial Guillermo Cornaglia solicit\u00f3 al Ejecutivo que proceda a prorrogar la vigencia del Programa de Emergencia al Trabajo y la Producci\u00f3n establecidos en el decreto 332\/20 por el plazo previsto en la ley 27653 (180 d\u00edas despu\u00e9s del 31\/12\/2020), as\u00ed como la aplicaci\u00f3n del cap\u00edtulo II, T\u00edtulo II de la ley referenciada. Lo <a href=\"https:\/\/armstrongyregion.com.ar\/diario\/cornaglia-pidio-la-extension-de-programa-de-emergencia-para-los-clubes-y-asociaciones-deportivas\/\" title=\"Read more\" >&#8230;<\/a><\/p>\n","protected":false},"author":1,"featured_media":28687,"comment_status":"open","ping_status":"open","sticky":false,"template":"","format":"image","meta":{"_jetpack_memberships_contains_paid_content":false,"footnotes":"","jetpack_publicize_message":"","jetpack_publicize_feature_enabled":true,"jetpack_social_post_already_shared":true,"jetpack_social_options":{"image_generator_settings":{"template":"highway","default_image_id":0,"enabled":false},"version":2}},"categories":[8,1,2,7,3],"tags":[],"class_list":["post-28686","post","type-post","status-publish","format-image","has-post-thumbnail","hentry","category-deliberando","category-diario-armstrong","category-locales","category-politica","category-region","post_format-post-format-image"],"jetpack_publicize_connections":[],"jetpack_featured_media_url":"https:\/\/armstrongyregion.com.ar\/diario\/wp-content\/uploads\/2021\/01\/GC-2021-01-20-Fb-ATP-Clubes.jpg","jetpack_shortlink":"https:\/\/wp.me\/p62QDO-7sG","jetpack_sharing_enabled":true,"amp_enabled":true,"_links":{"self":[{"href":"https:\/\/armstrongyregion.com.ar\/diario\/wp-json\/wp\/v2\/posts\/28686","targetHints":{"allow":["GET"]}}],"collection":[{"href":"https:\/\/armstrongyregion.com.ar\/diario\/wp-json\/wp\/v2\/posts"}],"about":[{"href":"https:\/\/armstrongyregion.com.ar\/diario\/wp-json\/wp\/v2\/types\/post"}],"author":[{"embeddable":true,"href":"https:\/\/armstrongyregion.com.ar\/diario\/wp-json\/wp\/v2\/users\/1"}],"replies":[{"embeddable":true,"href":"https:\/\/armstrongyregion.com.ar\/diario\/wp-json\/wp\/v2\/comments?post=28686"}],"version-history":[{"count":1,"href":"https:\/\/armstrongyregion.com.ar\/diario\/wp-json\/wp\/v2\/posts\/28686\/revisions"}],"predecessor-version":[{"id":28688,"href":"https:\/\/armstrongyregion.com.ar\/diario\/wp-json\/wp\/v2\/posts\/28686\/revisions\/28688"}],"wp:featuredmedia":[{"embeddable":true,"href":"https:\/\/armstrongyregion.com.ar\/diario\/wp-json\/wp\/v2\/media\/28687"}],"wp:attachment":[{"href":"https:\/\/armstrongyregion.com.ar\/diario\/wp-json\/wp\/v2\/media?parent=28686"}],"wp:term":[{"taxonomy":"category","embeddable":true,"href":"https:\/\/armstrongyregion.com.ar\/diario\/wp-json\/wp\/v2\/categories?post=28686"},{"taxonomy":"post_tag","embeddable":true,"href":"https:\/\/armstrongyregion.com.ar\/diario\/wp-json\/wp\/v2\/tags?post=28686"}],"curies":[{"name":"wp","href":"https:\/\/api.w.org\/{rel}","templated":true}]}}