{"id":28680,"date":"2021-01-22T13:04:58","date_gmt":"2021-01-22T13:04:58","guid":{"rendered":"https:\/\/armstrongyregion.com.ar\/diario\/?p=28680"},"modified":"2021-01-22T13:05:02","modified_gmt":"2021-01-22T13:05:02","slug":"armstrong-sabores-y-colores-este-domingo-24-de-enero-en-el-bracito-fuerte","status":"publish","type":"post","link":"https:\/\/armstrongyregion.com.ar\/diario\/armstrong-sabores-y-colores-este-domingo-24-de-enero-en-el-bracito-fuerte\/","title":{"rendered":"Armstrong. Sabores y Colores este domingo 24 de enero en el Bracito Fuerte."},"content":{"rendered":"\n<figure class=\"wp-block-image size-large\"><img loading=\"lazy\" decoding=\"async\" width=\"588\" height=\"592\" src=\"http:\/\/armstrongyregion.com.ar\/diario\/wp-content\/uploads\/2021\/01\/feria-24-y-31-enero-2021.jpg\" alt=\"\" class=\"wp-image-28681\" srcset=\"https:\/\/armstrongyregion.com.ar\/diario\/wp-content\/uploads\/2021\/01\/feria-24-y-31-enero-2021.jpg 588w, https:\/\/armstrongyregion.com.ar\/diario\/wp-content\/uploads\/2021\/01\/feria-24-y-31-enero-2021-298x300.jpg 298w, https:\/\/armstrongyregion.com.ar\/diario\/wp-content\/uploads\/2021\/01\/feria-24-y-31-enero-2021-150x150.jpg 150w\" sizes=\"auto, (max-width: 588px) 100vw, 588px\" \/><\/figure>\n\n\n\n<p>La Municipalidad de Armstrong invita a participar de una nueva jornada de la Feria Sabores y Colores Locales que se realizar\u00e1 este domingo 24  y luego el 31 de enero desde las 18 hs. en el parque recreativo Bracito Fuerte.<\/p>\n\n\n\n<p>M\u00e1s de 30 emprendedores de nuestra ciudad y la regi\u00f3n ofreciendo productos de panificaci\u00f3n, reposter\u00eda, tragos, manualidades, reciclado, maquillaje art\u00edstico, artesan\u00eda en telas, cueros, madera, cemento, amigurrumis, tejidos, impresiones 3D, trabajos de aerograf\u00eda y traferencia, y porta macetas de cemento pintadas con&nbsp; aer\u00f3grafo.<\/p>\n\n\n\n<p>Como siempre estar\u00e1 presente DJ Gamal, habr\u00e1 sorteos, y la calesita \u201cEl Profe\u201d recibir\u00e1 a los m\u00e1s peque\u00f1os.<\/p>\n\n\n\n<p>Ac\u00e9rquese con su familia para admirar y apoyar la creatividad, el arte y el trabajo de la mano de obra local.<\/p>\n\n\n\n<p>Servicio de buffet a cargo de los emprendedores.<\/p>\n\n\n\n<p>Se solicita respetar los protocolos vigentes. Se suspende por lluvia.<\/p>\n","protected":false},"excerpt":{"rendered":"<p>La Municipalidad de Armstrong invita a participar de una nueva jornada de la Feria Sabores y Colores Locales que se realizar\u00e1 este domingo 24 y luego el 31 de enero desde las 18 hs. en el parque recreativo Bracito Fuerte. M\u00e1s de 30 emprendedores de nuestra ciudad y la regi\u00f3n ofreciendo productos de panificaci\u00f3n, reposter\u00eda, <a href=\"https:\/\/armstrongyregion.com.ar\/diario\/armstrong-sabores-y-colores-este-domingo-24-de-enero-en-el-bracito-fuerte\/\" title=\"Read more\" >&#8230;<\/a><\/p>\n","protected":false},"author":1,"featured_media":28681,"comment_status":"open","ping_status":"open","sticky":false,"template":"","format":"image","meta":{"_jetpack_memberships_contains_paid_content":false,"footnotes":"","jetpack_publicize_message":"","jetpack_publicize_feature_enabled":true,"jetpack_social_post_already_shared":true,"jetpack_social_options":{"image_generator_settings":{"template":"highway","default_image_id":0,"enabled":false},"version":2}},"categories":[6,8,1,2,3],"tags":[],"class_list":["post-28680","post","type-post","status-publish","format-image","has-post-thumbnail","hentry","category-cultura-entretenimiento","category-deliberando","category-diario-armstrong","category-locales","category-region","post_format-post-format-image"],"jetpack_publicize_connections":[],"jetpack_featured_media_url":"https:\/\/armstrongyregion.com.ar\/diario\/wp-content\/uploads\/2021\/01\/feria-24-y-31-enero-2021.jpg","jetpack_shortlink":"https:\/\/wp.me\/p62QDO-7sA","jetpack_sharing_enabled":true,"amp_enabled":true,"_links":{"self":[{"href":"https:\/\/armstrongyregion.com.ar\/diario\/wp-json\/wp\/v2\/posts\/28680","targetHints":{"allow":["GET"]}}],"collection":[{"href":"https:\/\/armstrongyregion.com.ar\/diario\/wp-json\/wp\/v2\/posts"}],"about":[{"href":"https:\/\/armstrongyregion.com.ar\/diario\/wp-json\/wp\/v2\/types\/post"}],"author":[{"embeddable":true,"href":"https:\/\/armstrongyregion.com.ar\/diario\/wp-json\/wp\/v2\/users\/1"}],"replies":[{"embeddable":true,"href":"https:\/\/armstrongyregion.com.ar\/diario\/wp-json\/wp\/v2\/comments?post=28680"}],"version-history":[{"count":1,"href":"https:\/\/armstrongyregion.com.ar\/diario\/wp-json\/wp\/v2\/posts\/28680\/revisions"}],"predecessor-version":[{"id":28682,"href":"https:\/\/armstrongyregion.com.ar\/diario\/wp-json\/wp\/v2\/posts\/28680\/revisions\/28682"}],"wp:featuredmedia":[{"embeddable":true,"href":"https:\/\/armstrongyregion.com.ar\/diario\/wp-json\/wp\/v2\/media\/28681"}],"wp:attachment":[{"href":"https:\/\/armstrongyregion.com.ar\/diario\/wp-json\/wp\/v2\/media?parent=28680"}],"wp:term":[{"taxonomy":"category","embeddable":true,"href":"https:\/\/armstrongyregion.com.ar\/diario\/wp-json\/wp\/v2\/categories?post=28680"},{"taxonomy":"post_tag","embeddable":true,"href":"https:\/\/armstrongyregion.com.ar\/diario\/wp-json\/wp\/v2\/tags?post=28680"}],"curies":[{"name":"wp","href":"https:\/\/api.w.org\/{rel}","templated":true}]}}