{"id":28659,"date":"2021-01-20T23:50:50","date_gmt":"2021-01-20T23:50:50","guid":{"rendered":"https:\/\/armstrongyregion.com.ar\/diario\/?p=28659"},"modified":"2021-01-20T23:50:54","modified_gmt":"2021-01-20T23:50:54","slug":"caso-parucci-concentracion-en-fiscalia-de-canada-de-gomez-pidiendo-justicia-por-juan-manuel","status":"publish","type":"post","link":"https:\/\/armstrongyregion.com.ar\/diario\/caso-parucci-concentracion-en-fiscalia-de-canada-de-gomez-pidiendo-justicia-por-juan-manuel\/","title":{"rendered":"Caso Parucci: Concentraci\u00f3n en fiscal\u00eda de Ca\u00f1ada de Gomez pidiendo justicia por Juan Manuel."},"content":{"rendered":"\n<figure class=\"wp-block-image size-large\"><img loading=\"lazy\" decoding=\"async\" width=\"516\" height=\"387\" src=\"http:\/\/armstrongyregion.com.ar\/diario\/wp-content\/uploads\/2021\/01\/caso-Parucci-fiscalia.jpg\" alt=\"\" class=\"wp-image-28660\" srcset=\"https:\/\/armstrongyregion.com.ar\/diario\/wp-content\/uploads\/2021\/01\/caso-Parucci-fiscalia.jpg 516w, https:\/\/armstrongyregion.com.ar\/diario\/wp-content\/uploads\/2021\/01\/caso-Parucci-fiscalia-300x225.jpg 300w\" sizes=\"auto, (max-width: 516px) 100vw, 516px\" \/><\/figure>\n\n\n\n<h2 class=\"wp-block-heading\"> La fiscal Gabriela Lescano recibi\u00f3 a la familia de Juan Manuel y estableci\u00f3 los pasos a seguir en la investigaci\u00f3n. A continuaci\u00f3n los testimonios de la marcha. <\/h2>\n\n\n\n<figure class=\"wp-block-embed-youtube wp-block-embed is-type-video is-provider-youtube wp-embed-aspect-16-9 wp-has-aspect-ratio\"><div class=\"wp-block-embed__wrapper\">\n<iframe loading=\"lazy\" title=\"NOTA MARCHA TIO Y MAMA JUAN MANUEL\" width=\"800\" height=\"450\" src=\"https:\/\/www.youtube.com\/embed\/eDf2nslvf3E?feature=oembed\" frameborder=\"0\" allow=\"accelerometer; autoplay; clipboard-write; encrypted-media; gyroscope; picture-in-picture\" allowfullscreen><\/iframe>\n<\/div><\/figure>\n\n\n\n<p>Fuente; Diario Visi\u00f3n.<\/p>\n","protected":false},"excerpt":{"rendered":"<p>La fiscal Gabriela Lescano recibi\u00f3 a la familia de Juan Manuel y estableci\u00f3 los pasos a seguir en la investigaci\u00f3n. A continuaci\u00f3n los testimonios de la marcha. Fuente; Diario Visi\u00f3n.<\/p>\n","protected":false},"author":1,"featured_media":28660,"comment_status":"open","ping_status":"open","sticky":false,"template":"","format":"image","meta":{"_jetpack_memberships_contains_paid_content":false,"footnotes":"","jetpack_publicize_message":"","jetpack_publicize_feature_enabled":true,"jetpack_social_post_already_shared":true,"jetpack_social_options":{"image_generator_settings":{"template":"highway","default_image_id":0,"enabled":false},"version":2}},"categories":[8,1,2,2852,3],"tags":[],"class_list":["post-28659","post","type-post","status-publish","format-image","has-post-thumbnail","hentry","category-deliberando","category-diario-armstrong","category-locales","category-policiales","category-region","post_format-post-format-image"],"jetpack_publicize_connections":[],"jetpack_featured_media_url":"https:\/\/armstrongyregion.com.ar\/diario\/wp-content\/uploads\/2021\/01\/caso-Parucci-fiscalia.jpg","jetpack_shortlink":"https:\/\/wp.me\/p62QDO-7sf","jetpack_sharing_enabled":true,"amp_enabled":true,"_links":{"self":[{"href":"https:\/\/armstrongyregion.com.ar\/diario\/wp-json\/wp\/v2\/posts\/28659","targetHints":{"allow":["GET"]}}],"collection":[{"href":"https:\/\/armstrongyregion.com.ar\/diario\/wp-json\/wp\/v2\/posts"}],"about":[{"href":"https:\/\/armstrongyregion.com.ar\/diario\/wp-json\/wp\/v2\/types\/post"}],"author":[{"embeddable":true,"href":"https:\/\/armstrongyregion.com.ar\/diario\/wp-json\/wp\/v2\/users\/1"}],"replies":[{"embeddable":true,"href":"https:\/\/armstrongyregion.com.ar\/diario\/wp-json\/wp\/v2\/comments?post=28659"}],"version-history":[{"count":1,"href":"https:\/\/armstrongyregion.com.ar\/diario\/wp-json\/wp\/v2\/posts\/28659\/revisions"}],"predecessor-version":[{"id":28661,"href":"https:\/\/armstrongyregion.com.ar\/diario\/wp-json\/wp\/v2\/posts\/28659\/revisions\/28661"}],"wp:featuredmedia":[{"embeddable":true,"href":"https:\/\/armstrongyregion.com.ar\/diario\/wp-json\/wp\/v2\/media\/28660"}],"wp:attachment":[{"href":"https:\/\/armstrongyregion.com.ar\/diario\/wp-json\/wp\/v2\/media?parent=28659"}],"wp:term":[{"taxonomy":"category","embeddable":true,"href":"https:\/\/armstrongyregion.com.ar\/diario\/wp-json\/wp\/v2\/categories?post=28659"},{"taxonomy":"post_tag","embeddable":true,"href":"https:\/\/armstrongyregion.com.ar\/diario\/wp-json\/wp\/v2\/tags?post=28659"}],"curies":[{"name":"wp","href":"https:\/\/api.w.org\/{rel}","templated":true}]}}