{"id":28640,"date":"2021-01-20T15:58:13","date_gmt":"2021-01-20T15:58:13","guid":{"rendered":"https:\/\/armstrongyregion.com.ar\/diario\/?p=28640"},"modified":"2021-01-20T15:58:16","modified_gmt":"2021-01-20T15:58:16","slug":"el-comite-de-emergencia-sanitaria-de-armstrong-comunica","status":"publish","type":"post","link":"https:\/\/armstrongyregion.com.ar\/diario\/el-comite-de-emergencia-sanitaria-de-armstrong-comunica\/","title":{"rendered":"El Comit\u00e9 de Emergencia Sanitaria de Armstrong Comunica:"},"content":{"rendered":"\n<figure class=\"wp-block-image size-large\"><img loading=\"lazy\" decoding=\"async\" width=\"510\" height=\"512\" src=\"http:\/\/armstrongyregion.com.ar\/diario\/wp-content\/uploads\/2021\/01\/covid-vacaciones-.jpg\" alt=\"\" class=\"wp-image-28641\" srcset=\"https:\/\/armstrongyregion.com.ar\/diario\/wp-content\/uploads\/2021\/01\/covid-vacaciones-.jpg 510w, https:\/\/armstrongyregion.com.ar\/diario\/wp-content\/uploads\/2021\/01\/covid-vacaciones--300x300.jpg 300w, https:\/\/armstrongyregion.com.ar\/diario\/wp-content\/uploads\/2021\/01\/covid-vacaciones--150x150.jpg 150w\" sizes=\"auto, (max-width: 510px) 100vw, 510px\" \/><\/figure>\n\n\n\n<h2 class=\"wp-block-heading\"> El Comit\u00e9 de Emergencia local recomienda a las personas de nuestra localidad que est\u00e9n de vacaciones o est\u00e9n por tomarlas, que al retornar tomen los recaudos necesarios realizando un aislamiento preventivo, que en lo posible eviten reuniones sociales y visitas a adultos mayores. En el caso de presentar s\u00edntomas consult\u00e9 a su m\u00e9dico o llamar al SUSAMCO. <\/h2>\n","protected":false},"excerpt":{"rendered":"<p>El Comit\u00e9 de Emergencia local recomienda a las personas de nuestra localidad que est\u00e9n de vacaciones o est\u00e9n por tomarlas, que al retornar tomen los recaudos necesarios realizando un aislamiento preventivo, que en lo posible eviten reuniones sociales y visitas a adultos mayores. En el caso de presentar s\u00edntomas consult\u00e9 a su m\u00e9dico o llamar <a href=\"https:\/\/armstrongyregion.com.ar\/diario\/el-comite-de-emergencia-sanitaria-de-armstrong-comunica\/\" title=\"Read more\" >&#8230;<\/a><\/p>\n","protected":false},"author":1,"featured_media":28641,"comment_status":"open","ping_status":"open","sticky":false,"template":"","format":"image","meta":{"_jetpack_memberships_contains_paid_content":false,"footnotes":"","jetpack_publicize_message":"","jetpack_publicize_feature_enabled":true,"jetpack_social_post_already_shared":true,"jetpack_social_options":{"image_generator_settings":{"template":"highway","default_image_id":0,"enabled":false},"version":2}},"categories":[8,1,2,4],"tags":[],"class_list":["post-28640","post","type-post","status-publish","format-image","has-post-thumbnail","hentry","category-deliberando","category-diario-armstrong","category-locales","category-prevencion-salud","post_format-post-format-image"],"jetpack_publicize_connections":[],"jetpack_featured_media_url":"https:\/\/armstrongyregion.com.ar\/diario\/wp-content\/uploads\/2021\/01\/covid-vacaciones-.jpg","jetpack_shortlink":"https:\/\/wp.me\/p62QDO-7rW","jetpack_sharing_enabled":true,"amp_enabled":true,"_links":{"self":[{"href":"https:\/\/armstrongyregion.com.ar\/diario\/wp-json\/wp\/v2\/posts\/28640","targetHints":{"allow":["GET"]}}],"collection":[{"href":"https:\/\/armstrongyregion.com.ar\/diario\/wp-json\/wp\/v2\/posts"}],"about":[{"href":"https:\/\/armstrongyregion.com.ar\/diario\/wp-json\/wp\/v2\/types\/post"}],"author":[{"embeddable":true,"href":"https:\/\/armstrongyregion.com.ar\/diario\/wp-json\/wp\/v2\/users\/1"}],"replies":[{"embeddable":true,"href":"https:\/\/armstrongyregion.com.ar\/diario\/wp-json\/wp\/v2\/comments?post=28640"}],"version-history":[{"count":1,"href":"https:\/\/armstrongyregion.com.ar\/diario\/wp-json\/wp\/v2\/posts\/28640\/revisions"}],"predecessor-version":[{"id":28642,"href":"https:\/\/armstrongyregion.com.ar\/diario\/wp-json\/wp\/v2\/posts\/28640\/revisions\/28642"}],"wp:featuredmedia":[{"embeddable":true,"href":"https:\/\/armstrongyregion.com.ar\/diario\/wp-json\/wp\/v2\/media\/28641"}],"wp:attachment":[{"href":"https:\/\/armstrongyregion.com.ar\/diario\/wp-json\/wp\/v2\/media?parent=28640"}],"wp:term":[{"taxonomy":"category","embeddable":true,"href":"https:\/\/armstrongyregion.com.ar\/diario\/wp-json\/wp\/v2\/categories?post=28640"},{"taxonomy":"post_tag","embeddable":true,"href":"https:\/\/armstrongyregion.com.ar\/diario\/wp-json\/wp\/v2\/tags?post=28640"}],"curies":[{"name":"wp","href":"https:\/\/api.w.org\/{rel}","templated":true}]}}