{"id":28621,"date":"2021-01-18T16:29:31","date_gmt":"2021-01-18T16:29:31","guid":{"rendered":"https:\/\/armstrongyregion.com.ar\/diario\/?p=28621"},"modified":"2021-01-18T16:29:35","modified_gmt":"2021-01-18T16:29:35","slug":"comenzo-la-reparacion-de-la-ex-ruta-9-en-canada-de-gomez","status":"publish","type":"post","link":"https:\/\/armstrongyregion.com.ar\/diario\/comenzo-la-reparacion-de-la-ex-ruta-9-en-canada-de-gomez\/","title":{"rendered":"Comenz\u00f3 la reparaci\u00f3n de la ex ruta 9 en Ca\u00f1ada de G\u00f3mez."},"content":{"rendered":"\n<figure class=\"wp-block-image size-large\"><img loading=\"lazy\" decoding=\"async\" width=\"520\" height=\"293\" src=\"http:\/\/armstrongyregion.com.ar\/diario\/wp-content\/uploads\/2021\/01\/RN-1V09-INICIO-OBRAS-EN-CA\u00d1ADA-DE-GOMEZ-18-1-20-1.jpg\" alt=\"\" class=\"wp-image-28622\" srcset=\"https:\/\/armstrongyregion.com.ar\/diario\/wp-content\/uploads\/2021\/01\/RN-1V09-INICIO-OBRAS-EN-CA\u00d1ADA-DE-GOMEZ-18-1-20-1.jpg 520w, https:\/\/armstrongyregion.com.ar\/diario\/wp-content\/uploads\/2021\/01\/RN-1V09-INICIO-OBRAS-EN-CA\u00d1ADA-DE-GOMEZ-18-1-20-1-300x169.jpg 300w\" sizes=\"auto, (max-width: 520px) 100vw, 520px\" \/><\/figure>\n\n\n\n<h2 class=\"wp-block-heading\"><em>Vialidad Nacional supervisa la ejecuci\u00f3n de los arreglos de cruces semaforizados en la RN 1V09 (ex 9) en la traves\u00eda urbana de Ca\u00f1ada de G\u00f3mez. Los trabajos iniciados se inscriben en un convenio entre el municipio y Vialidad Nacional que financia la mejora por unos 75 millones de pesos.<\/em><\/h2>\n\n\n\n<figure class=\"wp-block-image size-large\"><img loading=\"lazy\" decoding=\"async\" width=\"576\" height=\"288\" src=\"http:\/\/armstrongyregion.com.ar\/diario\/wp-content\/uploads\/2021\/01\/RN-1V09-INICIO-OBRAS-EN-CA\u00d1ADA-DE-GOMEZ-18-1-20-3.jpg\" alt=\"\" class=\"wp-image-28623\" srcset=\"https:\/\/armstrongyregion.com.ar\/diario\/wp-content\/uploads\/2021\/01\/RN-1V09-INICIO-OBRAS-EN-CA\u00d1ADA-DE-GOMEZ-18-1-20-3.jpg 576w, https:\/\/armstrongyregion.com.ar\/diario\/wp-content\/uploads\/2021\/01\/RN-1V09-INICIO-OBRAS-EN-CA\u00d1ADA-DE-GOMEZ-18-1-20-3-300x150.jpg 300w\" sizes=\"auto, (max-width: 576px) 100vw, 576px\" \/><\/figure>\n\n\n\n<p>&nbsp;El Ministerio de Obras P\u00fablicas de la Naci\u00f3n, a trav\u00e9s de Vialidad Nacional, controla y colabora en el desarrollo de las obras de reconstrucci\u00f3n de los cruces con sem\u00e1foros en la ex Ruta 9 dentro de la ciudad de Ca\u00f1ada de G\u00f3mez. Los trabajos, establecidos en un proyecto elaborado por el 7\u00b0 Distrito Santa Fe en coordinaci\u00f3n con el municipio local, abarca a cuatro intersecciones semaforizadas que presentan deformaciones por la detenci\u00f3n y arranque de camiones.<\/p>\n\n\n\n<p>D\u00edas atr\u00e1s comenzaron a ejecutarse las primeras tareas de reconstrucci\u00f3n de la calzada en ambas manos, incluidas las banquinas, con nuevas losas de hormig\u00f3n. Las obras se iniciaron en el cruce de RN 1V09 con la avenida Alem, donde se procede con el fresado y demolici\u00f3n de la calzada existente de hormig\u00f3n sobre uno de los carriles. Debido a la presencia de equipos y personal el paso por el lugar es alternado de a una mano por vez, coordinado por banderilleros.<\/p>\n\n\n\n<p>Las mejoras solventadas por el Estado Nacional, mediante una inversi\u00f3n superior a los 75 millones de pesos, prescriben el refuerzo de la estructura, 100 metros a cada lado de los cruces, lo que evitar\u00e1 las deformaciones producidas en la calzada, especialmente de camiones con carga. Los puntos a intervenir incluyen adem\u00e1s de Alem a los cruces con las avenidas San Mart\u00edn, Mitre y Laprida, con un plazo de ejecuci\u00f3n de 10 meses.<\/p>\n","protected":false},"excerpt":{"rendered":"<p>Vialidad Nacional supervisa la ejecuci\u00f3n de los arreglos de cruces semaforizados en la RN 1V09 (ex 9) en la traves\u00eda urbana de Ca\u00f1ada de G\u00f3mez. Los trabajos iniciados se inscriben en un convenio entre el municipio y Vialidad Nacional que financia la mejora por unos 75 millones de pesos. &nbsp;El Ministerio de Obras P\u00fablicas de <a href=\"https:\/\/armstrongyregion.com.ar\/diario\/comenzo-la-reparacion-de-la-ex-ruta-9-en-canada-de-gomez\/\" title=\"Read more\" >&#8230;<\/a><\/p>\n","protected":false},"author":1,"featured_media":28622,"comment_status":"open","ping_status":"open","sticky":false,"template":"","format":"image","meta":{"_jetpack_memberships_contains_paid_content":false,"footnotes":"","jetpack_publicize_message":"","jetpack_publicize_feature_enabled":true,"jetpack_social_post_already_shared":true,"jetpack_social_options":{"image_generator_settings":{"template":"highway","default_image_id":0,"enabled":false},"version":2}},"categories":[8,1,2,7,3],"tags":[],"class_list":["post-28621","post","type-post","status-publish","format-image","has-post-thumbnail","hentry","category-deliberando","category-diario-armstrong","category-locales","category-politica","category-region","post_format-post-format-image"],"jetpack_publicize_connections":[],"jetpack_featured_media_url":"https:\/\/armstrongyregion.com.ar\/diario\/wp-content\/uploads\/2021\/01\/RN-1V09-INICIO-OBRAS-EN-CA\u00d1ADA-DE-GOMEZ-18-1-20-1.jpg","jetpack_shortlink":"https:\/\/wp.me\/p62QDO-7rD","jetpack_sharing_enabled":true,"amp_enabled":true,"_links":{"self":[{"href":"https:\/\/armstrongyregion.com.ar\/diario\/wp-json\/wp\/v2\/posts\/28621","targetHints":{"allow":["GET"]}}],"collection":[{"href":"https:\/\/armstrongyregion.com.ar\/diario\/wp-json\/wp\/v2\/posts"}],"about":[{"href":"https:\/\/armstrongyregion.com.ar\/diario\/wp-json\/wp\/v2\/types\/post"}],"author":[{"embeddable":true,"href":"https:\/\/armstrongyregion.com.ar\/diario\/wp-json\/wp\/v2\/users\/1"}],"replies":[{"embeddable":true,"href":"https:\/\/armstrongyregion.com.ar\/diario\/wp-json\/wp\/v2\/comments?post=28621"}],"version-history":[{"count":1,"href":"https:\/\/armstrongyregion.com.ar\/diario\/wp-json\/wp\/v2\/posts\/28621\/revisions"}],"predecessor-version":[{"id":28624,"href":"https:\/\/armstrongyregion.com.ar\/diario\/wp-json\/wp\/v2\/posts\/28621\/revisions\/28624"}],"wp:featuredmedia":[{"embeddable":true,"href":"https:\/\/armstrongyregion.com.ar\/diario\/wp-json\/wp\/v2\/media\/28622"}],"wp:attachment":[{"href":"https:\/\/armstrongyregion.com.ar\/diario\/wp-json\/wp\/v2\/media?parent=28621"}],"wp:term":[{"taxonomy":"category","embeddable":true,"href":"https:\/\/armstrongyregion.com.ar\/diario\/wp-json\/wp\/v2\/categories?post=28621"},{"taxonomy":"post_tag","embeddable":true,"href":"https:\/\/armstrongyregion.com.ar\/diario\/wp-json\/wp\/v2\/tags?post=28621"}],"curies":[{"name":"wp","href":"https:\/\/api.w.org\/{rel}","templated":true}]}}