{"id":28616,"date":"2021-01-18T15:35:05","date_gmt":"2021-01-18T15:35:05","guid":{"rendered":"https:\/\/armstrongyregion.com.ar\/diario\/?p=28616"},"modified":"2021-01-18T15:35:09","modified_gmt":"2021-01-18T15:35:09","slug":"meyer-tenemos-proyectadas-obras-de-gran-importancia-para-toda-la-comunidad","status":"publish","type":"post","link":"https:\/\/armstrongyregion.com.ar\/diario\/meyer-tenemos-proyectadas-obras-de-gran-importancia-para-toda-la-comunidad\/","title":{"rendered":"Meyer: \u00abTenemos proyectadas obras de gran importancia para toda la comunidad\u00bb"},"content":{"rendered":"\n<figure class=\"wp-block-image size-large\"><img loading=\"lazy\" decoding=\"async\" width=\"768\" height=\"542\" src=\"http:\/\/armstrongyregion.com.ar\/diario\/wp-content\/uploads\/2019\/10\/Javier-Meyer-Delib-sep-19.jpg\" alt=\"\" class=\"wp-image-23185\" srcset=\"https:\/\/armstrongyregion.com.ar\/diario\/wp-content\/uploads\/2019\/10\/Javier-Meyer-Delib-sep-19.jpg 768w, https:\/\/armstrongyregion.com.ar\/diario\/wp-content\/uploads\/2019\/10\/Javier-Meyer-Delib-sep-19-300x212.jpg 300w\" sizes=\"auto, (max-width: 768px) 100vw, 768px\" \/><\/figure>\n\n\n\n<h2 class=\"wp-block-heading\"> El intendente se refiri\u00f3 entre otras a gas en Barrio 27 de Marzo, repavimentaci\u00f3n calle Uruguay, cloacas en toda la ciudad, pavimentaci\u00f3n Av. Las Rosas. <\/h2>\n\n\n\n<p><\/p>\n\n\n\n<p><\/p>\n\n\n\n<figure class=\"wp-block-audio\"><audio controls src=\"http:\/\/armstrongyregion.com.ar\/diario\/wp-content\/uploads\/2021\/01\/multimedia.audio_.94de68822ed4ceff.6d756c74696d656469612e617564696f2e3838626536646463356466366539622e6d7033.mp3\"><\/audio><figcaption>Intendente Javier Meyer.<\/figcaption><\/figure>\n\n\n\n<p><\/p>\n\n\n\n<p><strong>Repavimentaci\u00f3n calle Uruguay.&nbsp;<\/strong><em>\u201cLa semana pasada hemos reclamado con \u00e9nfasis los recursos que nos adeudaban de Obras Menores, y el lunes el gobierno de la provincia nos dep\u00f3sito $4.000.000 en concepto lo correspondiente al a\u00f1o 2019. Este recurso es el que est\u00e1 afectado la repavimentaci\u00f3n de calle Uruguay, por ello inmediatamente pasamos el proyecto de ordenanza al Concejo Deliberante para la compra directa de ese hormig\u00f3n, ya que como todos sabemos vivimos en una inestabilidad cambiaria muy grande y no podemos realizar un proceso licitatorio a 30 d\u00edas porque ning\u00fan proveedor sostiene los precios. Con sentido com\u00fan nuestros concejales dieron aprobaci\u00f3n, as\u00ed que ya tenemos adquirido hormig\u00f3n por la suma de 4 millones de pesos para empezar. La diferencia saldr\u00e1 de recursos propios del municipio.\u201d<\/em><br><em>\u201cAs\u00ed que la Provincia a comenzado a cumplir, y en conversaciones con Jos\u00e9 Luis Freyre y con Carlos Kauffman, de la Secretaria de Municipios y Comuna, han tomado el compromiso de agilizar el dinero de FOCOM 2020 destinado a la obra de Avenida Las Rosas\u201d.<\/em><\/p>\n\n\n\n<p><strong>Gas natural en Barrio 27 de Marzo.<\/strong>&nbsp;<em>\u201cTambi\u00e9n fue decidido positivamente por unanimidad en el Concejo Deliberante, y ahora debemos esperar que la empresa proveedora Litoral Gas d\u00e9 su aprobaci\u00f3n y el barrio entero tendr\u00e1 la red para acceso al gas\u201d.<\/em><\/p>\n\n\n\n<p><strong>Parque Espa\u00f1a.&nbsp;<\/strong><em>\u00abHemos terminado ya la nueva iluminaci\u00f3n perimetral, que produce un cambio est\u00e9tico extraordinario. Caminar hoy por las veredas del Parque realmente no es lo mismo que conoc\u00edamos hasta hace un mes atr\u00e1s, ha cambiado mucho. Noto que la gente la recorre a\u00fan sin haberse terminado el proyecto, y eso me pone muy contento porque son obras que los rosenses disfrutan much\u00edsimo.\u00bb<\/em><\/p>\n\n\n\n<p><strong>Desag\u00fce de Boulevard Kemmis.&nbsp;<\/strong><em>\u00abYa pr\u00e1cticamente est\u00e1 terminado, solamente faltan las obras de arte como son los cabezales, las bocas de tormenta. Una obra enorme donde se invirtieron m\u00e1s de 2 millones y medio de pesos de recursos municipales.\u00bb<\/em><\/p>\n\n\n\n<p><strong>Otras tareas de Obras y Servicios &#8211; 11 al 15 de enero<br><\/strong>\u2022 &nbsp; &nbsp;Conexiones de red de Agua Potable y Cloacas.<br>\u2022 &nbsp; &nbsp;Ampliaci\u00f3n red cloacal en Calle C\u00f3rdoba 800 y G\u00fcemes al 1000.<br><br>\u2022 &nbsp; &nbsp;Mantenimiento de Caminos Rurales alteo y colocaci\u00f3n de tubos para alcantarillado, en \u00e9ste caso camino 4,5 y 10.<br><br>\u2022 &nbsp; &nbsp;Reparaciones de veredas, cordones y trabajos de mantenimiento general.<br>\u2022 &nbsp; &nbsp;Construcci\u00f3n de tapas de c\u00e1maras, bolardos y diferentes accesorios en la secci\u00f3n Premoldeado de Maestranza Municipal.<br><br>\u2022 &nbsp; &nbsp;Montaje de columnas y recambio de luminarias led en calle Roque S\u00e1enz Pe\u00f1a, en la vereda Sur de Parque Espa\u00f1a .<\/p>\n\n\n\n<figure class=\"wp-block-image\"><img decoding=\"async\" src=\"https:\/\/lasrosasdigital.com.ar\/download\/multimedia.normal.a4b3a4362f0a1226.313520656e65726f206d6f736169636f5f6e6f726d616c2e6a7067.jpg\" alt=\"15 enero mosaico\"\/><\/figure>\n\n\n\n<hr class=\"wp-block-separator\"\/>\n\n\n\n<p><strong>Restricciones horarias por pandemia<\/strong><strong>.&nbsp;<\/strong><em>\u00abHay un decreto provincial&nbsp; y est\u00e1 en la gente despu\u00e9s respetarlo o no, y en la fuerza p\u00fablica aplicar el criterio que entiendan. Yo reitero que para m\u00ed restringir la circulaci\u00f3n de la 1:30 de la ma\u00f1ana hasta las 6 me parece que es una medida totalmente in\u00fatil. Desde el punto de vista sanitario esto no va a mejorar absolutamente nada, porque ac\u00e1 el movimiento grande est\u00e1 en las ma\u00f1anas, en los bancos, en los bares, en la calle. Yo creo que ac\u00e1&nbsp; lo que hay que hacer insistir en el uso del barbijo, en cuidarse, ingresar ordenadamente los comercios; y despu\u00e9s es que el gobierno trate por todos los medios de acelerar el tema de la vacuna, porque las actividades econ\u00f3micas no se pueden seguir afectando.\u00bb<\/em><\/p>\n\n\n\n<hr class=\"wp-block-separator\"\/>\n\n\n\n<p>Audio: Renacer Regional<\/p>\n\n\n\n<p>Edici\u00f3n: Las Rosas Digital.<\/p>\n","protected":false},"excerpt":{"rendered":"<p>El intendente se refiri\u00f3 entre otras a gas en Barrio 27 de Marzo, repavimentaci\u00f3n calle Uruguay, cloacas en toda la ciudad, pavimentaci\u00f3n Av. Las Rosas. Repavimentaci\u00f3n calle Uruguay.&nbsp;\u201cLa semana pasada hemos reclamado con \u00e9nfasis los recursos que nos adeudaban de Obras Menores, y el lunes el gobierno de la provincia nos dep\u00f3sito $4.000.000 en concepto <a href=\"https:\/\/armstrongyregion.com.ar\/diario\/meyer-tenemos-proyectadas-obras-de-gran-importancia-para-toda-la-comunidad\/\" title=\"Read more\" >&#8230;<\/a><\/p>\n","protected":false},"author":1,"featured_media":23185,"comment_status":"open","ping_status":"open","sticky":false,"template":"","format":"image","meta":{"_jetpack_memberships_contains_paid_content":false,"footnotes":"","jetpack_publicize_message":"","jetpack_publicize_feature_enabled":true,"jetpack_social_post_already_shared":true,"jetpack_social_options":{"image_generator_settings":{"template":"highway","default_image_id":0,"enabled":false},"version":2}},"categories":[8,1,7,3],"tags":[],"class_list":["post-28616","post","type-post","status-publish","format-image","has-post-thumbnail","hentry","category-deliberando","category-diario-armstrong","category-politica","category-region","post_format-post-format-image"],"jetpack_publicize_connections":[],"jetpack_featured_media_url":"https:\/\/armstrongyregion.com.ar\/diario\/wp-content\/uploads\/2019\/10\/Javier-Meyer-Delib-sep-19.jpg","jetpack_shortlink":"https:\/\/wp.me\/p62QDO-7ry","jetpack_sharing_enabled":true,"amp_enabled":true,"_links":{"self":[{"href":"https:\/\/armstrongyregion.com.ar\/diario\/wp-json\/wp\/v2\/posts\/28616","targetHints":{"allow":["GET"]}}],"collection":[{"href":"https:\/\/armstrongyregion.com.ar\/diario\/wp-json\/wp\/v2\/posts"}],"about":[{"href":"https:\/\/armstrongyregion.com.ar\/diario\/wp-json\/wp\/v2\/types\/post"}],"author":[{"embeddable":true,"href":"https:\/\/armstrongyregion.com.ar\/diario\/wp-json\/wp\/v2\/users\/1"}],"replies":[{"embeddable":true,"href":"https:\/\/armstrongyregion.com.ar\/diario\/wp-json\/wp\/v2\/comments?post=28616"}],"version-history":[{"count":1,"href":"https:\/\/armstrongyregion.com.ar\/diario\/wp-json\/wp\/v2\/posts\/28616\/revisions"}],"predecessor-version":[{"id":28618,"href":"https:\/\/armstrongyregion.com.ar\/diario\/wp-json\/wp\/v2\/posts\/28616\/revisions\/28618"}],"wp:featuredmedia":[{"embeddable":true,"href":"https:\/\/armstrongyregion.com.ar\/diario\/wp-json\/wp\/v2\/media\/23185"}],"wp:attachment":[{"href":"https:\/\/armstrongyregion.com.ar\/diario\/wp-json\/wp\/v2\/media?parent=28616"}],"wp:term":[{"taxonomy":"category","embeddable":true,"href":"https:\/\/armstrongyregion.com.ar\/diario\/wp-json\/wp\/v2\/categories?post=28616"},{"taxonomy":"post_tag","embeddable":true,"href":"https:\/\/armstrongyregion.com.ar\/diario\/wp-json\/wp\/v2\/tags?post=28616"}],"curies":[{"name":"wp","href":"https:\/\/api.w.org\/{rel}","templated":true}]}}