{"id":28603,"date":"2021-01-17T00:15:33","date_gmt":"2021-01-17T00:15:33","guid":{"rendered":"https:\/\/armstrongyregion.com.ar\/diario\/?p=28603"},"modified":"2021-01-17T00:15:36","modified_gmt":"2021-01-17T00:15:36","slug":"dr-gabriel-bertino-yo-creo-en-la-cultura-creo-que-es-lo-que-nos-diferencia-y-nos-hace-ir-hacia-adelante","status":"publish","type":"post","link":"https:\/\/armstrongyregion.com.ar\/diario\/dr-gabriel-bertino-yo-creo-en-la-cultura-creo-que-es-lo-que-nos-diferencia-y-nos-hace-ir-hacia-adelante\/","title":{"rendered":"Dr. Gabriel Bertino \u201cYo creo en la cultura, creo que es lo que nos diferencia y nos hace ir hacia adelante\u201d"},"content":{"rendered":"\n<figure class=\"wp-block-image size-large\"><img loading=\"lazy\" decoding=\"async\" width=\"639\" height=\"467\" src=\"http:\/\/armstrongyregion.com.ar\/diario\/wp-content\/uploads\/2021\/01\/Bertino-nota-.jpg\" alt=\"\" class=\"wp-image-28607\" srcset=\"https:\/\/armstrongyregion.com.ar\/diario\/wp-content\/uploads\/2021\/01\/Bertino-nota-.jpg 639w, https:\/\/armstrongyregion.com.ar\/diario\/wp-content\/uploads\/2021\/01\/Bertino-nota--300x219.jpg 300w\" sizes=\"auto, (max-width: 639px) 100vw, 639px\" \/><\/figure>\n\n\n\n<p> Al termino de la presentaci\u00f3n del disco musical \u201cJuntos Podemos\u201d el Pte. Comunal de Montes de Oca Dr. Gabriel Bertino en dialogo con nuestro medio dijo: \u201cEstamos muy contentos porque realmente le pusimos mucho esfuerzo, ya que desde abril estamos trabajando y surgi\u00f3. Primero pensamos en una canci\u00f3n, luego en un video clip, luego pensamos en convocar a alguien importante como Fabricio y realmente se presto a colaborar con este proyecto, e integrar a todo el departamento, realmente estoy muy conforme con lo que qued\u00f3, art\u00edsticamente el trabajo es muy bueno, a la vez es muy heterog\u00e9neo ya que hay distintos ritmos, representa lo que somos y la letra nos representa como pueblo, la vida de esta comunidad, es lo que quer\u00edamos plasmar y lograr\u201d. <\/p>\n\n\n\n<figure class=\"wp-block-image size-large\"><img loading=\"lazy\" decoding=\"async\" width=\"391\" height=\"555\" src=\"http:\/\/armstrongyregion.com.ar\/diario\/wp-content\/uploads\/2021\/01\/disco-.jpg\" alt=\"\" class=\"wp-image-28605\" srcset=\"https:\/\/armstrongyregion.com.ar\/diario\/wp-content\/uploads\/2021\/01\/disco-.jpg 391w, https:\/\/armstrongyregion.com.ar\/diario\/wp-content\/uploads\/2021\/01\/disco--211x300.jpg 211w\" sizes=\"auto, (max-width: 391px) 100vw, 391px\" \/><\/figure>\n\n\n\n<p>Siguiendo la misma l\u00ednea de discurso Bertino a\u00f1adi\u00f3: \u201cQuer\u00edamos trasmitir lo que somos nuestra identidad y para nosotros es muy importante esta puesta de cultura que es lo que realmente nos identifica.  <\/p>\n\n\n\n<p>Yo creo en la\ncultura, creo que es lo que nos diferencia y nos hace ir hacia\nadelante, no es lo mismo enfrentar una dificultad con el alma vac\u00eda\nque con el alma llena\u201d.<\/p>\n\n\n\n<p>Luego remarc\u00f3: \u201cLos recursos para este trabajo fueron fondos propios y el apoyo incondicional y tambi\u00e9n econ\u00f3mico del Senador Guillermo Cornaglia, junto con la colaboraci\u00f3n desinteresada de Fabricio, los vecinos se sumaron voluntariamente, quienes brindaron sus casas, su veh\u00edculo, este ha sido un trabajo en conjunto. Esto ha sido una inversi\u00f3n a los j\u00f3venes para que ellos puedan mostrar lo que hacen y que esto deje de ser un Hobby  porque hay mucho talento en nuestra zona.<\/p>\n","protected":false},"excerpt":{"rendered":"<p>Al termino de la presentaci\u00f3n del disco musical \u201cJuntos Podemos\u201d el Pte. Comunal de Montes de Oca Dr. Gabriel Bertino en dialogo con nuestro medio dijo: \u201cEstamos muy contentos porque realmente le pusimos mucho esfuerzo, ya que desde abril estamos trabajando y surgi\u00f3. Primero pensamos en una canci\u00f3n, luego en un video clip, luego pensamos <a href=\"https:\/\/armstrongyregion.com.ar\/diario\/dr-gabriel-bertino-yo-creo-en-la-cultura-creo-que-es-lo-que-nos-diferencia-y-nos-hace-ir-hacia-adelante\/\" title=\"Read more\" >&#8230;<\/a><\/p>\n","protected":false},"author":1,"featured_media":28607,"comment_status":"open","ping_status":"open","sticky":false,"template":"","format":"image","meta":{"_jetpack_memberships_contains_paid_content":false,"footnotes":"","jetpack_publicize_message":"","jetpack_publicize_feature_enabled":true,"jetpack_social_post_already_shared":true,"jetpack_social_options":{"image_generator_settings":{"template":"highway","default_image_id":0,"enabled":false},"version":2}},"categories":[6,8,1,2,7,3],"tags":[],"class_list":["post-28603","post","type-post","status-publish","format-image","has-post-thumbnail","hentry","category-cultura-entretenimiento","category-deliberando","category-diario-armstrong","category-locales","category-politica","category-region","post_format-post-format-image"],"jetpack_publicize_connections":[],"jetpack_featured_media_url":"https:\/\/armstrongyregion.com.ar\/diario\/wp-content\/uploads\/2021\/01\/Bertino-nota-.jpg","jetpack_shortlink":"https:\/\/wp.me\/p62QDO-7rl","jetpack_sharing_enabled":true,"amp_enabled":true,"_links":{"self":[{"href":"https:\/\/armstrongyregion.com.ar\/diario\/wp-json\/wp\/v2\/posts\/28603","targetHints":{"allow":["GET"]}}],"collection":[{"href":"https:\/\/armstrongyregion.com.ar\/diario\/wp-json\/wp\/v2\/posts"}],"about":[{"href":"https:\/\/armstrongyregion.com.ar\/diario\/wp-json\/wp\/v2\/types\/post"}],"author":[{"embeddable":true,"href":"https:\/\/armstrongyregion.com.ar\/diario\/wp-json\/wp\/v2\/users\/1"}],"replies":[{"embeddable":true,"href":"https:\/\/armstrongyregion.com.ar\/diario\/wp-json\/wp\/v2\/comments?post=28603"}],"version-history":[{"count":1,"href":"https:\/\/armstrongyregion.com.ar\/diario\/wp-json\/wp\/v2\/posts\/28603\/revisions"}],"predecessor-version":[{"id":28608,"href":"https:\/\/armstrongyregion.com.ar\/diario\/wp-json\/wp\/v2\/posts\/28603\/revisions\/28608"}],"wp:featuredmedia":[{"embeddable":true,"href":"https:\/\/armstrongyregion.com.ar\/diario\/wp-json\/wp\/v2\/media\/28607"}],"wp:attachment":[{"href":"https:\/\/armstrongyregion.com.ar\/diario\/wp-json\/wp\/v2\/media?parent=28603"}],"wp:term":[{"taxonomy":"category","embeddable":true,"href":"https:\/\/armstrongyregion.com.ar\/diario\/wp-json\/wp\/v2\/categories?post=28603"},{"taxonomy":"post_tag","embeddable":true,"href":"https:\/\/armstrongyregion.com.ar\/diario\/wp-json\/wp\/v2\/tags?post=28603"}],"curies":[{"name":"wp","href":"https:\/\/api.w.org\/{rel}","templated":true}]}}