{"id":28562,"date":"2021-01-13T00:30:50","date_gmt":"2021-01-13T00:30:50","guid":{"rendered":"https:\/\/armstrongyregion.com.ar\/diario\/?p=28562"},"modified":"2021-01-13T00:30:53","modified_gmt":"2021-01-13T00:30:53","slug":"segundo-dia-del-paro-del-campo-los-productores-aseguran-que-el-gobierno-castiga-a-los-que-trabajan","status":"publish","type":"post","link":"https:\/\/armstrongyregion.com.ar\/diario\/segundo-dia-del-paro-del-campo-los-productores-aseguran-que-el-gobierno-castiga-a-los-que-trabajan\/","title":{"rendered":"Segundo d\u00eda del paro del campo: los productores aseguran que el Gobierno castiga a los que trabajan."},"content":{"rendered":"\n<figure class=\"wp-block-image size-large\"><img loading=\"lazy\" decoding=\"async\" width=\"711\" height=\"409\" src=\"http:\/\/armstrongyregion.com.ar\/diario\/wp-content\/uploads\/2021\/01\/paro-campo-2-.jpg\" alt=\"\" class=\"wp-image-28563\" srcset=\"https:\/\/armstrongyregion.com.ar\/diario\/wp-content\/uploads\/2021\/01\/paro-campo-2-.jpg 711w, https:\/\/armstrongyregion.com.ar\/diario\/wp-content\/uploads\/2021\/01\/paro-campo-2--300x173.jpg 300w\" sizes=\"auto, (max-width: 711px) 100vw, 711px\" \/><\/figure>\n\n\n\n<p> Infobae recorri\u00f3 los puntos centrales de la protesta en la provincia de Santa Fe, donde se pide que el gobierno reciba a la Mesa Enlace. C\u00f3mo impact\u00f3 la medida de fuerza en el ingreso de camiones en los puertos cerealeros.<\/p>\n\n\n\n<figure class=\"wp-block-image size-large\"><img loading=\"lazy\" decoding=\"async\" width=\"843\" height=\"461\" src=\"http:\/\/armstrongyregion.com.ar\/diario\/wp-content\/uploads\/2021\/01\/paro-2-.jpg\" alt=\"\" class=\"wp-image-28564\" srcset=\"https:\/\/armstrongyregion.com.ar\/diario\/wp-content\/uploads\/2021\/01\/paro-2-.jpg 843w, https:\/\/armstrongyregion.com.ar\/diario\/wp-content\/uploads\/2021\/01\/paro-2--300x164.jpg 300w, https:\/\/armstrongyregion.com.ar\/diario\/wp-content\/uploads\/2021\/01\/paro-2--768x420.jpg 768w\" sizes=\"auto, (max-width: 843px) 100vw, 843px\" \/><\/figure>\n\n\n\n<p>Transita el segundo d\u00eda del cese de comercializaci\u00f3n de granos por 72 horas, convocado por tres de las cuatro entidades que conforman la Mesa de Enlace en rechazo al cierre de las exportaciones de ma\u00edz. Se aguarda una definici\u00f3n para ma\u00f1ana sobre si hay o no una extensi\u00f3n de la protesta.<\/p>\n\n\n\n<p>De acuerdo a los datos aportados desde el sector privado,\u00a0<strong>en los primeros dos d\u00edas de paro hubo una ca\u00edda aproximada del 50% en los ingresos de camiones cerealeros a los puertos de Rosario, respecto de la semana anterior.<\/strong>\u00a0En el transcurso de ayer ingresaron solo 1.680 camiones con soja, trigo, ma\u00edz y girasol en todos los puertos granarios. Esto representa una ca\u00edda nominal del 52% y repercute de manera directa en los ingresos de divisas en el corto plazo, seg\u00fan indican. Hoy, en tanto, el n\u00famero merm\u00f3 en 1.534 camiones y para ma\u00f1ana se prev\u00e9 que el n\u00famero siga en ca\u00edda.<\/p>\n\n\n\n<p><strong>\u201cLo que ocurre es un diferimiento y no una p\u00e9rdida en s\u00ed, porque lo que no se venda en estos tres d\u00edas de paro se va a vender posteriormente. Los cupos van a ser dados y el producto f\u00edsico va a estar\u201d,&nbsp;<\/strong>afirma&nbsp;<strong>Mat\u00edas Lestani,<\/strong>&nbsp;responsable del departamento econ\u00f3mico de CRA. Aunque, en principio, el cese a la comercializaci\u00f3n no implica una p\u00e9rdida econ\u00f3mica s\u00ed es una interrupci\u00f3n en el ingresos de divisas.<\/p>\n\n\n\n<figure class=\"wp-block-image\"><img decoding=\"async\" src=\"https:\/\/www.infobae.com\/new-resizer\/VRmVBNTcYmKin4XikVwwBED_9Xg=\/420x280\/filters:format(jpg):quality(85)\/\/cloudfront-us-east-1.images.arcpublishing.com\/infobae\/S522QDZW6JDUNJKK3BMVVU5LDU.JPG\" alt=\"(Foto: Franco Fafasuli)\"\/><\/figure>\n\n\n\n<p>(Foto: Franco Fafasuli)<\/p>\n\n\n\n<p><strong>\u201cEl cese de comercial impacta, ya que ingresan cerca de 3.500 camiones por d\u00eda con trigo, ma\u00edz, soja diariamente a los puertos y esta medida impacta enormemente al sector por la fuerte adopci\u00f3n que est\u00e1 teniendo\u201d<\/strong>, dice&nbsp;<strong>Gustavo Id\u00edgoras,&nbsp;<\/strong>presidente de la&nbsp;<strong>C\u00e1mara de la Industria Aceitera de la Rep\u00fablica Argentina&nbsp;<\/strong>y el&nbsp;<strong>Centro de Exportadores de Cereales (Ciara-Cec)<\/strong>.<\/p>\n\n\n\n<p>Mientras tanto en el interior los productores contin\u00faan en muchos lugares movilizados y al costado de las rutas. En esta jornada,&nbsp;<strong>Infobae<\/strong>&nbsp;visit\u00f3 dos lugares estrat\u00e9gicos del reclamo actual del campo, pero que tambi\u00e9n tienen su historia porque fueron escenarios que tuvieron un alt\u00edsimo protagonismo durante el conflicto de 2008 por las retenciones m\u00f3viles.<\/p>\n\n\n\n<p>Uno de esos lugares&nbsp;<strong>es la rotonda en la intersecci\u00f3n de las Rutas 9 y 178 en Armstrong, provincia de Santa Fe.&nbsp;<\/strong>Un importante grupo de productores agropecuarios, muchos de ellos autoconvocados, decidieron realizar una acampe hasta que finalice la protesta.&nbsp;<strong>El malestar es grande por el cierre de las exportaciones de ma\u00edz, pero tambi\u00e9n por los dem\u00e1s problemas que afectan al sector: desdoblamiento cambiario, inseguridad rural, retenciones, el avance del Estado sobre la propiedad privada, entre los principales.<\/strong><\/p>\n\n\n\n<p><strong>Iv\u00e1n Castellaro&nbsp;<\/strong>es un productor de 52 a\u00f1os de la localidad santafesina de Ca\u00f1ada de G\u00f3mez, aunque tambi\u00e9n trabaja en establecimientos rurales del centro de Entre R\u00edos. Es uno de los que encabeza el acampe y cuenta que tambi\u00e9n<strong>&nbsp;lleva adelante el control de camiones con cereales que transitan por el lugar<\/strong>: \u201cCon mucho respeto nos acercamos a los camioneros y le solicitamos la documentaci\u00f3n correspondiente sobre el traslado de la mercader\u00eda, que es la carta de porte, y despu\u00e9s viralizamos en las redes sociales los acopios o cooperativas que no cumplen con el cese de comercializaci\u00f3n. Y en muchos casos nos acercamos para dialogar con los responsables de ambas estructuras comerciales para concientizarlos sobre el dif\u00edcil momento que estamos atravesando\u201d, coment\u00f3.<\/p>\n\n\n\n<figure class=\"wp-block-image\"><img decoding=\"async\" src=\"https:\/\/www.infobae.com\/new-resizer\/HNPYGv8wJql2JCnvLzYRMZORNFE=\/420x280\/filters:format(jpg):quality(85)\/\/cloudfront-us-east-1.images.arcpublishing.com\/infobae\/IBE7OHYCOVABNDQLCBEUE4G7XE.JPG\" alt=\"\u201cCon mucho respeto nos acercamos a los camioneros y le solicitamos la documentaci\u00f3n correspondiente sobre el traslado de la mercader\u00eda y despu\u00e9s viralizamos en las redes sociales los acopios o cooperativas que no cumplen con el cese de comercializaci\u00f3n&quot;, dicen los productores\n(Foto: Franco Fafasuli)\"\/><\/figure>\n\n\n\n<p>\u201cCon mucho respeto nos acercamos a los camioneros y le solicitamos la documentaci\u00f3n correspondiente sobre el traslado de la mercader\u00eda y despu\u00e9s viralizamos en las redes sociales los acopios o cooperativas que no cumplen con el cese de comercializaci\u00f3n\u00bb, dicen los productores (Foto: Franco Fafasuli)<\/p>\n\n\n\n<p>De cara a la decisi\u00f3n que ma\u00f1ana adopte la Mesa de Enlace de extender o no la medida de fuerza, Castellaro sostuvo:&nbsp;<strong>\u201cLa idea que tenemos en este lugar es acatar lo que digan los dirigentes. Desde ac\u00e1 a la Mesa de Enlace le decimos que estamos muy firmes, unidos, con el objetivo de seguir defendiendo al sector y a la producci\u00f3n\u201d.<\/strong><\/p>\n\n\n\n<p>A su vez, el productor santafesino envi\u00f3 un mensaje al Gobierno nacional: \u201cNo queremos que nos sigan provocando con las medidas, anuncios que no conducen a nada y declaraciones que siempre son ataques a los dirigentes y productores.&nbsp;<strong>Necesitamos que nuestras autoridades dejen de castigar al que produce y trabaja, y que dejen de atacar a la inversi\u00f3n del campo\u201d.<\/strong><\/p>\n\n\n\n<p><strong>\u201cNo hay que aflojar\u201d<\/strong><\/p>\n\n\n\n<p><strong>El cruce de la A 12 y la Ruta 34, en el Departamento de San Lorenzo, es la puerta de ingreso a la zona de puertos del Gran Rosario,<\/strong>&nbsp;por donde transitan los camiones que se dirigen hacia los puertos de San Lorenzo y Ricardone. La producci\u00f3n que llega a esos lugares proviene del centro, norte y una parte del sur de Santa Fe, pero tambi\u00e9n desde Chaco, Santiago del Estero, C\u00f3rdoba y Salta, entre otras provincias.<\/p>\n\n\n\n<p>En ese lugar que tambi\u00e9n tiene mucha historia en el reclamo del sector agropecuario, hoy continu\u00f3 la actividad de control de cargas a los camiones.&nbsp;<strong>Son cerca de 40 productores que al costado de la ruta se encuentran con una casilla y sus camionetas y hasta bien entrada la noche permanecen en el lugar a la espera de una respuesta de las negociaciones en Buenos Aires para destrabar el conflicto,<\/strong>&nbsp;pero tambi\u00e9n preocupados por la situaci\u00f3n clim\u00e1tica donde la usencia de lluvias es importante y que impact\u00f3 en la \u00faltima cosecha de trigo con rendimientos muy por debajo de los proyectados en el inicio del ciclo.<\/p>\n\n\n\n<figure class=\"wp-block-image\"><img decoding=\"async\" src=\"https:\/\/www.infobae.com\/new-resizer\/JiLQJUHjJqKwoEswVhiorcTdIbE=\/420x280\/filters:format(jpg):quality(85)\/\/cloudfront-us-east-1.images.arcpublishing.com\/infobae\/VIXECBCDMNE4XO4K456TPFQLYE.JPG\" alt=\"Un grupo de productores a la vera de la ruta 34, en Santa Fe\n(Foto: Franco Fafasuli)\"\/><\/figure>\n\n\n\n<p>Un grupo de productores a la vera de la ruta 34, en Santa Fe (Foto: Franco Fafasuli)<\/p>\n\n\n\n<p>En di\u00e1logo con este medio, el productor agropecuario,&nbsp;<strong>Diter Von Pannwite<\/strong>, coment\u00f3 que en promedio por el lugar circulan en momentos normales del a\u00f1o unos 1500 camiones por d\u00eda, \u201centre ayer y hoy esa cifra baj\u00f3 notablemente y&nbsp;<strong>son escasos los camiones que transitan por el lugar<\/strong>. Y como sucede en otros lugares donde se hace el control de carga, nos acercamos al camionero a pedirle la carta de porte y luego pueden seguir con su recorrido. En muchos casos nos sorprendi\u00f3 la solidaridad de los camioneros con nuestro reclamo, ya que ellos saben que si al campo lo afecta la crisis tambi\u00e9n los impacta a ellos\u201d, se\u00f1al\u00f3.<\/p>\n\n\n\n<p>En relaci\u00f3n al mensaje que enviaron a los dirigentes de la Mesa de Enlace, los productores manifestaron,&nbsp;<strong>\u201chay que seguir firmes ante los atropellos del gobierno. No hay que aflojar. No vamos a parar hasta que la Mesa de Enlace sea recibida por el Gobierno.<\/strong>&nbsp;Y a las entidades que forman parte del Consejo Agroindustrial que se retiren de manera inmediata de dicho espacio, ya que constantemente nos siguen mojando la oreja\u201d.<\/p>\n\n\n\n<p>Por \u00faltimo, tambi\u00e9n hubo un reclamo al gobierno de&nbsp;<strong>Alberto Fern\u00e1ndez<\/strong>: \u201cNos tienen que dejar de chicanear y atacar, y hay que construir un proyecto futuro de pa\u00eds y para el sector.&nbsp;<strong>Es muy f\u00e1cil hacer caridad con el bolsillo ajeno. El Estado debe realizar su ajuste.<\/strong>&nbsp;Y adem\u00e1s hay que quitarle los impuestos a los alimentos para que as\u00ed se pueda cuidar a la Mesa de los argentinos\u201d.<\/p>\n\n\n\n<p><strong>La protesta en Bell Ville<\/strong><\/p>\n\n\n\n<p>Hoy a las 8 horas un grupo entre 40 y 50 productores autoconvocados se hicieron presentes en puesta de ingreso de la&nbsp;<strong>Cooperativa Agricultores Federados Argentinos (AFA)<\/strong>, que est\u00e1 ubicada en la ciudad cordobesa de Bell Ville, donde realizaron una Asamblea y una movida para que no salieran camiones con granos con destino a puerto.<\/p>\n\n\n\n<figure class=\"wp-block-image\"><img decoding=\"async\" src=\"https:\/\/www.infobae.com\/new-resizer\/i-CKdX7FOyogTedPcHncy0_64aU=\/420x315\/filters:format(jpg):quality(85)\/\/cloudfront-us-east-1.images.arcpublishing.com\/infobae\/POZQZMPDXVEY7MS26E4KOH4IIE.jpg\" alt=\"Protesta frente a la planta de la Cooperativa AFA\n(Foto: Franco Fafasuli)\"\/><\/figure>\n\n\n\n<p>Protesta frente a la planta de la Cooperativa AFA (Foto: Franco Fafasuli)<\/p>\n\n\n\n<p>En el lugar se hizo presente un directivo zonal de la Cooperativa, quien se comprometi\u00f3 a no seguir cargando producci\u00f3n, mientras que los productores manifestaron su malestar porque consideraron que no se estaba cumpliendo con el freno a la comercializaci\u00f3n de granos. El representante de la empresa pidi\u00f3 disculpas y los productores se retiraron del lugar.<\/p>\n\n\n\n<p>Fuente: Infobae<\/p>\n\n\n\n<p><\/p>\n\n\n\n<p><\/p>\n","protected":false},"excerpt":{"rendered":"<p>Infobae recorri\u00f3 los puntos centrales de la protesta en la provincia de Santa Fe, donde se pide que el gobierno reciba a la Mesa Enlace. C\u00f3mo impact\u00f3 la medida de fuerza en el ingreso de camiones en los puertos cerealeros. Transita el segundo d\u00eda del cese de comercializaci\u00f3n de granos por 72 horas, convocado por <a href=\"https:\/\/armstrongyregion.com.ar\/diario\/segundo-dia-del-paro-del-campo-los-productores-aseguran-que-el-gobierno-castiga-a-los-que-trabajan\/\" title=\"Read more\" >&#8230;<\/a><\/p>\n","protected":false},"author":1,"featured_media":28563,"comment_status":"open","ping_status":"open","sticky":false,"template":"","format":"image","meta":{"_jetpack_memberships_contains_paid_content":false,"footnotes":"","jetpack_publicize_message":"","jetpack_publicize_feature_enabled":true,"jetpack_social_post_already_shared":true,"jetpack_social_options":{"image_generator_settings":{"template":"highway","default_image_id":0,"enabled":false},"version":2}},"categories":[8,1,2,7,3],"tags":[],"class_list":["post-28562","post","type-post","status-publish","format-image","has-post-thumbnail","hentry","category-deliberando","category-diario-armstrong","category-locales","category-politica","category-region","post_format-post-format-image"],"jetpack_publicize_connections":[],"jetpack_featured_media_url":"https:\/\/armstrongyregion.com.ar\/diario\/wp-content\/uploads\/2021\/01\/paro-campo-2-.jpg","jetpack_shortlink":"https:\/\/wp.me\/p62QDO-7qG","jetpack_sharing_enabled":true,"amp_enabled":true,"_links":{"self":[{"href":"https:\/\/armstrongyregion.com.ar\/diario\/wp-json\/wp\/v2\/posts\/28562","targetHints":{"allow":["GET"]}}],"collection":[{"href":"https:\/\/armstrongyregion.com.ar\/diario\/wp-json\/wp\/v2\/posts"}],"about":[{"href":"https:\/\/armstrongyregion.com.ar\/diario\/wp-json\/wp\/v2\/types\/post"}],"author":[{"embeddable":true,"href":"https:\/\/armstrongyregion.com.ar\/diario\/wp-json\/wp\/v2\/users\/1"}],"replies":[{"embeddable":true,"href":"https:\/\/armstrongyregion.com.ar\/diario\/wp-json\/wp\/v2\/comments?post=28562"}],"version-history":[{"count":1,"href":"https:\/\/armstrongyregion.com.ar\/diario\/wp-json\/wp\/v2\/posts\/28562\/revisions"}],"predecessor-version":[{"id":28565,"href":"https:\/\/armstrongyregion.com.ar\/diario\/wp-json\/wp\/v2\/posts\/28562\/revisions\/28565"}],"wp:featuredmedia":[{"embeddable":true,"href":"https:\/\/armstrongyregion.com.ar\/diario\/wp-json\/wp\/v2\/media\/28563"}],"wp:attachment":[{"href":"https:\/\/armstrongyregion.com.ar\/diario\/wp-json\/wp\/v2\/media?parent=28562"}],"wp:term":[{"taxonomy":"category","embeddable":true,"href":"https:\/\/armstrongyregion.com.ar\/diario\/wp-json\/wp\/v2\/categories?post=28562"},{"taxonomy":"post_tag","embeddable":true,"href":"https:\/\/armstrongyregion.com.ar\/diario\/wp-json\/wp\/v2\/tags?post=28562"}],"curies":[{"name":"wp","href":"https:\/\/api.w.org\/{rel}","templated":true}]}}