{"id":2854,"date":"2015-06-30T22:16:58","date_gmt":"2015-06-30T22:16:58","guid":{"rendered":"https:\/\/armstrongyregion.com.ar\/diario\/?p=2854"},"modified":"2015-06-30T22:16:58","modified_gmt":"2015-06-30T22:16:58","slug":"130-anos-de-la-parroquia-clerici-anuncio-obras-para-su-historico-edificio","status":"publish","type":"post","link":"https:\/\/armstrongyregion.com.ar\/diario\/130-anos-de-la-parroquia-clerici-anuncio-obras-para-su-historico-edificio\/","title":{"rendered":"130 a\u00f1os de la parroquia, Clerici anunci\u00f3 obras para su hist\u00f3rico edificio."},"content":{"rendered":"<p><a href=\"http:\/\/armstrongyregion.com.ar\/diario\/wp-content\/uploads\/2015\/06\/11655573_10200797618980130_1655836828_n.jpg\"><img loading=\"lazy\" decoding=\"async\" class=\"alignnone size-medium wp-image-2855\" src=\"http:\/\/armstrongyregion.com.ar\/diario\/wp-content\/uploads\/2015\/06\/11655573_10200797618980130_1655836828_n-300x168.jpg\" alt=\"Clerici parroquia\" width=\"300\" height=\"168\" srcset=\"https:\/\/armstrongyregion.com.ar\/diario\/wp-content\/uploads\/2015\/06\/11655573_10200797618980130_1655836828_n-300x168.jpg 300w, https:\/\/armstrongyregion.com.ar\/diario\/wp-content\/uploads\/2015\/06\/11655573_10200797618980130_1655836828_n.jpg 960w\" sizes=\"auto, (max-width: 300px) 100vw, 300px\" \/><\/a>Se trata de la iluminaci\u00f3n del campanario, que se sumar\u00e1 a la restauraci\u00f3n de la c\u00fapula concretada tiempo atr\u00e1s junto a otras mejoras edilicias impulsadas por el municipio.<br \/>\nLa Parroquia San Pedro cumpli\u00f3 ciento treinta a\u00f1os de vida y en este marco la intendenta confirm\u00f3 que su gesti\u00f3n llevar\u00e1 adelante nuevas obras en el hist\u00f3rico edificio, patrimonio arquitect\u00f3nico de la ciudad. \u201cAs\u00ed como concretamos la restauraci\u00f3n de la c\u00fapula junto a otras mejoras edilicias, ahora vamos a embellecer el campanario con una nueva iluminaci\u00f3n\u201d, adelant\u00f3 Cl\u00e9rici en la cena aniversario que se llev\u00f3 a cabo en Club Sport el pasado s\u00e1bado.<br \/>\nPor otra parte en la misa por el d\u00eda del Santo Patrono la gesti\u00f3n municipal inaugur\u00f3 dentro del edificio de la parroquia, una l\u00ednea hist\u00f3rica con gigantograf\u00edas que recorren sus hechos trascendentales desde la fundaci\u00f3n hasta la actualidad. \u201cEs parte de nuestro programa permanente de revalorizaci\u00f3n de nuestra historia, de nuestra gente, del ser ca\u00f1adense\u201d, sintetiz\u00f3 la intendenta, quien record\u00f3 que en esta l\u00ednea de acciones la municipalidad ya intervino en el atrio con un mural donde se pone valor la labor de todos los curas p\u00e1rrocos locales a lo largo de la historia.<br \/>\nFotos: Stella Cl\u00e9rici junto a Eva Ferrigno en cena aniversario Parroquia San Pedro \/ archivo: J\u00f3venes Parroquia San Pedro con Stella Cl\u00e9rici en jornada solidaria Capilla Stella Maris.<\/p>\n","protected":false},"excerpt":{"rendered":"<p>Se trata de la iluminaci\u00f3n del campanario, que se sumar\u00e1 a la restauraci\u00f3n de la c\u00fapula concretada tiempo atr\u00e1s junto a otras mejoras edilicias impulsadas por el municipio. La Parroquia San Pedro cumpli\u00f3 ciento treinta a\u00f1os de vida y en este marco la intendenta confirm\u00f3 que su gesti\u00f3n llevar\u00e1 adelante nuevas obras en el hist\u00f3rico <a href=\"https:\/\/armstrongyregion.com.ar\/diario\/130-anos-de-la-parroquia-clerici-anuncio-obras-para-su-historico-edificio\/\" title=\"Read more\" >&#8230;<\/a><\/p>\n","protected":false},"author":2,"featured_media":2855,"comment_status":"open","ping_status":"open","sticky":false,"template":"","format":"standard","meta":{"_jetpack_memberships_contains_paid_content":false,"footnotes":"","jetpack_publicize_message":"","jetpack_publicize_feature_enabled":true,"jetpack_social_post_already_shared":false,"jetpack_social_options":{"image_generator_settings":{"template":"highway","default_image_id":0,"enabled":false},"version":2}},"categories":[1,3],"tags":[2132,197,835,83,19,1691,2134,31,220,81,2133,35],"class_list":["post-2854","post","type-post","status-publish","format-standard","has-post-thumbnail","hentry","category-diario-armstrong","category-region","tag-2132","tag-anos","tag-anuncio","tag-clerici","tag-de","tag-edificio","tag-historico","tag-la","tag-obras","tag-para","tag-parroquia","tag-su"],"jetpack_publicize_connections":[],"jetpack_featured_media_url":"https:\/\/armstrongyregion.com.ar\/diario\/wp-content\/uploads\/2015\/06\/11655573_10200797618980130_1655836828_n.jpg","jetpack_shortlink":"https:\/\/wp.me\/p62QDO-K2","jetpack_sharing_enabled":true,"amp_enabled":true,"_links":{"self":[{"href":"https:\/\/armstrongyregion.com.ar\/diario\/wp-json\/wp\/v2\/posts\/2854","targetHints":{"allow":["GET"]}}],"collection":[{"href":"https:\/\/armstrongyregion.com.ar\/diario\/wp-json\/wp\/v2\/posts"}],"about":[{"href":"https:\/\/armstrongyregion.com.ar\/diario\/wp-json\/wp\/v2\/types\/post"}],"author":[{"embeddable":true,"href":"https:\/\/armstrongyregion.com.ar\/diario\/wp-json\/wp\/v2\/users\/2"}],"replies":[{"embeddable":true,"href":"https:\/\/armstrongyregion.com.ar\/diario\/wp-json\/wp\/v2\/comments?post=2854"}],"version-history":[{"count":0,"href":"https:\/\/armstrongyregion.com.ar\/diario\/wp-json\/wp\/v2\/posts\/2854\/revisions"}],"wp:featuredmedia":[{"embeddable":true,"href":"https:\/\/armstrongyregion.com.ar\/diario\/wp-json\/wp\/v2\/media\/2855"}],"wp:attachment":[{"href":"https:\/\/armstrongyregion.com.ar\/diario\/wp-json\/wp\/v2\/media?parent=2854"}],"wp:term":[{"taxonomy":"category","embeddable":true,"href":"https:\/\/armstrongyregion.com.ar\/diario\/wp-json\/wp\/v2\/categories?post=2854"},{"taxonomy":"post_tag","embeddable":true,"href":"https:\/\/armstrongyregion.com.ar\/diario\/wp-json\/wp\/v2\/tags?post=2854"}],"curies":[{"name":"wp","href":"https:\/\/api.w.org\/{rel}","templated":true}]}}