{"id":28532,"date":"2021-01-11T13:12:15","date_gmt":"2021-01-11T13:12:15","guid":{"rendered":"https:\/\/armstrongyregion.com.ar\/diario\/?p=28532"},"modified":"2021-01-11T13:12:19","modified_gmt":"2021-01-11T13:12:19","slug":"las-rosas-con-recursos-municipales-se-tendera-la-red-de-gas-en-barrio-27-de-marzo","status":"publish","type":"post","link":"https:\/\/armstrongyregion.com.ar\/diario\/las-rosas-con-recursos-municipales-se-tendera-la-red-de-gas-en-barrio-27-de-marzo\/","title":{"rendered":"Las Rosas. Con recursos municipales se tender\u00e1 la red de gas en Barrio 27 de Marzo."},"content":{"rendered":"\n<figure class=\"wp-block-image size-large\"><img loading=\"lazy\" decoding=\"async\" width=\"541\" height=\"320\" src=\"http:\/\/armstrongyregion.com.ar\/diario\/wp-content\/uploads\/2020\/12\/Javier-Meyer-dic-2020-.jpg\" alt=\"\" class=\"wp-image-28342\" srcset=\"https:\/\/armstrongyregion.com.ar\/diario\/wp-content\/uploads\/2020\/12\/Javier-Meyer-dic-2020-.jpg 541w, https:\/\/armstrongyregion.com.ar\/diario\/wp-content\/uploads\/2020\/12\/Javier-Meyer-dic-2020--300x177.jpg 300w\" sizes=\"auto, (max-width: 541px) 100vw, 541px\" \/><\/figure>\n\n\n\n<h2 class=\"wp-block-heading\"> \u00abSin ayuda del gobierno provincial ni el nacional seguimos con obra p\u00fablica en Las Rosas\u00bb, dijo el Intendente Javier Meyer. <\/h2>\n\n\n\n<p><strong>Algunos conceptos del Intendente Meyer,<\/strong><\/p>\n\n\n\n<p><strong>Red de gas.&nbsp;<\/strong><em>\u00abQuiero anunciar que ya estamos elaborando el proyecto de ordenanza para hacer la obra de gas natural en el Barrio 27 de marzo. Una obra muy importante, de millones de pesos, que se va a financiar con recursos de la Municipalidad Las Rosas, sin ayuda de gobierno provincial y nacional. Es un orgullo para todos los rosenses y nuestro equipo de gobierno, porque seguimos llevando beneficios a la poblaci\u00f3n.\u00bb<\/em><\/p>\n\n\n\n<p><strong>Cloacas.&nbsp;<\/strong>\u00ab<em>Tambi\u00e9n tenemos el material para ejecutar 40 cuadras cloacas, por lo tanto es un hecho que se va a extender much\u00edsimo la red en este a\u00f1o. As\u00ed como tambi\u00e9n la estaci\u00f3n de bombeo que se ha construido, se concretaron con dineros propios municipales.\u00bb&nbsp;<\/em><\/p>\n\n\n\n<p><strong>Deuda de la Provincia.<\/strong>&nbsp;<em>\u00abA pesar que reclamo todos los d\u00edas, el gobierno provincial nos sigue debiendo 13 millones de pesos de proyectos de Obras Menores 2019 (FoCoM) , sumandos a los 11 millones que pedimos en FoCoM 2020. Estos montos son congelados, no se actualizan, as\u00ed que sufren la ca\u00edda de poder adquisitivo por la inflaci\u00f3n. A la municipalidad de Las Rosas no le impacta mayormente porque significa el 10% de nuestras reservas, pero es por supuesto un perjuicio directo a todos los rosenses y poco est\u00e1 haciendo la pol\u00edtica para esto.\u00bb<\/em><\/p>\n\n\n\n<p><strong>Nuevas restricciones por Covid.&nbsp;<em>\u00ab<\/em><\/strong><em>Nuestro gobierno municipal ha estado y est\u00e1 siempre disponible para trabajar en beneficio de la salud de la poblaci\u00f3n, y &nbsp;vamos a darle pelea a \u00e9ste grave problema que tenemos todos; con disciplina, cuid\u00e1ndonos, usando el barbijo m\u00ednimamente en cuanto tengamos que vincularnos con otras personas, lav\u00e1ndonos las manos, usando alcohol. Pero no debemos afectar la actividad econ\u00f3mica, no la tenemos que dejar caer, no podemos permitir que se nos sigan fundiendo comercios o que gente que ha logrado montar su empresa, su negocio, decaiga. No se va a solucionar con cerrar puertas, ya lo hemos probado durante un a\u00f1o.<\/em>\u00ab<\/p>\n\n\n\n<p><em>\u00abCerrar desde la 0 hora a las 6 no es una alternativa seria. Si la gente se cans\u00f3 es porque ya no cree; entonces los funcionarios debemos ser cre\u00edbles, algo que se logra cuando se act\u00faa con la verdad, y eso ser\u00e1 reconocido por la comunidad. Pero cuando se ve que se usa la salud para hacer pol\u00edtica, cuando se usa todo para hacer pol\u00edtica, las personas descreen y pasa lo que pasa, y as\u00ed tenemos los saldos negativos que todos sabemos. As\u00ed que tratemos de ser cre\u00edbles en este a\u00f1o que no va a ser f\u00e1cil para nadie\u00bb.&nbsp;<\/em><\/p>\n\n\n\n<hr class=\"wp-block-separator\"\/>\n\n\n\n<p><strong>Tareas de Obras y Servicios &nbsp;1 de Enero al 8 de Enero<\/strong><\/p>\n\n\n\n<figure class=\"wp-block-image\"><img decoding=\"async\" src=\"https:\/\/lasrosasdigital.com.ar\/download\/multimedia.normal.a234e4cf37df9828.70616c6d657261735f6e6f726d616c2e6a7067.jpg\" alt=\"palmeras\"\/><\/figure>\n\n\n\n<p>\u2022 &nbsp; &nbsp;Se reubicaron en calle Av Las Rosas 30 ejemplares de palmera Pind\u00f3, donadas por la empresa PLA John Deere.<\/p>\n\n\n\n<p>\u2022 &nbsp; &nbsp;Arreglo y mantenimiento de diferentes calles de la ciudad; tambi\u00e9n reparaci\u00f3n y reposici\u00f3n de alcantarillado. \u2022 &nbsp; &nbsp;Reparaciones de veredas, cordones y trabajos de mantenimiento general.<br><br>\u2022 &nbsp; &nbsp;Reposici\u00f3n y nuevas conexiones de agua y cloaca en diferentes puntos de la ciudad<br>&nbsp;&nbsp;<br>\u2022 &nbsp; &nbsp;Mantenimiento de Caminos Rurales, alteo y colocaci\u00f3n de tubos para alcantarillado, en \u00e9ste caso caminos 4, 52, 16 y 10.<br><br>\u2022 &nbsp; &nbsp;Continuamos con la remodelaci\u00f3n de Parque Espa\u00f1a.<br>\u2022 &nbsp; &nbsp;Fabricaci\u00f3n de columnas para nuevo alumbrado led de Parque Espa\u00f1a y continuaci\u00f3n de calle Santa Fe<\/p>\n\n\n\n<figure class=\"wp-block-image\"><img decoding=\"async\" src=\"https:\/\/lasrosasdigital.com.ar\/download\/multimedia.normal.bb52bbb5226fe42c.696e666f726d65206a6d2030383031206d6f736169636f5f6e6f726d616c2e6a7067.jpg\" alt=\"informe jm 0801 mosaico\"\/><\/figure>\n\n\n\n<hr class=\"wp-block-separator\"\/>\n\n\n\n<p><strong>ENTREGA DE APORTE A INSTITUCIONES SEG\u00daN ORDENANZAS VIGENTES.<br>Total de $503.283,64.<\/strong><br>C.A.F $16.526,97<br>SAMCo $264.587,046<br>Biblioteca D. F. Sarmiento $26.900,006<br>Bomberos $103.293,526<br>Hogarcito Nazaret $91.976,116<\/p>\n\n\n\n<p>Fuente: Las Rosas Digital.<\/p>\n","protected":false},"excerpt":{"rendered":"<p>\u00abSin ayuda del gobierno provincial ni el nacional seguimos con obra p\u00fablica en Las Rosas\u00bb, dijo el Intendente Javier Meyer. Algunos conceptos del Intendente Meyer, Red de gas.&nbsp;\u00abQuiero anunciar que ya estamos elaborando el proyecto de ordenanza para hacer la obra de gas natural en el Barrio 27 de marzo. Una obra muy importante, de <a href=\"https:\/\/armstrongyregion.com.ar\/diario\/las-rosas-con-recursos-municipales-se-tendera-la-red-de-gas-en-barrio-27-de-marzo\/\" title=\"Read more\" >&#8230;<\/a><\/p>\n","protected":false},"author":1,"featured_media":28342,"comment_status":"open","ping_status":"open","sticky":false,"template":"","format":"image","meta":{"_jetpack_memberships_contains_paid_content":false,"footnotes":"","jetpack_publicize_message":"","jetpack_publicize_feature_enabled":true,"jetpack_social_post_already_shared":true,"jetpack_social_options":{"image_generator_settings":{"template":"highway","default_image_id":0,"enabled":false},"version":2}},"categories":[8,1,7,3],"tags":[],"class_list":["post-28532","post","type-post","status-publish","format-image","has-post-thumbnail","hentry","category-deliberando","category-diario-armstrong","category-politica","category-region","post_format-post-format-image"],"jetpack_publicize_connections":[],"jetpack_featured_media_url":"https:\/\/armstrongyregion.com.ar\/diario\/wp-content\/uploads\/2020\/12\/Javier-Meyer-dic-2020-.jpg","jetpack_shortlink":"https:\/\/wp.me\/p62QDO-7qc","jetpack_sharing_enabled":true,"amp_enabled":true,"_links":{"self":[{"href":"https:\/\/armstrongyregion.com.ar\/diario\/wp-json\/wp\/v2\/posts\/28532","targetHints":{"allow":["GET"]}}],"collection":[{"href":"https:\/\/armstrongyregion.com.ar\/diario\/wp-json\/wp\/v2\/posts"}],"about":[{"href":"https:\/\/armstrongyregion.com.ar\/diario\/wp-json\/wp\/v2\/types\/post"}],"author":[{"embeddable":true,"href":"https:\/\/armstrongyregion.com.ar\/diario\/wp-json\/wp\/v2\/users\/1"}],"replies":[{"embeddable":true,"href":"https:\/\/armstrongyregion.com.ar\/diario\/wp-json\/wp\/v2\/comments?post=28532"}],"version-history":[{"count":1,"href":"https:\/\/armstrongyregion.com.ar\/diario\/wp-json\/wp\/v2\/posts\/28532\/revisions"}],"predecessor-version":[{"id":28533,"href":"https:\/\/armstrongyregion.com.ar\/diario\/wp-json\/wp\/v2\/posts\/28532\/revisions\/28533"}],"wp:featuredmedia":[{"embeddable":true,"href":"https:\/\/armstrongyregion.com.ar\/diario\/wp-json\/wp\/v2\/media\/28342"}],"wp:attachment":[{"href":"https:\/\/armstrongyregion.com.ar\/diario\/wp-json\/wp\/v2\/media?parent=28532"}],"wp:term":[{"taxonomy":"category","embeddable":true,"href":"https:\/\/armstrongyregion.com.ar\/diario\/wp-json\/wp\/v2\/categories?post=28532"},{"taxonomy":"post_tag","embeddable":true,"href":"https:\/\/armstrongyregion.com.ar\/diario\/wp-json\/wp\/v2\/tags?post=28532"}],"curies":[{"name":"wp","href":"https:\/\/api.w.org\/{rel}","templated":true}]}}