{"id":28433,"date":"2021-01-03T14:08:53","date_gmt":"2021-01-03T14:08:53","guid":{"rendered":"https:\/\/armstrongyregion.com.ar\/diario\/?p=28433"},"modified":"2021-01-03T14:08:57","modified_gmt":"2021-01-03T14:08:57","slug":"coronavirus-santa-fe-espera-para-febrero-la-segunda-ola-y-la-vacunacion-a-la-poblacion-general","status":"publish","type":"post","link":"https:\/\/armstrongyregion.com.ar\/diario\/coronavirus-santa-fe-espera-para-febrero-la-segunda-ola-y-la-vacunacion-a-la-poblacion-general\/","title":{"rendered":"Coronavirus: Santa Fe espera para febrero la segunda ola y la vacunaci\u00f3n a la poblaci\u00f3n general."},"content":{"rendered":"\n<figure class=\"wp-block-image size-large\"><img loading=\"lazy\" decoding=\"async\" width=\"800\" height=\"450\" src=\"http:\/\/armstrongyregion.com.ar\/diario\/wp-content\/uploads\/2021\/01\/vacuna_gripe.jpg_1756841869.jpg\" alt=\"\" class=\"wp-image-28434\" srcset=\"https:\/\/armstrongyregion.com.ar\/diario\/wp-content\/uploads\/2021\/01\/vacuna_gripe.jpg_1756841869.jpg 800w, https:\/\/armstrongyregion.com.ar\/diario\/wp-content\/uploads\/2021\/01\/vacuna_gripe.jpg_1756841869-300x169.jpg 300w, https:\/\/armstrongyregion.com.ar\/diario\/wp-content\/uploads\/2021\/01\/vacuna_gripe.jpg_1756841869-768x432.jpg 768w\" sizes=\"auto, (max-width: 800px) 100vw, 800px\" \/><\/figure>\n\n\n\n<h2 class=\"wp-block-heading\"> La ministra de Salud provincial confirm\u00f3 que aguardan un rebrote de casos positivos para el mes que viene, pero consider\u00f3 que si se ajustan los cuidados se puede morigerar su impacto. Estima que para ese mes comenzar\u00e1 la vacunaci\u00f3n a la poblaci\u00f3n general con la vacuna Sputnik V <\/h2>\n\n\n\n<p> La provincia de Santa Fe<a rel=\"noreferrer noopener\" href=\"https:\/\/www.rosario3.com\/informaciongeneral\/El-ministro-Gonzalez-Garcia-inicio-la-vacunacion-contra-el-coronavirus-Devolvemos-futuro-a-la-Patria-20201229-0018.html\" target=\"_blank\">\u00a0comenz\u00f3 la vacunaci\u00f3n<\/a>\u00a0a la poblaci\u00f3n de esenciales y desde el gobierno calificaron de positivo el proceso, a pesar de la resistencia de un sector de la poblaci\u00f3n.\u00a0<strong>La ministra de Salud, Sonia Martorano, admiti\u00f3 preocupaci\u00f3n por la suba de casos y anticip\u00f3 que esperan una segunda ola de contagios para febrero, mes en que tambi\u00e9n prev\u00e9n que se inicie la campa\u00f1a de vacunaci\u00f3n para la poblaci\u00f3n general.<\/strong> <\/p>\n\n\n\n<p>\u201cUn rebrote vamos a tener, una segunda ola en febrero \u2013 dijo y advirti\u00f3\u2013pero&nbsp;<strong>podemos morigerarla cuid\u00e1ndonos&nbsp;<\/strong>unos meses m\u00e1s. Podemos intentar que esta segunda ola no sea tan severa, que no haya colapso\u201d, manifest\u00f3 a continuaci\u00f3n.<\/p>\n\n\n\n<p>La m\u00e9dica admiti\u00f3 que est\u00e1n preocupados por \u201clas im\u00e1genes de tanta gente sin barbijos\u201d que se reprodujeron en estas fiestas. Aunque reconoci\u00f3 que en Rosario y en Santa Fe los n\u00fameros de fiestas clandestinas y encuentros masivos fueron menores al resto del pa\u00eds, teniendo en cuenta las subas de casos, observ\u00f3: \u201cTenemos restricci\u00f3n a la circulaci\u00f3n que no siempre se respeta pero es importante reducir la accidentolog\u00eda y con ello las camas que se ocupan,<strong>\u00a0no estar\u00eda mal generar m\u00e1s restricciones nocturnas\u201d.<\/strong><\/p>\n\n\n\n<p>La funcionaria coment\u00f3 que tambi\u00e9n para febrero se espera la vacunaci\u00f3n general para toda la poblaci\u00f3n. Aunque es a\u00fan un c\u00e1lculo: \u201cAhora vinieron pocas vacunas, fue para probar la log\u00edstica. La semana que viene puede llegar 12 mil dosis m\u00e1s y para terminar con la poblaci\u00f3n de Salud, docentes y Seguridad&nbsp;<strong>esperamos una remesa de 4 millones de dosis para enero. Abriendo toda la log\u00edstica podr\u00edamos empezar en febrero con la poblaci\u00f3n general,&nbsp;<\/strong>m\u00e1s all\u00e1 de la vacunaci\u00f3n a pacientes de riesgo que vamos a incluir apenas podamos \u2013se espera a la autorizaci\u00f3n del Anmat\u2013\u201c, sostuvo.<\/p>\n\n\n\n<p>Martorano ahond\u00f3 sobre los pr\u00f3ximos pasos: \u201cLa vacuna Sputnik es la que conseguimos primero y es muy buena, se compr\u00f3 300 mil dosis y 24 vienen para nosotros. En enero \u2013continu\u00f3\u2013llega otra remesa de 4 millones y unas 320 mil ser\u00e1n destinas a Santa Fe para terminan con el personal esencial, en febrero llegan otras 4 millones y en marzo las 22 millones de Astra Zeneca\u201d.<\/p>\n\n\n\n<p>Por otra parte, neg\u00f3 que la vacuna rusa tenga&nbsp;<a href=\"https:\/\/www.rosario3.com\/informaciongeneral\/Salud-municipal-salio-al-cruce-de-informacion-falsa-sobre-vacunacion-contra-el-coronavirus-en-Rosario-20210101-0033.html\" target=\"_blank\" rel=\"noreferrer noopener\">reacciones adversas peligrosas<\/a>&nbsp;y asegur\u00f3 que los casos observados \u00abson los esperables\u00bb, al tiempo que remarc\u00f3 qu<strong>e es \u00abmuy com\u00fan\u00bb que las personas vacunadas presenten fiebre, dolores musculares y agotamiento<\/strong>&nbsp;al igual que sucede con otras vacunas, como por ejemplo&nbsp;<a href=\"https:\/\/www.rosario3.com\/informaciongeneral\/Enfermero-vacunado-con-Sputnik-V-Siempre-hay-una-minima-reaccion-como-con-la-vacuna-de-la-gripe-20210102-0010.html\" target=\"_blank\" rel=\"noreferrer noopener\">la de la gripe<\/a>.&nbsp;<\/p>\n","protected":false},"excerpt":{"rendered":"<p>La ministra de Salud provincial confirm\u00f3 que aguardan un rebrote de casos positivos para el mes que viene, pero consider\u00f3 que si se ajustan los cuidados se puede morigerar su impacto. Estima que para ese mes comenzar\u00e1 la vacunaci\u00f3n a la poblaci\u00f3n general con la vacuna Sputnik V La provincia de Santa Fe\u00a0comenz\u00f3 la vacunaci\u00f3n\u00a0a <a href=\"https:\/\/armstrongyregion.com.ar\/diario\/coronavirus-santa-fe-espera-para-febrero-la-segunda-ola-y-la-vacunacion-a-la-poblacion-general\/\" title=\"Read more\" >&#8230;<\/a><\/p>\n","protected":false},"author":1,"featured_media":28434,"comment_status":"open","ping_status":"open","sticky":false,"template":"","format":"image","meta":{"_jetpack_memberships_contains_paid_content":false,"footnotes":"","jetpack_publicize_message":"","jetpack_publicize_feature_enabled":true,"jetpack_social_post_already_shared":true,"jetpack_social_options":{"image_generator_settings":{"template":"highway","default_image_id":0,"enabled":false},"version":2}},"categories":[8,1,2,4,3],"tags":[],"class_list":["post-28433","post","type-post","status-publish","format-image","has-post-thumbnail","hentry","category-deliberando","category-diario-armstrong","category-locales","category-prevencion-salud","category-region","post_format-post-format-image"],"jetpack_publicize_connections":[],"jetpack_featured_media_url":"https:\/\/armstrongyregion.com.ar\/diario\/wp-content\/uploads\/2021\/01\/vacuna_gripe.jpg_1756841869.jpg","jetpack_shortlink":"https:\/\/wp.me\/p62QDO-7oB","jetpack_sharing_enabled":true,"amp_enabled":true,"_links":{"self":[{"href":"https:\/\/armstrongyregion.com.ar\/diario\/wp-json\/wp\/v2\/posts\/28433","targetHints":{"allow":["GET"]}}],"collection":[{"href":"https:\/\/armstrongyregion.com.ar\/diario\/wp-json\/wp\/v2\/posts"}],"about":[{"href":"https:\/\/armstrongyregion.com.ar\/diario\/wp-json\/wp\/v2\/types\/post"}],"author":[{"embeddable":true,"href":"https:\/\/armstrongyregion.com.ar\/diario\/wp-json\/wp\/v2\/users\/1"}],"replies":[{"embeddable":true,"href":"https:\/\/armstrongyregion.com.ar\/diario\/wp-json\/wp\/v2\/comments?post=28433"}],"version-history":[{"count":1,"href":"https:\/\/armstrongyregion.com.ar\/diario\/wp-json\/wp\/v2\/posts\/28433\/revisions"}],"predecessor-version":[{"id":28435,"href":"https:\/\/armstrongyregion.com.ar\/diario\/wp-json\/wp\/v2\/posts\/28433\/revisions\/28435"}],"wp:featuredmedia":[{"embeddable":true,"href":"https:\/\/armstrongyregion.com.ar\/diario\/wp-json\/wp\/v2\/media\/28434"}],"wp:attachment":[{"href":"https:\/\/armstrongyregion.com.ar\/diario\/wp-json\/wp\/v2\/media?parent=28433"}],"wp:term":[{"taxonomy":"category","embeddable":true,"href":"https:\/\/armstrongyregion.com.ar\/diario\/wp-json\/wp\/v2\/categories?post=28433"},{"taxonomy":"post_tag","embeddable":true,"href":"https:\/\/armstrongyregion.com.ar\/diario\/wp-json\/wp\/v2\/tags?post=28433"}],"curies":[{"name":"wp","href":"https:\/\/api.w.org\/{rel}","templated":true}]}}