{"id":28421,"date":"2021-01-01T15:56:48","date_gmt":"2021-01-01T15:56:48","guid":{"rendered":"https:\/\/armstrongyregion.com.ar\/diario\/?p=28421"},"modified":"2021-01-01T15:56:52","modified_gmt":"2021-01-01T15:56:52","slug":"fatal-accidente-en-la-pampa-enluta-a-las-rosas","status":"publish","type":"post","link":"https:\/\/armstrongyregion.com.ar\/diario\/fatal-accidente-en-la-pampa-enluta-a-las-rosas\/","title":{"rendered":"Fatal accidente en La Pampa enluta a Las Rosas."},"content":{"rendered":"\n<figure class=\"wp-block-image size-large\"><img loading=\"lazy\" decoding=\"async\" width=\"693\" height=\"456\" src=\"http:\/\/armstrongyregion.com.ar\/diario\/wp-content\/uploads\/2021\/01\/accidente-2021.jpg\" alt=\"\" class=\"wp-image-28422\" srcset=\"https:\/\/armstrongyregion.com.ar\/diario\/wp-content\/uploads\/2021\/01\/accidente-2021.jpg 693w, https:\/\/armstrongyregion.com.ar\/diario\/wp-content\/uploads\/2021\/01\/accidente-2021-300x197.jpg 300w\" sizes=\"auto, (max-width: 693px) 100vw, 693px\" \/><\/figure>\n\n\n\n<h2 class=\"wp-block-heading\"> El autom\u00f3vil en que viajaba una familia rosense volc\u00f3 y se produjo el fallecimiento del menor de sus hijos. <\/h2>\n\n\n\n<p>En la tarde del jueves lleg\u00f3 a Las Rosas la infortunada noticia del incidente vial donde el veh\u00edculo en que viajaban Ariel Forchino, su esposa Silvana Carozzo y sus tres hijos, volc\u00f3 en el Paraje El Flechillar, Ruta Provincial 20, km. 301.&nbsp;<\/p>\n\n\n\n<p>Producto del mismo se debe lamentar el deceso del menor de ellos, de solo 18 a\u00f1os de edad. El hecho conmueve a la comunidad rosense.<\/p>\n\n\n\n<p>Fuente: Renacer FM<\/p>\n","protected":false},"excerpt":{"rendered":"<p>El autom\u00f3vil en que viajaba una familia rosense volc\u00f3 y se produjo el fallecimiento del menor de sus hijos. En la tarde del jueves lleg\u00f3 a Las Rosas la infortunada noticia del incidente vial donde el veh\u00edculo en que viajaban Ariel Forchino, su esposa Silvana Carozzo y sus tres hijos, volc\u00f3 en el Paraje El <a href=\"https:\/\/armstrongyregion.com.ar\/diario\/fatal-accidente-en-la-pampa-enluta-a-las-rosas\/\" title=\"Read more\" >&#8230;<\/a><\/p>\n","protected":false},"author":1,"featured_media":28422,"comment_status":"open","ping_status":"open","sticky":false,"template":"","format":"image","meta":{"_jetpack_memberships_contains_paid_content":false,"footnotes":"","jetpack_publicize_message":"","jetpack_publicize_feature_enabled":true,"jetpack_social_post_already_shared":true,"jetpack_social_options":{"image_generator_settings":{"template":"highway","default_image_id":0,"enabled":false},"version":2}},"categories":[8,1,2,3],"tags":[],"class_list":["post-28421","post","type-post","status-publish","format-image","has-post-thumbnail","hentry","category-deliberando","category-diario-armstrong","category-locales","category-region","post_format-post-format-image"],"jetpack_publicize_connections":[],"jetpack_featured_media_url":"https:\/\/armstrongyregion.com.ar\/diario\/wp-content\/uploads\/2021\/01\/accidente-2021.jpg","jetpack_shortlink":"https:\/\/wp.me\/p62QDO-7op","jetpack_sharing_enabled":true,"amp_enabled":true,"_links":{"self":[{"href":"https:\/\/armstrongyregion.com.ar\/diario\/wp-json\/wp\/v2\/posts\/28421","targetHints":{"allow":["GET"]}}],"collection":[{"href":"https:\/\/armstrongyregion.com.ar\/diario\/wp-json\/wp\/v2\/posts"}],"about":[{"href":"https:\/\/armstrongyregion.com.ar\/diario\/wp-json\/wp\/v2\/types\/post"}],"author":[{"embeddable":true,"href":"https:\/\/armstrongyregion.com.ar\/diario\/wp-json\/wp\/v2\/users\/1"}],"replies":[{"embeddable":true,"href":"https:\/\/armstrongyregion.com.ar\/diario\/wp-json\/wp\/v2\/comments?post=28421"}],"version-history":[{"count":1,"href":"https:\/\/armstrongyregion.com.ar\/diario\/wp-json\/wp\/v2\/posts\/28421\/revisions"}],"predecessor-version":[{"id":28423,"href":"https:\/\/armstrongyregion.com.ar\/diario\/wp-json\/wp\/v2\/posts\/28421\/revisions\/28423"}],"wp:featuredmedia":[{"embeddable":true,"href":"https:\/\/armstrongyregion.com.ar\/diario\/wp-json\/wp\/v2\/media\/28422"}],"wp:attachment":[{"href":"https:\/\/armstrongyregion.com.ar\/diario\/wp-json\/wp\/v2\/media?parent=28421"}],"wp:term":[{"taxonomy":"category","embeddable":true,"href":"https:\/\/armstrongyregion.com.ar\/diario\/wp-json\/wp\/v2\/categories?post=28421"},{"taxonomy":"post_tag","embeddable":true,"href":"https:\/\/armstrongyregion.com.ar\/diario\/wp-json\/wp\/v2\/tags?post=28421"}],"curies":[{"name":"wp","href":"https:\/\/api.w.org\/{rel}","templated":true}]}}