{"id":2835,"date":"2015-06-29T11:06:55","date_gmt":"2015-06-29T11:06:55","guid":{"rendered":"https:\/\/armstrongyregion.com.ar\/diario\/?p=2835"},"modified":"2015-06-29T11:06:55","modified_gmt":"2015-06-29T11:06:55","slug":"lucir-una-piel-perfecta-por-dra-eva-fischer","status":"publish","type":"post","link":"https:\/\/armstrongyregion.com.ar\/diario\/lucir-una-piel-perfecta-por-dra-eva-fischer\/","title":{"rendered":"Lucir una piel perfecta. Por Dra. Eva Fischer."},"content":{"rendered":"<p><a href=\"http:\/\/armstrongyregion.com.ar\/diario\/wp-content\/uploads\/2015\/06\/DSC_0202.jpg\"><img loading=\"lazy\" decoding=\"async\" class=\"alignnone size-medium wp-image-2836\" src=\"http:\/\/armstrongyregion.com.ar\/diario\/wp-content\/uploads\/2015\/06\/DSC_0202-300x200.jpg\" alt=\"Eva Fischer Prevencion Salud\" width=\"300\" height=\"200\" srcset=\"https:\/\/armstrongyregion.com.ar\/diario\/wp-content\/uploads\/2015\/06\/DSC_0202-300x200.jpg 300w, https:\/\/armstrongyregion.com.ar\/diario\/wp-content\/uploads\/2015\/06\/DSC_0202-1024x682.jpg 1024w\" sizes=\"auto, (max-width: 300px) 100vw, 300px\" \/><\/a>Para lucir una piel perfecta, necesitas seguir unas peque\u00f1as recomendaciones:<br \/>\nReglas para cuidar tu piel todos los d\u00edas:<br \/>\nA cada tipo de piel, su cuidado: Asegurate de elegir los productos adecuados para tu tipo de piel. La piel seca tiene diferentes necesidades de la piel grasa.<br \/>\nPrest\u00e1 atenci\u00f3n a las zonas m\u00e1s sensibles: Algunas partes del rostro (ojos, labios.) tienen una piel especialmente fina y fr\u00e1gil. Requieren de un cuidado especial con un producto espec\u00edfico.<br \/>\nUna limpieza suave: El cuidado de la piel comienza con la limpieza. Para no atacar la piel y conservar su equilibrio, utiliz\u00e1 productos que no contengan alcohol ni activos muy agresivos. Muy importante, limpi\u00e1 tu piel a la ma\u00f1ana y a la noche, incluso si no te maquillaste.<br \/>\nLa exfoliaci\u00f3n es indispensable: Una o dos veces a la semana, record\u00e1 usar un exfoliante adaptado para tu rostro, que no debe ser el mismo que para la piel de tu cuerpo. Debe ser eficaz, a la vez que suave y respetuoso con la piel.<br \/>\nLa hidrataci\u00f3n es esencial: Para mantener un buen nivel de hidrataci\u00f3n, es importante utilizar una crema hidratante que equilibre el nivel de agua en el coraz\u00f3n de la piel.<br \/>\nEleg\u00ed el maquillaje correcto: hipoalerg\u00e9nico si ten\u00e9s la piel muy sensible o no comedog\u00e9nico si ten\u00e9s la piel grasa.<br \/>\nProt\u00e9gete del sol: Sea cual sea la estaci\u00f3n del a\u00f1o, eleg\u00ed un cuidado diario que incorpore un filtro solar. Te permite mitigar los efectos adversos del sol, que es acelerador del envejecimiento cut\u00e1neo.<br \/>\nCuidado con las agresiones externas: La contaminaci\u00f3n, el cigarrillo, el estr\u00e9s &#8230; todos tienen un efecto adverso sobre la piel. Ten\u00e9 en cuenta estos factores para proteger tu piel antes de salir de casa.<\/p>\n<p>\u00bfQu\u00e9 es lo que caracteriza la piel del rostro?<br \/>\nLa piel del rostro es rica en gl\u00e1ndulas seb\u00e1ceas a nivel de la zona T (frente, nariz, ment\u00f3n), y en base a la cantidad de sebo podemos definirla en secas o grasas:<br \/>\n-En las pieles secas, las gl\u00e1ndulas seb\u00e1ceas producen menos cantidad de sebo (grasa), por lo que la piel est\u00e1 menos protegida. Adem\u00e1s hay muchos factores, sobre todo externos, que hacen que la piel se reseque m\u00e1s: los factores clim\u00e1ticos (fr\u00edo, sol, viento), la contaminaci\u00f3n o la climatizaci\u00f3n (aire acondicionado, calefacci\u00f3n). Tambi\u00e9n si utilizas productos de limpieza que no est\u00e9n adaptados. Las sensaciones pueden ser diversas: tirantez, disconfort e incluso sensaci\u00f3n de picaz\u00f3n o de calor. Si no se corrige la sequedad, puede aparecer descamaci\u00f3n en determinadas zonas.<\/p>\n<p>-La piel grasa, en cambio, se caracteriza por un aspecto brillante, poros dilatados y aumento de grosor a predominio de la regi\u00f3n de frente, nariz y ment\u00f3n y esto se da por el exceso de producci\u00f3n de sebo.<br \/>\nEn ocasiones se asocia a seborrea en el cuero cabelludo. Adem\u00e1s, los pacientes con este tipo de piel tienen mayor riesgo de desarrollar acn\u00e9 (comedones cerrados y abiertos, p\u00e1pulas, p\u00fastulas, etc), que puede ser de varios tipos<br \/>\nEl exceso de sebo en la piel da lugar a que los poros se dilaten y tiendan a obstruirse quedando el sebo alojado en su interior, apareciendo los \u00abcomedones\u00bb (puntos negros). Este es el ambiente ideal para que una bacteria, normalmente presente en la piel, pueda proliferar y liberar sustancias inflamatorias que se extienden en esta zona y dan lugar a la aparici\u00f3n de lesiones inflamadas (erupciones, granitos).<br \/>\nEsta sobreproducci\u00f3n de grasa puede deberse a las alteraciones hormonales (pubertad, s\u00edndrome premenstrual, embarazo, etc.) pero tambi\u00e9n estr\u00e9s y fatiga, que pueden llevar a una sobreproducci\u00f3n de sebo y a la proliferaci\u00f3n bacteriana.<br \/>\nAdem\u00e1s de estas medidas cosm\u00e9ticas que le\u00edste m\u00e1s arriba y obviamente usar una crema seborreguladora, quiz\u00e1s debas realizar un tratamiento espec\u00edfico en funci\u00f3n de tu tipo de acn\u00e9. No dudes en consultar en el momento en que aparezcan los primeros s\u00edntomas, porque de ello depende el \u00e9xito del tratamiento.<br \/>\nY no me olvido de las pieles maduras: arrugas, falta de firmeza, manchas\u2026Comprender los diferentes procesos implicados en el envejecimiento cut\u00e1neo, pueden ayudarte a saber cu\u00e1l es el tratamiento para mejorar estos signos, existen m\u00faltiples procedimientos y combinaciones, lo ideal es realizar una consulta y empezar ya mismo con tus cuidados diarios en casa con productos adecuados, te vas a sorprender con los resultados.<br \/>\nDra Eva Fischer. Mat: 334.418 \/ 20.298<br \/>\nFotograf\u00edas, Mart\u00edn Urquia.<br \/>\nPrevencion y Salud. Programa Estreno, Lunes 29 de Junio, 13,30hs.<br \/>\nJueves 20,00hs y S\u00e1bados 12,30hs.<\/p>\n","protected":false},"excerpt":{"rendered":"<p>Para lucir una piel perfecta, necesitas seguir unas peque\u00f1as recomendaciones: Reglas para cuidar tu piel todos los d\u00edas: A cada tipo de piel, su cuidado: Asegurate de elegir los productos adecuados para tu tipo de piel. La piel seca tiene diferentes necesidades de la piel grasa. Prest\u00e1 atenci\u00f3n a las zonas m\u00e1s sensibles: Algunas partes <a href=\"https:\/\/armstrongyregion.com.ar\/diario\/lucir-una-piel-perfecta-por-dra-eva-fischer\/\" title=\"Read more\" >&#8230;<\/a><\/p>\n","protected":false},"author":2,"featured_media":2836,"comment_status":"open","ping_status":"open","sticky":false,"template":"","format":"standard","meta":{"_jetpack_memberships_contains_paid_content":false,"footnotes":"","jetpack_publicize_message":"","jetpack_publicize_feature_enabled":true,"jetpack_social_post_already_shared":false,"jetpack_social_options":{"image_generator_settings":{"template":"highway","default_image_id":0,"enabled":false},"version":2}},"categories":[1,2,4],"tags":[1613,1614,1043,2122,2124,2123,60,103],"class_list":["post-2835","post","type-post","status-publish","format-standard","has-post-thumbnail","hentry","category-diario-armstrong","category-locales","category-prevencion-salud","tag-dra","tag-eva","tag-fischer","tag-lucir","tag-perfecta","tag-piel","tag-por","tag-una"],"jetpack_publicize_connections":[],"jetpack_featured_media_url":"https:\/\/armstrongyregion.com.ar\/diario\/wp-content\/uploads\/2015\/06\/DSC_0202.jpg","jetpack_shortlink":"https:\/\/wp.me\/p62QDO-JJ","jetpack_sharing_enabled":true,"amp_enabled":true,"_links":{"self":[{"href":"https:\/\/armstrongyregion.com.ar\/diario\/wp-json\/wp\/v2\/posts\/2835","targetHints":{"allow":["GET"]}}],"collection":[{"href":"https:\/\/armstrongyregion.com.ar\/diario\/wp-json\/wp\/v2\/posts"}],"about":[{"href":"https:\/\/armstrongyregion.com.ar\/diario\/wp-json\/wp\/v2\/types\/post"}],"author":[{"embeddable":true,"href":"https:\/\/armstrongyregion.com.ar\/diario\/wp-json\/wp\/v2\/users\/2"}],"replies":[{"embeddable":true,"href":"https:\/\/armstrongyregion.com.ar\/diario\/wp-json\/wp\/v2\/comments?post=2835"}],"version-history":[{"count":0,"href":"https:\/\/armstrongyregion.com.ar\/diario\/wp-json\/wp\/v2\/posts\/2835\/revisions"}],"wp:featuredmedia":[{"embeddable":true,"href":"https:\/\/armstrongyregion.com.ar\/diario\/wp-json\/wp\/v2\/media\/2836"}],"wp:attachment":[{"href":"https:\/\/armstrongyregion.com.ar\/diario\/wp-json\/wp\/v2\/media?parent=2835"}],"wp:term":[{"taxonomy":"category","embeddable":true,"href":"https:\/\/armstrongyregion.com.ar\/diario\/wp-json\/wp\/v2\/categories?post=2835"},{"taxonomy":"post_tag","embeddable":true,"href":"https:\/\/armstrongyregion.com.ar\/diario\/wp-json\/wp\/v2\/tags?post=2835"}],"curies":[{"name":"wp","href":"https:\/\/api.w.org\/{rel}","templated":true}]}}