{"id":28341,"date":"2020-12-22T12:56:06","date_gmt":"2020-12-22T12:56:06","guid":{"rendered":"https:\/\/armstrongyregion.com.ar\/diario\/?p=28341"},"modified":"2020-12-22T12:56:09","modified_gmt":"2020-12-22T12:56:09","slug":"deliberando-el-intendente-javier-meyer-hara-un-balance-de-gestion-y-proyectos-2021","status":"publish","type":"post","link":"https:\/\/armstrongyregion.com.ar\/diario\/deliberando-el-intendente-javier-meyer-hara-un-balance-de-gestion-y-proyectos-2021\/","title":{"rendered":"Deliberando: El intendente Javier Meyer har\u00e1 un balance de gesti\u00f3n y proyectos 2021."},"content":{"rendered":"\n<figure class=\"wp-block-image size-large\"><img loading=\"lazy\" decoding=\"async\" width=\"541\" height=\"320\" src=\"http:\/\/armstrongyregion.com.ar\/diario\/wp-content\/uploads\/2020\/12\/Javier-Meyer-dic-2020-.jpg\" alt=\"\" class=\"wp-image-28342\" srcset=\"https:\/\/armstrongyregion.com.ar\/diario\/wp-content\/uploads\/2020\/12\/Javier-Meyer-dic-2020-.jpg 541w, https:\/\/armstrongyregion.com.ar\/diario\/wp-content\/uploads\/2020\/12\/Javier-Meyer-dic-2020--300x177.jpg 300w\" sizes=\"auto, (max-width: 541px) 100vw, 541px\" \/><\/figure>\n\n\n\n<p>El intendente de la ciudad rosense har\u00e1 un balance de sus 5 a\u00f1os  gesti\u00f3n   pero haremos hincapi\u00e9 en el 2020 a\u00f1o dif\u00edcil para los municipios y comunas de la region.<\/p>\n\n\n\n<p>Los temas de agenda ser\u00e1n econom\u00eda y finanzas en el municipio rosense, obras publicas concretadas y proyecci\u00f3n para el a\u00f1o venidero.<\/p>\n\n\n\n<p>Nos centraremos tambi\u00e9n en \u00abUnidad Rosense\u00bb Que propone y porque los ciudadanos de la region deber\u00edan sumarse a dicho espacio. 2021 a\u00f1o electoral le solicitaremos su opinion y reflexion.<\/p>\n\n\n\n<p>Martes 21hs. Por Cable Imagen Armstrong.<\/p>\n\n\n\n<p><\/p>\n","protected":false},"excerpt":{"rendered":"<p>El intendente de la ciudad rosense har\u00e1 un balance de sus 5 a\u00f1os gesti\u00f3n pero haremos hincapi\u00e9 en el 2020 a\u00f1o dif\u00edcil para los municipios y comunas de la region. Los temas de agenda ser\u00e1n econom\u00eda y finanzas en el municipio rosense, obras publicas concretadas y proyecci\u00f3n para el a\u00f1o venidero. Nos centraremos tambi\u00e9n en <a href=\"https:\/\/armstrongyregion.com.ar\/diario\/deliberando-el-intendente-javier-meyer-hara-un-balance-de-gestion-y-proyectos-2021\/\" title=\"Read more\" >&#8230;<\/a><\/p>\n","protected":false},"author":1,"featured_media":28342,"comment_status":"open","ping_status":"open","sticky":false,"template":"","format":"image","meta":{"_jetpack_memberships_contains_paid_content":false,"footnotes":"","jetpack_publicize_message":"","jetpack_publicize_feature_enabled":true,"jetpack_social_post_already_shared":true,"jetpack_social_options":{"image_generator_settings":{"template":"highway","default_image_id":0,"enabled":false},"version":2}},"categories":[8,1,2,7,3],"tags":[],"class_list":["post-28341","post","type-post","status-publish","format-image","has-post-thumbnail","hentry","category-deliberando","category-diario-armstrong","category-locales","category-politica","category-region","post_format-post-format-image"],"jetpack_publicize_connections":[],"jetpack_featured_media_url":"https:\/\/armstrongyregion.com.ar\/diario\/wp-content\/uploads\/2020\/12\/Javier-Meyer-dic-2020-.jpg","jetpack_shortlink":"https:\/\/wp.me\/p62QDO-7n7","jetpack_sharing_enabled":true,"amp_enabled":true,"_links":{"self":[{"href":"https:\/\/armstrongyregion.com.ar\/diario\/wp-json\/wp\/v2\/posts\/28341","targetHints":{"allow":["GET"]}}],"collection":[{"href":"https:\/\/armstrongyregion.com.ar\/diario\/wp-json\/wp\/v2\/posts"}],"about":[{"href":"https:\/\/armstrongyregion.com.ar\/diario\/wp-json\/wp\/v2\/types\/post"}],"author":[{"embeddable":true,"href":"https:\/\/armstrongyregion.com.ar\/diario\/wp-json\/wp\/v2\/users\/1"}],"replies":[{"embeddable":true,"href":"https:\/\/armstrongyregion.com.ar\/diario\/wp-json\/wp\/v2\/comments?post=28341"}],"version-history":[{"count":1,"href":"https:\/\/armstrongyregion.com.ar\/diario\/wp-json\/wp\/v2\/posts\/28341\/revisions"}],"predecessor-version":[{"id":28343,"href":"https:\/\/armstrongyregion.com.ar\/diario\/wp-json\/wp\/v2\/posts\/28341\/revisions\/28343"}],"wp:featuredmedia":[{"embeddable":true,"href":"https:\/\/armstrongyregion.com.ar\/diario\/wp-json\/wp\/v2\/media\/28342"}],"wp:attachment":[{"href":"https:\/\/armstrongyregion.com.ar\/diario\/wp-json\/wp\/v2\/media?parent=28341"}],"wp:term":[{"taxonomy":"category","embeddable":true,"href":"https:\/\/armstrongyregion.com.ar\/diario\/wp-json\/wp\/v2\/categories?post=28341"},{"taxonomy":"post_tag","embeddable":true,"href":"https:\/\/armstrongyregion.com.ar\/diario\/wp-json\/wp\/v2\/tags?post=28341"}],"curies":[{"name":"wp","href":"https:\/\/api.w.org\/{rel}","templated":true}]}}