{"id":28265,"date":"2020-12-14T22:13:55","date_gmt":"2020-12-14T22:13:55","guid":{"rendered":"https:\/\/armstrongyregion.com.ar\/diario\/?p=28265"},"modified":"2020-12-14T22:13:59","modified_gmt":"2020-12-14T22:13:59","slug":"carta-abierta-de-rasetto-por-la-nueva-ambulancia-para-canada-de-gomez","status":"publish","type":"post","link":"https:\/\/armstrongyregion.com.ar\/diario\/carta-abierta-de-rasetto-por-la-nueva-ambulancia-para-canada-de-gomez\/","title":{"rendered":"Carta abierta de Rasetto por la nueva ambulancia para Ca\u00f1ada de G\u00f3mez."},"content":{"rendered":"\n<figure class=\"wp-block-image size-large\"><img loading=\"lazy\" decoding=\"async\" width=\"960\" height=\"540\" src=\"http:\/\/armstrongyregion.com.ar\/diario\/wp-content\/uploads\/2020\/12\/rasetto-gdor-.jpg\" alt=\"\" class=\"wp-image-28266\" srcset=\"https:\/\/armstrongyregion.com.ar\/diario\/wp-content\/uploads\/2020\/12\/rasetto-gdor-.jpg 960w, https:\/\/armstrongyregion.com.ar\/diario\/wp-content\/uploads\/2020\/12\/rasetto-gdor--300x169.jpg 300w, https:\/\/armstrongyregion.com.ar\/diario\/wp-content\/uploads\/2020\/12\/rasetto-gdor--768x432.jpg 768w\" sizes=\"auto, (max-width: 960px) 100vw, 960px\" \/><\/figure>\n\n\n\n<p>\nA\ntrav\u00e9s del Decreto 293 del 25 de marzo pasado, nuestro Gobernador\nOmar Perotti cre\u00f3 los Comit\u00e9 Departamentales de Crisis Covid 19. Al\nd\u00eda de hoy, y desde el 31 de marzo, el Comit\u00e9 de Iriondo lleva 254\nreuniones. Est\u00e1 integrado, entre otros, por todos los Intendentes y\nPresidentes Comunales del Departamento Iriondo, y nos reunimos todos\nlos d\u00edas a las 19 horas. Domingos, feriados, \u00a1\u00a1\u00a1todos los d\u00edas!!!<\/p>\n\n\n\n<p>\nDesde\nel primer d\u00eda resolv\u00ed destinar todos los subsidios a la pandemia. Y\ntambi\u00e9n transferir la potestad para asignarlos, al referido Comit\u00e9\nDepartamental.<\/p>\n\n\n\n<p>\nEs\nas\u00ed como al d\u00eda de hoy llevamos asignados la cantidad de\n20.483.236,08 pesos. 9.483.236,08 pesos provenientes del Senado y\n11.000.000,00 provenientes del Ministerio de Gesti\u00f3n P\u00fablica.<\/p>\n\n\n\n<p>\nEn\nese marco nace la asignaci\u00f3n para la compra de esta ambulancia. En\neste caso con dinero proveniente del Ministerio de Gesti\u00f3n P\u00fablica.<\/p>\n\n\n\n<p>\nEste\nes un caso ejemplar para demostrar palmariamente una frase de\ncabecera que todos debi\u00e9ramos tener presente siempre. Pero m\u00e1s a\u00fan\nquienes administramos la Cosa P\u00fablica: EL TODO ES M\u00c1S QUE LAS\nPARTES.<\/p>\n\n\n\n<p>\nPrimera\nParte: los contribuyentes que pagan sus impuestos. Porque en\ndefinitiva si hay una pertenencia en relaci\u00f3n al dinero p\u00fablico que\ndesde el Estado se asigna, seguramente esa pertenencia es m\u00e1s de\nquienes con su trabajo todos los d\u00edas generan la riqueza de nuestra\nprovincia.<\/p>\n\n\n\n<p>\nSegunda\nParte: el emprendimiento privado y el trabajador privado. Hoy tenemos\nambulancia porque hay argentinos que hacen, arriesgan y trabajan,\npara fabricar, equipar y poner en marcha una ambulancia.<\/p>\n\n\n\n<p>\nTercera\nParte: la Legislatura, que sancion\u00f3 la Ley 13.978, como fuente\necon\u00f3mica para que nuestro Gobierno Provincial cuente con las\nherramientas para hacer frente a la pandemia.<\/p>\n\n\n\n<p>\nCuarta\nParte: el Gobernador Omar Perotti, que hizo y hace frente a la\npandemia. Tarea super compleja. Hacer frente a esta pandemia debe ser\nsin duda el desaf\u00edo pol\u00edtico m\u00e1s importante de la vida. Es\nadministrar (como dice nuestro presidente) lo desconocido.<\/p>\n\n\n\n<p>\nQuinta\nParte: todos los Intendentes y Presidentes Comunales del Departamento\nIriondo, que no dudaron un instante en adjudicar desde el Comit\u00e9\nDepartamental el dinero para la compra de esta ambulancia.<\/p>\n\n\n\n<p>\nSexta\nParte: el director Gonzalo Rodr\u00edguez, y su Concejo de\nAdministraci\u00f3n, quienes hicieron todo lo necesario para apresurar la\nllegada de la ambulancia.<\/p>\n\n\n\n<p>\nS\u00e9ptima\nParte: la intendenta Cl\u00e9rici, que facilit\u00f3 las herramientas\nadministrativas municipales, tambi\u00e9n, para apresurar la llegada de\nla ambulancia.<\/p>\n\n\n\n<p>\nOctava\nparte: el Concejo Deliberante de Ca\u00f1ada de G\u00f3mez, que autoriz\u00f3 a\nla Municipalidad.<\/p>\n\n\n\n<p>\nNovena\nparte: todos los trabajadores que trabajan en la legislatura, en el\npoder ejecutivo, en el San Jos\u00e9, en la Municipalidad de Ca\u00f1ada de\nG\u00f3mez y en el Concejo Deliberante de Ca\u00f1ada de G\u00f3mez, que hacen\nque todo esto funcione para que hoy la Ciudad tenga esta nueva\nambulancia.<\/p>\n\n\n\n<p>\nCu\u00e1l\nhubiera sido la otra posibilidad. \u00bfLa de no haber hecho la acci\u00f3n\ncorrecta? Si no hubi\u00e9ramos puesto cada uno de nosotros la parte de\nacci\u00f3n positiva. \u00bfD\u00f3nde tendr\u00edamos esa parte de actitud? \u00bfEn\nnuestra mesita de luz? \u00bfPara que la tendr\u00edamos? Para lustrarla cada\nd\u00eda, para engordar nuestra egolatr\u00eda.<\/p>\n\n\n\n<p>\nNo,\n\u00e9ste es el ejemplo de que eso no se hizo y es por eso que este\nTODO-AMBULANCIA, hoy est\u00e1 ac\u00e1. Felicitaciones y muchas\nGracias.<br>\n<br>\nHugo Jes\u00fas Rasetto<br>\nSenador Provincial por\nel Departamento Iriondo.<\/p>\n\n\n\n<p>\nA\ndisposici\u00f3n.<br>\n<br>\n<br>\n\n<\/p>\n","protected":false},"excerpt":{"rendered":"<p>A trav\u00e9s del Decreto 293 del 25 de marzo pasado, nuestro Gobernador Omar Perotti cre\u00f3 los Comit\u00e9 Departamentales de Crisis Covid 19. Al d\u00eda de hoy, y desde el 31 de marzo, el Comit\u00e9 de Iriondo lleva 254 reuniones. Est\u00e1 integrado, entre otros, por todos los Intendentes y Presidentes Comunales del Departamento Iriondo, y nos <a href=\"https:\/\/armstrongyregion.com.ar\/diario\/carta-abierta-de-rasetto-por-la-nueva-ambulancia-para-canada-de-gomez\/\" title=\"Read more\" >&#8230;<\/a><\/p>\n","protected":false},"author":1,"featured_media":28266,"comment_status":"open","ping_status":"open","sticky":false,"template":"","format":"image","meta":{"_jetpack_memberships_contains_paid_content":false,"footnotes":"","jetpack_publicize_message":"","jetpack_publicize_feature_enabled":true,"jetpack_social_post_already_shared":true,"jetpack_social_options":{"image_generator_settings":{"template":"highway","default_image_id":0,"enabled":false},"version":2}},"categories":[8,1,7,3],"tags":[],"class_list":["post-28265","post","type-post","status-publish","format-image","has-post-thumbnail","hentry","category-deliberando","category-diario-armstrong","category-politica","category-region","post_format-post-format-image"],"jetpack_publicize_connections":[],"jetpack_featured_media_url":"https:\/\/armstrongyregion.com.ar\/diario\/wp-content\/uploads\/2020\/12\/rasetto-gdor-.jpg","jetpack_shortlink":"https:\/\/wp.me\/p62QDO-7lT","jetpack_sharing_enabled":true,"amp_enabled":true,"_links":{"self":[{"href":"https:\/\/armstrongyregion.com.ar\/diario\/wp-json\/wp\/v2\/posts\/28265","targetHints":{"allow":["GET"]}}],"collection":[{"href":"https:\/\/armstrongyregion.com.ar\/diario\/wp-json\/wp\/v2\/posts"}],"about":[{"href":"https:\/\/armstrongyregion.com.ar\/diario\/wp-json\/wp\/v2\/types\/post"}],"author":[{"embeddable":true,"href":"https:\/\/armstrongyregion.com.ar\/diario\/wp-json\/wp\/v2\/users\/1"}],"replies":[{"embeddable":true,"href":"https:\/\/armstrongyregion.com.ar\/diario\/wp-json\/wp\/v2\/comments?post=28265"}],"version-history":[{"count":1,"href":"https:\/\/armstrongyregion.com.ar\/diario\/wp-json\/wp\/v2\/posts\/28265\/revisions"}],"predecessor-version":[{"id":28267,"href":"https:\/\/armstrongyregion.com.ar\/diario\/wp-json\/wp\/v2\/posts\/28265\/revisions\/28267"}],"wp:featuredmedia":[{"embeddable":true,"href":"https:\/\/armstrongyregion.com.ar\/diario\/wp-json\/wp\/v2\/media\/28266"}],"wp:attachment":[{"href":"https:\/\/armstrongyregion.com.ar\/diario\/wp-json\/wp\/v2\/media?parent=28265"}],"wp:term":[{"taxonomy":"category","embeddable":true,"href":"https:\/\/armstrongyregion.com.ar\/diario\/wp-json\/wp\/v2\/categories?post=28265"},{"taxonomy":"post_tag","embeddable":true,"href":"https:\/\/armstrongyregion.com.ar\/diario\/wp-json\/wp\/v2\/tags?post=28265"}],"curies":[{"name":"wp","href":"https:\/\/api.w.org\/{rel}","templated":true}]}}