{"id":28262,"date":"2020-12-14T22:08:48","date_gmt":"2020-12-14T22:08:48","guid":{"rendered":"https:\/\/armstrongyregion.com.ar\/diario\/?p=28262"},"modified":"2020-12-14T22:08:51","modified_gmt":"2020-12-14T22:08:51","slug":"clerici-recibio-al-gobernador-y-entregaron-nueva-ambulancia-al-hospital-san-jose","status":"publish","type":"post","link":"https:\/\/armstrongyregion.com.ar\/diario\/clerici-recibio-al-gobernador-y-entregaron-nueva-ambulancia-al-hospital-san-jose\/","title":{"rendered":"Cl\u00e9rici recibi\u00f3 al gobernador y entregaron nueva ambulancia al Hospital San Jos\u00e9."},"content":{"rendered":"\n<figure class=\"wp-block-image size-large\"><img loading=\"lazy\" decoding=\"async\" width=\"640\" height=\"427\" src=\"http:\/\/armstrongyregion.com.ar\/diario\/wp-content\/uploads\/2020\/12\/clerici-gdor-.jpg\" alt=\"\" class=\"wp-image-28263\" srcset=\"https:\/\/armstrongyregion.com.ar\/diario\/wp-content\/uploads\/2020\/12\/clerici-gdor-.jpg 640w, https:\/\/armstrongyregion.com.ar\/diario\/wp-content\/uploads\/2020\/12\/clerici-gdor--300x200.jpg 300w\" sizes=\"auto, (max-width: 640px) 100vw, 640px\" \/><\/figure>\n\n\n\n<p>La unidad fue adquirida por el Municipio con aportes del gobierno provincial y fue entregada al director del efector de salud, Dr. Gonzalo Rodr\u00edguez. Previamente el gobernador y la intendenta participaron de la inauguraci\u00f3n de las nuevas instalaciones de Nova SA y recorrieron la planta de recupero de pl\u00e1sticos de ACA en el Parque Industrial.<\/p>\n\n\n\n<p>Esta ma\u00f1ana la intendenta Stella Cl\u00e9rici recibi\u00f3 al gobernador Omar Perotti, para desarrollar en conjunto una importante agenda de trabajo. En el Hospital Provincial San Jos\u00e9 hicieron entrega a su director, Dr. Gonzalo Rodr\u00edguez, de la ambulancia 0km adquirida por el Municipio, como parte del \u201cPrograma Atenci\u00f3n Gobiernos Locales Emergencia Covid-19\u201d del Gobierno de Santa Fe. Se trata de una inversi\u00f3n de cuatro millones quinientos mil pesos. \u00abEstamos muy felices de concretar este logro para toda la comunidad, fruto del trabajo conjunto con el gobierno provincial, nuestro querido hospital y el Comit\u00e9 de Seguimiento Sanitario\u00bb, expres\u00f3 Cl\u00e9rici.<\/p>\n\n\n\n<p>Ambos mandatarios tambi\u00e9n participaron de la inauguraci\u00f3n de una planta piloto y laboratorio de enzimas en la empresa Nova SA, junto a su titular Mauro Piva, siendo la primera en el territorio santafesino. Finalmente recorrieron la Planta de Recupero de Residuos Pl\u00e1sticos de la Asociaci\u00f3n de Cooperativas Argentinas, ubicada en el Parque Industrial.<\/p>\n\n\n\n<p>El gobernador estuvo acompa\u00f1ado, adem\u00e1s de la intendenta, el presidente del Concejo Marcelo Casalegno, por el ministro de Producci\u00f3n, Ciencia y Tecnolog\u00eda, Daniel Costamagna; el secretario de Industria, Claudio Mossuz; el secretario de Integraci\u00f3n y Fortalecimiento Institucional, Jos\u00e9 Luis Freyre, y el director Provincial de Infraestructura y Fortalecimiento Industrial, Marcelo Cogno. Tambi\u00e9n participaron concejales y miembros del gabinete municipal.<\/p>\n","protected":false},"excerpt":{"rendered":"<p>La unidad fue adquirida por el Municipio con aportes del gobierno provincial y fue entregada al director del efector de salud, Dr. Gonzalo Rodr\u00edguez. Previamente el gobernador y la intendenta participaron de la inauguraci\u00f3n de las nuevas instalaciones de Nova SA y recorrieron la planta de recupero de pl\u00e1sticos de ACA en el Parque Industrial. <a href=\"https:\/\/armstrongyregion.com.ar\/diario\/clerici-recibio-al-gobernador-y-entregaron-nueva-ambulancia-al-hospital-san-jose\/\" title=\"Read more\" >&#8230;<\/a><\/p>\n","protected":false},"author":1,"featured_media":28263,"comment_status":"open","ping_status":"open","sticky":false,"template":"","format":"image","meta":{"_jetpack_memberships_contains_paid_content":false,"footnotes":"","jetpack_publicize_message":"","jetpack_publicize_feature_enabled":true,"jetpack_social_post_already_shared":true,"jetpack_social_options":{"image_generator_settings":{"template":"highway","default_image_id":0,"enabled":false},"version":2}},"categories":[8,1,7,3],"tags":[],"class_list":["post-28262","post","type-post","status-publish","format-image","has-post-thumbnail","hentry","category-deliberando","category-diario-armstrong","category-politica","category-region","post_format-post-format-image"],"jetpack_publicize_connections":[],"jetpack_featured_media_url":"https:\/\/armstrongyregion.com.ar\/diario\/wp-content\/uploads\/2020\/12\/clerici-gdor-.jpg","jetpack_shortlink":"https:\/\/wp.me\/p62QDO-7lQ","jetpack_sharing_enabled":true,"amp_enabled":true,"_links":{"self":[{"href":"https:\/\/armstrongyregion.com.ar\/diario\/wp-json\/wp\/v2\/posts\/28262","targetHints":{"allow":["GET"]}}],"collection":[{"href":"https:\/\/armstrongyregion.com.ar\/diario\/wp-json\/wp\/v2\/posts"}],"about":[{"href":"https:\/\/armstrongyregion.com.ar\/diario\/wp-json\/wp\/v2\/types\/post"}],"author":[{"embeddable":true,"href":"https:\/\/armstrongyregion.com.ar\/diario\/wp-json\/wp\/v2\/users\/1"}],"replies":[{"embeddable":true,"href":"https:\/\/armstrongyregion.com.ar\/diario\/wp-json\/wp\/v2\/comments?post=28262"}],"version-history":[{"count":1,"href":"https:\/\/armstrongyregion.com.ar\/diario\/wp-json\/wp\/v2\/posts\/28262\/revisions"}],"predecessor-version":[{"id":28264,"href":"https:\/\/armstrongyregion.com.ar\/diario\/wp-json\/wp\/v2\/posts\/28262\/revisions\/28264"}],"wp:featuredmedia":[{"embeddable":true,"href":"https:\/\/armstrongyregion.com.ar\/diario\/wp-json\/wp\/v2\/media\/28263"}],"wp:attachment":[{"href":"https:\/\/armstrongyregion.com.ar\/diario\/wp-json\/wp\/v2\/media?parent=28262"}],"wp:term":[{"taxonomy":"category","embeddable":true,"href":"https:\/\/armstrongyregion.com.ar\/diario\/wp-json\/wp\/v2\/categories?post=28262"},{"taxonomy":"post_tag","embeddable":true,"href":"https:\/\/armstrongyregion.com.ar\/diario\/wp-json\/wp\/v2\/tags?post=28262"}],"curies":[{"name":"wp","href":"https:\/\/api.w.org\/{rel}","templated":true}]}}