{"id":28246,"date":"2020-12-13T18:22:27","date_gmt":"2020-12-13T18:22:27","guid":{"rendered":"https:\/\/armstrongyregion.com.ar\/diario\/?p=28246"},"modified":"2020-12-13T18:22:29","modified_gmt":"2020-12-13T18:22:29","slug":"eclipse-solar-el-fenomeno-sera-este-lunes-al-mediodia","status":"publish","type":"post","link":"https:\/\/armstrongyregion.com.ar\/diario\/eclipse-solar-el-fenomeno-sera-este-lunes-al-mediodia\/","title":{"rendered":"Eclipse solar: El fen\u00f3meno ser\u00e1 este lunes al mediod\u00eda."},"content":{"rendered":"\n<figure class=\"wp-block-image size-large\"><img loading=\"lazy\" decoding=\"async\" width=\"976\" height=\"549\" src=\"http:\/\/armstrongyregion.com.ar\/diario\/wp-content\/uploads\/2020\/12\/eclipse-solar-.jpg\" alt=\"\" class=\"wp-image-28247\" srcset=\"https:\/\/armstrongyregion.com.ar\/diario\/wp-content\/uploads\/2020\/12\/eclipse-solar-.jpg 976w, https:\/\/armstrongyregion.com.ar\/diario\/wp-content\/uploads\/2020\/12\/eclipse-solar--300x169.jpg 300w, https:\/\/armstrongyregion.com.ar\/diario\/wp-content\/uploads\/2020\/12\/eclipse-solar--768x432.jpg 768w\" sizes=\"auto, (max-width: 976px) 100vw, 976px\" \/><\/figure>\n\n\n\n<p>Por segundo a\u00f1o consecutivo,\u00a0<strong>la Argentina ser\u00e1 escenario de un eclipse solar<\/strong>. El fen\u00f3meno se producir\u00e1 ma\u00f1ana al mediod\u00eda y\u00a0<a rel=\"noreferrer noopener\" href=\"https:\/\/www.lacapital.com.ar\/informacion-general\/el-eclipse-manana-se-observara-toda-su-plenitud-la-patagonia-n2629849.html\" target=\"_blank\"><strong>podr\u00e1 verse en toda su plenitud en la Patagonia<\/strong><\/a>. Sin embargo, vecinos del sur de Santa Fe, tambi\u00e9n podr\u00e1n observar el fen\u00f3meno,\u00a0<strong>cuando la luna pase delante del sol y por alrededor de dos minutos el d\u00eda se transformar\u00e1 en noche<\/strong>.<\/p>\n\n\n\n<p>Desde el\u00a0<strong><a href=\"https:\/\/www.lacapital.com.ar\/complejo-astronomico-municipal-a33373.html\">Complejo Astron\u00f3mico Municipal<\/a>\u00a0<\/strong>de Rosario (CAM)\u00a0explicaron que el eclipse solar ser\u00e1 visible desde el Oc\u00e9ano Pac\u00edfico, Chile, Argentina, Per\u00fa, Bolivia, Paraguay, Uruguay, la Ant\u00e1rtida y sur del Oc\u00e9ano Atl\u00e1ntico. La franja de la totalidad pasar\u00e1 por las provincias de Neuqu\u00e9n y R\u00edo Negro, siendo la\u00a0<strong>duraci\u00f3n m\u00e1xima de su fase total 2 minutos y 10 segundos<\/strong>.<\/p>\n\n\n\n<p> <strong>\u00abSe debe evitar mirar directamente al sol sin la protecci\u00f3n adecuada, ya que los rayos UV pueden da\u00f1ar gravemente la retina o incluso causar la p\u00e9rdida total de la visi\u00f3n\u00bb, advirtieron desde el CAM.<\/strong> <\/p>\n","protected":false},"excerpt":{"rendered":"<p>Por segundo a\u00f1o consecutivo,\u00a0la Argentina ser\u00e1 escenario de un eclipse solar. El fen\u00f3meno se producir\u00e1 ma\u00f1ana al mediod\u00eda y\u00a0podr\u00e1 verse en toda su plenitud en la Patagonia. Sin embargo, vecinos del sur de Santa Fe, tambi\u00e9n podr\u00e1n observar el fen\u00f3meno,\u00a0cuando la luna pase delante del sol y por alrededor de dos minutos el d\u00eda se <a href=\"https:\/\/armstrongyregion.com.ar\/diario\/eclipse-solar-el-fenomeno-sera-este-lunes-al-mediodia\/\" title=\"Read more\" >&#8230;<\/a><\/p>\n","protected":false},"author":1,"featured_media":28247,"comment_status":"open","ping_status":"open","sticky":false,"template":"","format":"image","meta":{"_jetpack_memberships_contains_paid_content":false,"footnotes":"","jetpack_publicize_message":"","jetpack_publicize_feature_enabled":true,"jetpack_social_post_already_shared":true,"jetpack_social_options":{"image_generator_settings":{"template":"highway","default_image_id":0,"enabled":false},"version":2}},"categories":[6,8,1,2,3],"tags":[],"class_list":["post-28246","post","type-post","status-publish","format-image","has-post-thumbnail","hentry","category-cultura-entretenimiento","category-deliberando","category-diario-armstrong","category-locales","category-region","post_format-post-format-image"],"jetpack_publicize_connections":[],"jetpack_featured_media_url":"https:\/\/armstrongyregion.com.ar\/diario\/wp-content\/uploads\/2020\/12\/eclipse-solar-.jpg","jetpack_shortlink":"https:\/\/wp.me\/p62QDO-7lA","jetpack_sharing_enabled":true,"amp_enabled":true,"_links":{"self":[{"href":"https:\/\/armstrongyregion.com.ar\/diario\/wp-json\/wp\/v2\/posts\/28246","targetHints":{"allow":["GET"]}}],"collection":[{"href":"https:\/\/armstrongyregion.com.ar\/diario\/wp-json\/wp\/v2\/posts"}],"about":[{"href":"https:\/\/armstrongyregion.com.ar\/diario\/wp-json\/wp\/v2\/types\/post"}],"author":[{"embeddable":true,"href":"https:\/\/armstrongyregion.com.ar\/diario\/wp-json\/wp\/v2\/users\/1"}],"replies":[{"embeddable":true,"href":"https:\/\/armstrongyregion.com.ar\/diario\/wp-json\/wp\/v2\/comments?post=28246"}],"version-history":[{"count":1,"href":"https:\/\/armstrongyregion.com.ar\/diario\/wp-json\/wp\/v2\/posts\/28246\/revisions"}],"predecessor-version":[{"id":28248,"href":"https:\/\/armstrongyregion.com.ar\/diario\/wp-json\/wp\/v2\/posts\/28246\/revisions\/28248"}],"wp:featuredmedia":[{"embeddable":true,"href":"https:\/\/armstrongyregion.com.ar\/diario\/wp-json\/wp\/v2\/media\/28247"}],"wp:attachment":[{"href":"https:\/\/armstrongyregion.com.ar\/diario\/wp-json\/wp\/v2\/media?parent=28246"}],"wp:term":[{"taxonomy":"category","embeddable":true,"href":"https:\/\/armstrongyregion.com.ar\/diario\/wp-json\/wp\/v2\/categories?post=28246"},{"taxonomy":"post_tag","embeddable":true,"href":"https:\/\/armstrongyregion.com.ar\/diario\/wp-json\/wp\/v2\/tags?post=28246"}],"curies":[{"name":"wp","href":"https:\/\/api.w.org\/{rel}","templated":true}]}}