{"id":28236,"date":"2020-12-12T01:25:00","date_gmt":"2020-12-12T01:25:00","guid":{"rendered":"https:\/\/armstrongyregion.com.ar\/diario\/?p=28236"},"modified":"2020-12-12T01:25:04","modified_gmt":"2020-12-12T01:25:04","slug":"armstrong-actividades-por-el-medio-ambiente","status":"publish","type":"post","link":"https:\/\/armstrongyregion.com.ar\/diario\/armstrong-actividades-por-el-medio-ambiente\/","title":{"rendered":"Armstrong. Actividades por el medio ambiente."},"content":{"rendered":"\n<figure class=\"wp-block-image size-large\"><img loading=\"lazy\" decoding=\"async\" width=\"2560\" height=\"1707\" src=\"https:\/\/i1.wp.com\/armstrongyregion.com.ar\/diario\/wp-content\/uploads\/2020\/12\/Yo_me_comprometo-63_compress80-scaled.jpg?fit=800%2C534&amp;ssl=1\" alt=\"\" class=\"wp-image-28237\" srcset=\"https:\/\/armstrongyregion.com.ar\/diario\/wp-content\/uploads\/2020\/12\/Yo_me_comprometo-63_compress80-scaled.jpg 2560w, https:\/\/armstrongyregion.com.ar\/diario\/wp-content\/uploads\/2020\/12\/Yo_me_comprometo-63_compress80-300x200.jpg 300w, https:\/\/armstrongyregion.com.ar\/diario\/wp-content\/uploads\/2020\/12\/Yo_me_comprometo-63_compress80-1024x683.jpg 1024w, https:\/\/armstrongyregion.com.ar\/diario\/wp-content\/uploads\/2020\/12\/Yo_me_comprometo-63_compress80-768x512.jpg 768w, https:\/\/armstrongyregion.com.ar\/diario\/wp-content\/uploads\/2020\/12\/Yo_me_comprometo-63_compress80-1536x1024.jpg 1536w, https:\/\/armstrongyregion.com.ar\/diario\/wp-content\/uploads\/2020\/12\/Yo_me_comprometo-63_compress80-2048x1365.jpg 2048w\" sizes=\"auto, (max-width: 2560px) 100vw, 2560px\" \/><\/figure>\n\n\n\n<p>En el marco de los programas \u201cYo me Comprometo\u201d y \u201cCiudad Educadora\u201d el d\u00eda mi\u00e9rcoles 9 de diciembre por la ma\u00f1ana, el Intendente Dr. Pablo Verdecchia junto a integrantes de su gabinete y personal municipal acompa\u00f1aron a las integrantes del grupo Eco C\u00e9ntrica a realizar la plantaci\u00f3n de \u00e1rboles en la nueva plaza del barrio Sue\u00f1os del Sur.<\/p>\n\n\n\n<p>Se trata de la \u00faltima actividad programada por las alumnas de nivel secundario quienes con el apoyo de la Municipalidad de Armstrong llevaron adelante un importante proyecto en pos del medio ambiente de nuestra ciudad.<\/p>\n\n\n\n<figure class=\"wp-block-image\"><img decoding=\"async\" src=\"http:\/\/www.armstrong.gov.ar\/2020\/images\/Yo_me_comprometo-29_compress41.jpg\" alt=\"Yo me comprometo 29 compress41\"\/><\/figure>\n\n\n\n<p>Propusieron a toda la comunidad sumar kil\u00f3metros de movilidad sustentable, en bicicleta, caminando, trotando o corriendo, y luego canjear dichos kil\u00f3metros por \u00e1rboles en la nueva plaza.&nbsp;<\/p>\n\n\n\n<figure class=\"wp-block-image\"><img decoding=\"async\" src=\"http:\/\/www.armstrong.gov.ar\/2020\/images\/Yo_me_comprometo-36_compress70.jpg\" alt=\"Yo me comprometo 36 compress70\"\/><\/figure>\n\n\n\n<p>El objetivo era lograr 8.000 km x 8 \u00e1rboles. Pero fue tanto el compromiso de la ciudadan\u00eda que en dos semanas se sumaron 11.000 km.&nbsp;<\/p>\n\n\n\n<figure class=\"wp-block-image\"><img decoding=\"async\" src=\"http:\/\/www.armstrong.gov.ar\/2020\/images\/Yo_me_comprometo-58_compress83.jpg\" alt=\"Yo me comprometo 58 compress83\"\/><\/figure>\n\n\n\n<p>Por ello, se plantaron 6 ejemplares de fresno rubra, 1 de Ginkgo biloba, y 4 de prunus pisardi en este nuevo espacio p\u00fablico.<\/p>\n\n\n\n<figure class=\"wp-block-image\"><img decoding=\"async\" src=\"http:\/\/www.armstrong.gov.ar\/2020\/images\/Yo_me_comprometo-61_compress59.jpg\" alt=\"Yo me comprometo 61 compress59\"\/><\/figure>\n\n\n\n<p>En la oportunidad se instal\u00f3 una bicicleta fija, la Eco Bici, dise\u00f1ada y construida por profesores y ex alumnos de la Escuela de Educaci\u00f3n T\u00e9cnica N\u00b0 291, que cuenta con un dispositivo adaptado que sirve como cargador de bater\u00edas para tel\u00e9fonos celulares en el momento en que se realiza actividad f\u00edsica.<\/p>\n\n\n\n<figure class=\"wp-block-image\"><img decoding=\"async\" src=\"http:\/\/www.armstrong.gov.ar\/2020\/images\/Yo_me_comprometo-43_compress86.jpg\" alt=\"Yo me comprometo 43 compress86\"\/><\/figure>\n\n\n\n<p>La capacidad de carga que ofrece la Eco Bici se estima, en promedio, la carga del 1 % en dos o tres minutos de pedaleo.<\/p>\n\n\n\n<p>Se proyecta la instalaci\u00f3n de otra Eco Bici en los pr\u00f3ximos d\u00edas.<\/p>\n","protected":false},"excerpt":{"rendered":"<p>En el marco de los programas \u201cYo me Comprometo\u201d y \u201cCiudad Educadora\u201d el d\u00eda mi\u00e9rcoles 9 de diciembre por la ma\u00f1ana, el Intendente Dr. Pablo Verdecchia junto a integrantes de su gabinete y personal municipal acompa\u00f1aron a las integrantes del grupo Eco C\u00e9ntrica a realizar la plantaci\u00f3n de \u00e1rboles en la nueva plaza del barrio <a href=\"https:\/\/armstrongyregion.com.ar\/diario\/armstrong-actividades-por-el-medio-ambiente\/\" title=\"Read more\" >&#8230;<\/a><\/p>\n","protected":false},"author":1,"featured_media":28237,"comment_status":"open","ping_status":"open","sticky":false,"template":"","format":"image","meta":{"_jetpack_memberships_contains_paid_content":false,"footnotes":"","jetpack_publicize_message":"","jetpack_publicize_feature_enabled":true,"jetpack_social_post_already_shared":true,"jetpack_social_options":{"image_generator_settings":{"template":"highway","default_image_id":0,"enabled":false},"version":2}},"categories":[6,8,1,2,7],"tags":[],"class_list":["post-28236","post","type-post","status-publish","format-image","has-post-thumbnail","hentry","category-cultura-entretenimiento","category-deliberando","category-diario-armstrong","category-locales","category-politica","post_format-post-format-image"],"jetpack_publicize_connections":[],"jetpack_featured_media_url":"https:\/\/armstrongyregion.com.ar\/diario\/wp-content\/uploads\/2020\/12\/Yo_me_comprometo-63_compress80-scaled.jpg","jetpack_shortlink":"https:\/\/wp.me\/p62QDO-7lq","jetpack_sharing_enabled":true,"amp_enabled":true,"_links":{"self":[{"href":"https:\/\/armstrongyregion.com.ar\/diario\/wp-json\/wp\/v2\/posts\/28236","targetHints":{"allow":["GET"]}}],"collection":[{"href":"https:\/\/armstrongyregion.com.ar\/diario\/wp-json\/wp\/v2\/posts"}],"about":[{"href":"https:\/\/armstrongyregion.com.ar\/diario\/wp-json\/wp\/v2\/types\/post"}],"author":[{"embeddable":true,"href":"https:\/\/armstrongyregion.com.ar\/diario\/wp-json\/wp\/v2\/users\/1"}],"replies":[{"embeddable":true,"href":"https:\/\/armstrongyregion.com.ar\/diario\/wp-json\/wp\/v2\/comments?post=28236"}],"version-history":[{"count":1,"href":"https:\/\/armstrongyregion.com.ar\/diario\/wp-json\/wp\/v2\/posts\/28236\/revisions"}],"predecessor-version":[{"id":28238,"href":"https:\/\/armstrongyregion.com.ar\/diario\/wp-json\/wp\/v2\/posts\/28236\/revisions\/28238"}],"wp:featuredmedia":[{"embeddable":true,"href":"https:\/\/armstrongyregion.com.ar\/diario\/wp-json\/wp\/v2\/media\/28237"}],"wp:attachment":[{"href":"https:\/\/armstrongyregion.com.ar\/diario\/wp-json\/wp\/v2\/media?parent=28236"}],"wp:term":[{"taxonomy":"category","embeddable":true,"href":"https:\/\/armstrongyregion.com.ar\/diario\/wp-json\/wp\/v2\/categories?post=28236"},{"taxonomy":"post_tag","embeddable":true,"href":"https:\/\/armstrongyregion.com.ar\/diario\/wp-json\/wp\/v2\/tags?post=28236"}],"curies":[{"name":"wp","href":"https:\/\/api.w.org\/{rel}","templated":true}]}}