{"id":28234,"date":"2020-12-12T01:15:11","date_gmt":"2020-12-12T01:15:11","guid":{"rendered":"https:\/\/armstrongyregion.com.ar\/diario\/?p=28234"},"modified":"2020-12-12T01:15:14","modified_gmt":"2020-12-12T01:15:14","slug":"gramigna-nada-nos-sorprende-porque-fischer-ya-habia-utilizado-el-doble-voto-para-permanecer-en-la-presidencia-del-concejo","status":"publish","type":"post","link":"https:\/\/armstrongyregion.com.ar\/diario\/gramigna-nada-nos-sorprende-porque-fischer-ya-habia-utilizado-el-doble-voto-para-permanecer-en-la-presidencia-del-concejo\/","title":{"rendered":"Gramigna: \u201cNada nos sorprende, porque Fischer ya hab\u00eda utilizado el doble voto para permanecer en la presidencia del concejo\u201d."},"content":{"rendered":"\n<figure class=\"wp-block-image size-large\"><img loading=\"lazy\" decoding=\"async\" width=\"768\" height=\"496\" src=\"http:\/\/armstrongyregion.com.ar\/diario\/wp-content\/uploads\/2019\/09\/emiliano-Gramigna-septiembre-19.jpg\" alt=\"\" class=\"wp-image-22899\" srcset=\"https:\/\/armstrongyregion.com.ar\/diario\/wp-content\/uploads\/2019\/09\/emiliano-Gramigna-septiembre-19.jpg 768w, https:\/\/armstrongyregion.com.ar\/diario\/wp-content\/uploads\/2019\/09\/emiliano-Gramigna-septiembre-19-300x194.jpg 300w\" sizes=\"auto, (max-width: 768px) 100vw, 768px\" \/><\/figure>\n\n\n\n<p>\nAs\u00ed se refiri\u00f3 el concejal Emiliano Gramigna, con respecto a la\nelecci\u00f3n de autoridades en el legislativo. \u201cDesde nuestro bloque\nconjuntamente con Jesus Urqu\u00eda, nos sent\u00edamos merecedores de tener\nla presidencia del concejo porque no solamente estuvimos trabajando\nel a\u00f1o pasado sino que este a\u00f1o de pandemia lo hemos hecho con un\ncompromiso muy grande hacia la ciudad donde hemos aportado much\u00edsimo\ndialogo, hemos trabajado mancomunadamente con todos los sectores de\nla ciudad y hemos demostrado madurez pol\u00edtica, no hemos tra\u00eddo\ncontroversias, no hemos generado discordia simplemente para dividir a\nla gente sino que tratamos de unificar criterios  para  que podamos\nsellar esta grieta en la cual estamos viviendo\u201d \n<\/p>\n\n\n\n<p>\nGramigna a\u00f1adi\u00f3: \u201cLa verdad que nada nos sorprende porque Fischer\nya habia utilizado el doble voto para votarse anteriormente y esta\nvez lo volvi\u00f3 a hacer. Evidentemente lo que se esta buscando\nb\u00e1sicamente es seguir conservando una silla y en el caso particular\nno cambia mi compromiso para con el pueblo de no tener la presidencia\nen el concejo. Voy a seguir trabajando con las mismas ganas y el\nmismo compromiso de siempre\u201d. \n<\/p>\n\n\n\n<p> Siguiendo una misma l\u00ednea de discurso el edil remarc\u00f3: \u201cEste fue un a\u00f1o muy particular donde desde nuestro bloque pusimos absolutamente todo al servicio de la ciudad dejando no solamente  horas de trabajo sino que tambi\u00e9n dejamos nuestros sueldos para realizar las donaciones correspondientes, trabajando codo a codo con acci\u00f3n social y en el hospital porque sab\u00edamos que se necesitaba,  creo que eso formaba parte de un gran gesto de al menos una parte de la clase pol\u00edtica que quiere ver crecer al pueblo y no quiere atornillarse en un lugar a costa de cualquier cosa\u201d.<\/p>\n","protected":false},"excerpt":{"rendered":"<p>As\u00ed se refiri\u00f3 el concejal Emiliano Gramigna, con respecto a la elecci\u00f3n de autoridades en el legislativo. \u201cDesde nuestro bloque conjuntamente con Jesus Urqu\u00eda, nos sent\u00edamos merecedores de tener la presidencia del concejo porque no solamente estuvimos trabajando el a\u00f1o pasado sino que este a\u00f1o de pandemia lo hemos hecho con un compromiso muy grande <a href=\"https:\/\/armstrongyregion.com.ar\/diario\/gramigna-nada-nos-sorprende-porque-fischer-ya-habia-utilizado-el-doble-voto-para-permanecer-en-la-presidencia-del-concejo\/\" title=\"Read more\" >&#8230;<\/a><\/p>\n","protected":false},"author":1,"featured_media":28132,"comment_status":"open","ping_status":"open","sticky":false,"template":"","format":"image","meta":{"_jetpack_memberships_contains_paid_content":false,"footnotes":"","jetpack_publicize_message":"","jetpack_publicize_feature_enabled":true,"jetpack_social_post_already_shared":true,"jetpack_social_options":{"image_generator_settings":{"template":"highway","default_image_id":0,"enabled":false},"version":2}},"categories":[8,1,2,7],"tags":[],"class_list":["post-28234","post","type-post","status-publish","format-image","has-post-thumbnail","hentry","category-deliberando","category-diario-armstrong","category-locales","category-politica","post_format-post-format-image"],"jetpack_publicize_connections":[],"jetpack_featured_media_url":"https:\/\/armstrongyregion.com.ar\/diario\/wp-content\/uploads\/2020\/12\/Emi-Gramigna-dici.2020.jpg","jetpack_shortlink":"https:\/\/wp.me\/p62QDO-7lo","jetpack_sharing_enabled":true,"amp_enabled":true,"_links":{"self":[{"href":"https:\/\/armstrongyregion.com.ar\/diario\/wp-json\/wp\/v2\/posts\/28234","targetHints":{"allow":["GET"]}}],"collection":[{"href":"https:\/\/armstrongyregion.com.ar\/diario\/wp-json\/wp\/v2\/posts"}],"about":[{"href":"https:\/\/armstrongyregion.com.ar\/diario\/wp-json\/wp\/v2\/types\/post"}],"author":[{"embeddable":true,"href":"https:\/\/armstrongyregion.com.ar\/diario\/wp-json\/wp\/v2\/users\/1"}],"replies":[{"embeddable":true,"href":"https:\/\/armstrongyregion.com.ar\/diario\/wp-json\/wp\/v2\/comments?post=28234"}],"version-history":[{"count":1,"href":"https:\/\/armstrongyregion.com.ar\/diario\/wp-json\/wp\/v2\/posts\/28234\/revisions"}],"predecessor-version":[{"id":28235,"href":"https:\/\/armstrongyregion.com.ar\/diario\/wp-json\/wp\/v2\/posts\/28234\/revisions\/28235"}],"wp:featuredmedia":[{"embeddable":true,"href":"https:\/\/armstrongyregion.com.ar\/diario\/wp-json\/wp\/v2\/media\/28132"}],"wp:attachment":[{"href":"https:\/\/armstrongyregion.com.ar\/diario\/wp-json\/wp\/v2\/media?parent=28234"}],"wp:term":[{"taxonomy":"category","embeddable":true,"href":"https:\/\/armstrongyregion.com.ar\/diario\/wp-json\/wp\/v2\/categories?post=28234"},{"taxonomy":"post_tag","embeddable":true,"href":"https:\/\/armstrongyregion.com.ar\/diario\/wp-json\/wp\/v2\/tags?post=28234"}],"curies":[{"name":"wp","href":"https:\/\/api.w.org\/{rel}","templated":true}]}}