{"id":28221,"date":"2020-12-11T14:08:18","date_gmt":"2020-12-11T14:08:18","guid":{"rendered":"https:\/\/armstrongyregion.com.ar\/diario\/?p=28221"},"modified":"2020-12-11T14:08:21","modified_gmt":"2020-12-11T14:08:21","slug":"martorano-santa-fe-estara-preparada-para-recibir-y-distribuir-las-vacunas","status":"publish","type":"post","link":"https:\/\/armstrongyregion.com.ar\/diario\/martorano-santa-fe-estara-preparada-para-recibir-y-distribuir-las-vacunas\/","title":{"rendered":"Martorano: \u201cSanta Fe estar\u00e1 preparada para recibir y distribuir las vacunas\u201d."},"content":{"rendered":"\n<figure class=\"wp-block-image size-large\"><img loading=\"lazy\" decoding=\"async\" width=\"570\" height=\"320\" src=\"http:\/\/armstrongyregion.com.ar\/diario\/wp-content\/uploads\/2020\/12\/matorano-.jpg\" alt=\"\" class=\"wp-image-28222\" srcset=\"https:\/\/armstrongyregion.com.ar\/diario\/wp-content\/uploads\/2020\/12\/matorano-.jpg 570w, https:\/\/armstrongyregion.com.ar\/diario\/wp-content\/uploads\/2020\/12\/matorano--300x168.jpg 300w\" sizes=\"auto, (max-width: 570px) 100vw, 570px\" \/><\/figure>\n\n\n\n<h2 class=\"wp-block-heading\"> Aunque no fue establecida la fecha exacta de la llegada de las mismas al pa\u00eds, la provincia ya organiza la campa\u00f1a de vacunaci\u00f3n. <\/h2>\n\n\n\n<p>\n\nLa ministra de Salud, Sonia Martorano, asegur\u00f3 que el gobierno provincial, junto con las autoridades nacionales, trabaja desde hace tiempo en la planificaci\u00f3n estrat\u00e9gica y continua para la recepci\u00f3n, conservaci\u00f3n, distribuci\u00f3n y aplicaci\u00f3n de la vacuna contra el coronavirus en el territorio santafesino.<\/p>\n\n\n\n<p>Si bien a\u00fan no se ha determinado el d\u00eda exacto en el que las vacunas llegar\u00e1n al pa\u00eds para iniciar la primera etapa de vacunaci\u00f3n, las autoridades santafesinas y nacionales trabajan sin descanso en la organizaci\u00f3n de la log\u00edstica a desarrollar.<\/p>\n\n\n\n<p>En ese marco, Martorano adelant\u00f3 que \u201cesta semana la provincia recibir\u00e1 a funcionarios nacionales para continuar articulando, con los distintos estamentos del Estado, la log\u00edstica para lleva a cabo la vacunaci\u00f3n\u201d.<\/p>\n\n\n\n<p>En ese sentido, la ministra indic\u00f3 que \u201cse trabajar\u00e1 con los gobiernos locales en un plan sin\u00e9rgico que abarcar\u00e1 todo el territorio provincial. Por tal motivo, es muy importante la participaci\u00f3n y compromiso de los municipios y comunas para que esta campa\u00f1a sea exitosa. Luego de las reuniones con las autoridades nacionales, mantendremos los encuentros con las administraciones locales para ajustar los detalles log\u00edsticos\u201d, explic\u00f3.<\/p>\n\n\n\n<p>\u201cSer\u00e1 un desaf\u00edo muy grande e in\u00e9dito que requerir\u00e1 un esfuerzo may\u00fasculo de todos y todas. Por eso, mientras trabajamos en la vigilancia, prevenci\u00f3n y bloqueo de la circulaci\u00f3n del coronavirus, y en la agenda no Covid de enfermedades estacionales y cr\u00f3nicas, nos ocupamos en estar preparados para iniciar la campa\u00f1a de vacunaci\u00f3n de la mejor forma posible\u201d, concluy\u00f3 la funcionaria.<\/p>\n\n\n\n<p><strong>VACUNADORES VOLUNTARIOS<\/strong><\/p>\n\n\n\n<p>Asimismo, desde el Ministerio de Salud de la provincia recordaron que hasta el 15 de diciembre contin\u00faa abierta la inscripci\u00f3n para vacunadores voluntarios, personas con o sin experiencia, mayores de 18 a\u00f1os, que sean personal y t\u00e9cnicos de salud y\/o estudiantes vinculados a la salud.<\/p>\n\n\n\n<p>Los interesados podr\u00e1n registrarse en el siguiente&nbsp;<a href=\"https:\/\/servicios.santafe.gov.ar\/voluntarios_vacunacion\/\" target=\"_blank\" rel=\"noreferrer noopener\">enlace<\/a>.<br><\/p>\n","protected":false},"excerpt":{"rendered":"<p>Aunque no fue establecida la fecha exacta de la llegada de las mismas al pa\u00eds, la provincia ya organiza la campa\u00f1a de vacunaci\u00f3n. La ministra de Salud, Sonia Martorano, asegur\u00f3 que el gobierno provincial, junto con las autoridades nacionales, trabaja desde hace tiempo en la planificaci\u00f3n estrat\u00e9gica y continua para la recepci\u00f3n, conservaci\u00f3n, distribuci\u00f3n y <a href=\"https:\/\/armstrongyregion.com.ar\/diario\/martorano-santa-fe-estara-preparada-para-recibir-y-distribuir-las-vacunas\/\" title=\"Read more\" >&#8230;<\/a><\/p>\n","protected":false},"author":1,"featured_media":28222,"comment_status":"open","ping_status":"open","sticky":false,"template":"","format":"image","meta":{"_jetpack_memberships_contains_paid_content":false,"footnotes":"","jetpack_publicize_message":"","jetpack_publicize_feature_enabled":true,"jetpack_social_post_already_shared":true,"jetpack_social_options":{"image_generator_settings":{"template":"highway","default_image_id":0,"enabled":false},"version":2}},"categories":[8,1,2,7,3],"tags":[],"class_list":["post-28221","post","type-post","status-publish","format-image","has-post-thumbnail","hentry","category-deliberando","category-diario-armstrong","category-locales","category-politica","category-region","post_format-post-format-image"],"jetpack_publicize_connections":[],"jetpack_featured_media_url":"https:\/\/armstrongyregion.com.ar\/diario\/wp-content\/uploads\/2020\/12\/matorano-.jpg","jetpack_shortlink":"https:\/\/wp.me\/p62QDO-7lb","jetpack_sharing_enabled":true,"amp_enabled":true,"_links":{"self":[{"href":"https:\/\/armstrongyregion.com.ar\/diario\/wp-json\/wp\/v2\/posts\/28221","targetHints":{"allow":["GET"]}}],"collection":[{"href":"https:\/\/armstrongyregion.com.ar\/diario\/wp-json\/wp\/v2\/posts"}],"about":[{"href":"https:\/\/armstrongyregion.com.ar\/diario\/wp-json\/wp\/v2\/types\/post"}],"author":[{"embeddable":true,"href":"https:\/\/armstrongyregion.com.ar\/diario\/wp-json\/wp\/v2\/users\/1"}],"replies":[{"embeddable":true,"href":"https:\/\/armstrongyregion.com.ar\/diario\/wp-json\/wp\/v2\/comments?post=28221"}],"version-history":[{"count":1,"href":"https:\/\/armstrongyregion.com.ar\/diario\/wp-json\/wp\/v2\/posts\/28221\/revisions"}],"predecessor-version":[{"id":28223,"href":"https:\/\/armstrongyregion.com.ar\/diario\/wp-json\/wp\/v2\/posts\/28221\/revisions\/28223"}],"wp:featuredmedia":[{"embeddable":true,"href":"https:\/\/armstrongyregion.com.ar\/diario\/wp-json\/wp\/v2\/media\/28222"}],"wp:attachment":[{"href":"https:\/\/armstrongyregion.com.ar\/diario\/wp-json\/wp\/v2\/media?parent=28221"}],"wp:term":[{"taxonomy":"category","embeddable":true,"href":"https:\/\/armstrongyregion.com.ar\/diario\/wp-json\/wp\/v2\/categories?post=28221"},{"taxonomy":"post_tag","embeddable":true,"href":"https:\/\/armstrongyregion.com.ar\/diario\/wp-json\/wp\/v2\/tags?post=28221"}],"curies":[{"name":"wp","href":"https:\/\/api.w.org\/{rel}","templated":true}]}}