{"id":28209,"date":"2020-12-10T23:39:17","date_gmt":"2020-12-10T23:39:17","guid":{"rendered":"https:\/\/armstrongyregion.com.ar\/diario\/?p=28209"},"modified":"2020-12-10T23:40:16","modified_gmt":"2020-12-10T23:40:16","slug":"armstrong-tierra-mia-138-anos-de-nuestra-ciudad","status":"publish","type":"post","link":"https:\/\/armstrongyregion.com.ar\/diario\/armstrong-tierra-mia-138-anos-de-nuestra-ciudad\/","title":{"rendered":"\u201cArmstrong Tierra M\u00eda\u201d, 138 a\u00f1os de nuestra ciudad."},"content":{"rendered":"\n<figure class=\"wp-block-image size-large\"><img loading=\"lazy\" decoding=\"async\" width=\"960\" height=\"959\" src=\"http:\/\/armstrongyregion.com.ar\/diario\/wp-content\/uploads\/2020\/12\/131017477_10224919036392061_7081000859139421099_n.jpg\" alt=\"\" class=\"wp-image-28210\" srcset=\"https:\/\/armstrongyregion.com.ar\/diario\/wp-content\/uploads\/2020\/12\/131017477_10224919036392061_7081000859139421099_n.jpg 960w, https:\/\/armstrongyregion.com.ar\/diario\/wp-content\/uploads\/2020\/12\/131017477_10224919036392061_7081000859139421099_n-300x300.jpg 300w, https:\/\/armstrongyregion.com.ar\/diario\/wp-content\/uploads\/2020\/12\/131017477_10224919036392061_7081000859139421099_n-150x150.jpg 150w, https:\/\/armstrongyregion.com.ar\/diario\/wp-content\/uploads\/2020\/12\/131017477_10224919036392061_7081000859139421099_n-768x767.jpg 768w\" sizes=\"auto, (max-width: 960px) 100vw, 960px\" \/><\/figure>\n\n\n\n<p>\nEl Intendente Dr. Pablo Verdecchia junto a la Secretaria de\nEducaci\u00f3n, Cultura y Deporte Prof. Rosana Siri realizaron la\npresentaci\u00f3n oficial de los festejos por los 138 a\u00f1os que nuestra\nciudad cumplir\u00e1 el pr\u00f3ximo lunes 14 de diciembre.<\/p>\n\n\n\n<figure class=\"wp-block-image size-large\"><img loading=\"lazy\" decoding=\"async\" width=\"959\" height=\"960\" src=\"http:\/\/armstrongyregion.com.ar\/diario\/wp-content\/uploads\/2020\/12\/131101424_10224919034192006_3526461320013652178_n.jpg\" alt=\"\" class=\"wp-image-28211\" srcset=\"https:\/\/armstrongyregion.com.ar\/diario\/wp-content\/uploads\/2020\/12\/131101424_10224919034192006_3526461320013652178_n.jpg 959w, https:\/\/armstrongyregion.com.ar\/diario\/wp-content\/uploads\/2020\/12\/131101424_10224919034192006_3526461320013652178_n-300x300.jpg 300w, https:\/\/armstrongyregion.com.ar\/diario\/wp-content\/uploads\/2020\/12\/131101424_10224919034192006_3526461320013652178_n-150x150.jpg 150w, https:\/\/armstrongyregion.com.ar\/diario\/wp-content\/uploads\/2020\/12\/131101424_10224919034192006_3526461320013652178_n-768x769.jpg 768w\" sizes=\"auto, (max-width: 959px) 100vw, 959px\" \/><\/figure>\n\n\n\n<p>Si bien es un a\u00f1o at\u00edpico, las\nautoridades de la Municipalidad de Armstrong han decidido organizar\nun cumplea\u00f1os diferente y poder ofrecer un festejo distinto teniendo\npresente que el objetivo de \u201cArmstrong Tierra M\u00eda\u201d es juntarnos,\nconocernos, compartir con el vecino, mirarnos, integrarnos y pensar\nuna ciudad mejor para todos, celebrando la historia.<\/p>\n\n\n\n<figure class=\"wp-block-image size-large\"><img loading=\"lazy\" decoding=\"async\" width=\"959\" height=\"960\" src=\"http:\/\/armstrongyregion.com.ar\/diario\/wp-content\/uploads\/2020\/12\/130966692_10224919035472038_5135487043411447995_n.jpg\" alt=\"\" class=\"wp-image-28212\" srcset=\"https:\/\/armstrongyregion.com.ar\/diario\/wp-content\/uploads\/2020\/12\/130966692_10224919035472038_5135487043411447995_n.jpg 959w, https:\/\/armstrongyregion.com.ar\/diario\/wp-content\/uploads\/2020\/12\/130966692_10224919035472038_5135487043411447995_n-300x300.jpg 300w, https:\/\/armstrongyregion.com.ar\/diario\/wp-content\/uploads\/2020\/12\/130966692_10224919035472038_5135487043411447995_n-150x150.jpg 150w, https:\/\/armstrongyregion.com.ar\/diario\/wp-content\/uploads\/2020\/12\/130966692_10224919035472038_5135487043411447995_n-768x769.jpg 768w\" sizes=\"auto, (max-width: 959px) 100vw, 959px\" \/><\/figure>\n\n\n\n<p>La propuesta es tomar el territorio\nde la ciudad como un gran escenario, un lugar de encuentro, de\ncuidada cercan\u00eda, con la expresi\u00f3n de voces y sonidos, disfrutando\nde la variada gastronom\u00eda local.<\/p>\n\n\n\n<figure class=\"wp-block-image size-large\"><img loading=\"lazy\" decoding=\"async\" width=\"958\" height=\"960\" src=\"http:\/\/armstrongyregion.com.ar\/diario\/wp-content\/uploads\/2020\/12\/131016461_10224919034672018_3042715642037697535_n.jpg\" alt=\"\" class=\"wp-image-28213\" srcset=\"https:\/\/armstrongyregion.com.ar\/diario\/wp-content\/uploads\/2020\/12\/131016461_10224919034672018_3042715642037697535_n.jpg 958w, https:\/\/armstrongyregion.com.ar\/diario\/wp-content\/uploads\/2020\/12\/131016461_10224919034672018_3042715642037697535_n-300x300.jpg 300w, https:\/\/armstrongyregion.com.ar\/diario\/wp-content\/uploads\/2020\/12\/131016461_10224919034672018_3042715642037697535_n-150x150.jpg 150w, https:\/\/armstrongyregion.com.ar\/diario\/wp-content\/uploads\/2020\/12\/131016461_10224919034672018_3042715642037697535_n-768x770.jpg 768w\" sizes=\"auto, (max-width: 958px) 100vw, 958px\" \/><\/figure>\n\n\n\n<p>El cronograma de actividades es el\nsiguiente:<\/p>\n\n\n\n<figure class=\"wp-block-image size-large\"><img loading=\"lazy\" decoding=\"async\" width=\"960\" height=\"960\" src=\"http:\/\/armstrongyregion.com.ar\/diario\/wp-content\/uploads\/2020\/12\/131017531_10224919035912049_564739675205695491_n.jpg\" alt=\"\" class=\"wp-image-28214\" srcset=\"https:\/\/armstrongyregion.com.ar\/diario\/wp-content\/uploads\/2020\/12\/131017531_10224919035912049_564739675205695491_n.jpg 960w, https:\/\/armstrongyregion.com.ar\/diario\/wp-content\/uploads\/2020\/12\/131017531_10224919035912049_564739675205695491_n-300x300.jpg 300w, https:\/\/armstrongyregion.com.ar\/diario\/wp-content\/uploads\/2020\/12\/131017531_10224919035912049_564739675205695491_n-150x150.jpg 150w, https:\/\/armstrongyregion.com.ar\/diario\/wp-content\/uploads\/2020\/12\/131017531_10224919035912049_564739675205695491_n-768x768.jpg 768w\" sizes=\"auto, (max-width: 960px) 100vw, 960px\" \/><\/figure>\n\n\n\n<ul class=\"wp-block-list\"><li>Viernes 11 de diciembre: \u201cBares\n\tde mi Ciudad\u201d \u2013 Desde las 21:30 hs. m\u00fasica en vivo.\n<\/li><\/ul>\n\n\n\n<p>Rolling Bar:\nGangaritos . M\u00fasica y Humor \n<\/p>\n\n\n\n<p>               \n      Galp\u00f3n A.S.U.M.T.A.<\/p>\n\n\n\n<p>Orfeo Bar:\nCuerda Floja<\/p>\n\n\n\n<p>               \n    Rock Nacional<\/p>\n\n\n\n<p>Beerlin Birras\n&amp; Food: Universo Conservatorio<\/p>\n\n\n\n<p>               \n                        Tr\u00edo Luciana Viotto, Daniel y Mart\u00edn\nVacchino<\/p>\n\n\n\n<p>               \n                         DJ<\/p>\n\n\n\n<p>Mondo Di Cromo\n\/La Romana\/ Black Point: Miqueas Brasca junto a Gerardo Boggino<\/p>\n\n\n\n<p>               \n                                                              Ariel\nFunes y Familia<\/p>\n\n\n\n<p>               \n                                                              Daniel\nOlmos<\/p>\n\n\n\n<p>               \n                                                               Eva\nArdizone con su banda<\/p>\n\n\n\n<p>               \n                                                               Kill\nGill \u2013 Tributo a Charly Garc\u00eda<\/p>\n\n\n\n<p>La Luna Pizza\nBar: Los Rurales<\/p>\n\n\n\n<p>               \n                 Psirco<\/p>\n\n\n\n<ul class=\"wp-block-list\"><li>S\u00e1bado 12 de diciembre:\n\t\u201cClubes de mi Barrio\u201d\n<\/li><\/ul>\n\n\n\n<p>Club\nMickey: 20 hs. Daniel Olmos<\/p>\n\n\n\n<p>               \n                     Ariel Funes y Familia<\/p>\n\n\n\n<p>Rich\n1972: 21 hs. Adonay<\/p>\n\n\n\n<p>               \n                Daniel Olmos<\/p>\n\n\n\n<ul class=\"wp-block-list\"><li>Domingo 13\n\tde diciembre: \n\t\n\t<\/li><li>\u201cClubes de mi Barrio\u201d: 18\n\ths. Club Defensores\n<\/li><\/ul>\n\n\n\n<p>               \n                          Tr\u00edo Luciana Viotto, Daniel y Mart\u00edn\nVacchino<\/p>\n\n\n\n<p>               \n                          Grupo Boulevard<\/p>\n\n\n\n<p>               \n                          Los Rurales<\/p>\n\n\n\n<p>\u201cPaseo de Compras\u201d: 18:30 hs. en el Parque Bracito Fuerte \u201cSabores y Colores Locales\u201d<\/p>\n\n\n\n<p>\n                                       Emprendedores locales<\/p>\n\n\n\n<p>               \n                       Sorteos<\/p>\n\n\n\n<p>               \n                       DJ Gamal<\/p>\n\n\n\n<p>               \n                       Humor y m\u00fasica<\/p>\n\n\n\n<p>               \n                       The Rufianes presentan la obra de teatro\n\u201cMisi\u00f3n \u00e1rbol\u201d<\/p>\n\n\n\n<p>\u201cEncuentro\u201d:\n19:30 hs. Museo Hist\u00f3rico Municipal \u2013 Biblioteca Popular Sarmiento<\/p>\n\n\n\n<p>               \n                          Poes\u00edas y m\u00fasica en vivo con Daniel Olmos<\/p>\n\n\n\n<ul class=\"wp-block-list\"><li>Lunes 14 de diciembre:\n\t\u201cTransformando la ciudad para un mundo mejor\u201d\n<\/li><\/ul>\n\n\n\n<p>20 hs.\nHabilitaci\u00f3n Plaza \u201cEnrique Verstraete\u201d, en el barrio Sue\u00f1os\ndel Sur.<\/p>\n\n\n\n<p> Apertura del\nproyecto \u201cHuellas de una Pandemia\u201d \u2013 C\u00e1psula del Tiempo<\/p>\n","protected":false},"excerpt":{"rendered":"<p>El Intendente Dr. Pablo Verdecchia junto a la Secretaria de Educaci\u00f3n, Cultura y Deporte Prof. Rosana Siri realizaron la presentaci\u00f3n oficial de los festejos por los 138 a\u00f1os que nuestra ciudad cumplir\u00e1 el pr\u00f3ximo lunes 14 de diciembre. Si bien es un a\u00f1o at\u00edpico, las autoridades de la Municipalidad de Armstrong han decidido organizar un <a href=\"https:\/\/armstrongyregion.com.ar\/diario\/armstrong-tierra-mia-138-anos-de-nuestra-ciudad\/\" title=\"Read more\" >&#8230;<\/a><\/p>\n","protected":false},"author":1,"featured_media":28211,"comment_status":"open","ping_status":"open","sticky":false,"template":"","format":"image","meta":{"_jetpack_memberships_contains_paid_content":false,"footnotes":"","jetpack_publicize_message":"","jetpack_publicize_feature_enabled":true,"jetpack_social_post_already_shared":true,"jetpack_social_options":{"image_generator_settings":{"template":"highway","default_image_id":0,"enabled":false},"version":2}},"categories":[6,8,1,2],"tags":[],"class_list":["post-28209","post","type-post","status-publish","format-image","has-post-thumbnail","hentry","category-cultura-entretenimiento","category-deliberando","category-diario-armstrong","category-locales","post_format-post-format-image"],"jetpack_publicize_connections":[],"jetpack_featured_media_url":"https:\/\/armstrongyregion.com.ar\/diario\/wp-content\/uploads\/2020\/12\/131101424_10224919034192006_3526461320013652178_n.jpg","jetpack_shortlink":"https:\/\/wp.me\/p62QDO-7kZ","jetpack_sharing_enabled":true,"amp_enabled":true,"_links":{"self":[{"href":"https:\/\/armstrongyregion.com.ar\/diario\/wp-json\/wp\/v2\/posts\/28209","targetHints":{"allow":["GET"]}}],"collection":[{"href":"https:\/\/armstrongyregion.com.ar\/diario\/wp-json\/wp\/v2\/posts"}],"about":[{"href":"https:\/\/armstrongyregion.com.ar\/diario\/wp-json\/wp\/v2\/types\/post"}],"author":[{"embeddable":true,"href":"https:\/\/armstrongyregion.com.ar\/diario\/wp-json\/wp\/v2\/users\/1"}],"replies":[{"embeddable":true,"href":"https:\/\/armstrongyregion.com.ar\/diario\/wp-json\/wp\/v2\/comments?post=28209"}],"version-history":[{"count":1,"href":"https:\/\/armstrongyregion.com.ar\/diario\/wp-json\/wp\/v2\/posts\/28209\/revisions"}],"predecessor-version":[{"id":28215,"href":"https:\/\/armstrongyregion.com.ar\/diario\/wp-json\/wp\/v2\/posts\/28209\/revisions\/28215"}],"wp:featuredmedia":[{"embeddable":true,"href":"https:\/\/armstrongyregion.com.ar\/diario\/wp-json\/wp\/v2\/media\/28211"}],"wp:attachment":[{"href":"https:\/\/armstrongyregion.com.ar\/diario\/wp-json\/wp\/v2\/media?parent=28209"}],"wp:term":[{"taxonomy":"category","embeddable":true,"href":"https:\/\/armstrongyregion.com.ar\/diario\/wp-json\/wp\/v2\/categories?post=28209"},{"taxonomy":"post_tag","embeddable":true,"href":"https:\/\/armstrongyregion.com.ar\/diario\/wp-json\/wp\/v2\/tags?post=28209"}],"curies":[{"name":"wp","href":"https:\/\/api.w.org\/{rel}","templated":true}]}}