{"id":28205,"date":"2020-12-10T17:48:44","date_gmt":"2020-12-10T17:48:44","guid":{"rendered":"https:\/\/armstrongyregion.com.ar\/diario\/?p=28205"},"modified":"2020-12-10T17:48:48","modified_gmt":"2020-12-10T17:48:48","slug":"la-concejal-justicialista-carina-mozzoni-rompio-con-el-bloque-clerisista","status":"publish","type":"post","link":"https:\/\/armstrongyregion.com.ar\/diario\/la-concejal-justicialista-carina-mozzoni-rompio-con-el-bloque-clerisista\/","title":{"rendered":"La concejal justicialista Carina Mozzoni rompi\u00f3 con el bloque clerisista."},"content":{"rendered":"\n<figure class=\"wp-block-image size-large\"><img loading=\"lazy\" decoding=\"async\" width=\"1024\" height=\"848\" src=\"http:\/\/armstrongyregion.com.ar\/diario\/wp-content\/uploads\/2020\/12\/resize_1607616971.jpg\" alt=\"\" class=\"wp-image-28206\" srcset=\"https:\/\/armstrongyregion.com.ar\/diario\/wp-content\/uploads\/2020\/12\/resize_1607616971.jpg 1024w, https:\/\/armstrongyregion.com.ar\/diario\/wp-content\/uploads\/2020\/12\/resize_1607616971-300x248.jpg 300w, https:\/\/armstrongyregion.com.ar\/diario\/wp-content\/uploads\/2020\/12\/resize_1607616971-768x636.jpg 768w\" sizes=\"auto, (max-width: 1024px) 100vw, 1024px\" \/><\/figure>\n\n\n\n<p>Tenemos grandes diferencias pol\u00edticas, morales y \u00e9ticas con la intendenta Cl\u00e9rici. As\u00ed se refiri\u00f3 la concejal justicialista quien determin\u00f3 generar su propio bloque para el pr\u00f3ximo periodo legislativo local<\/p>\n\n\n\n<p>\u00a0La concejal justicialista Carina Mozzoni rompi\u00f3 con el bloque clerisista. En la sesi\u00f3n se hizo la renovaci\u00f3n de autoridades y all\u00ed se determin\u00f3 la conformaci\u00f3n de cuatro bloques. El bloque del Frente Justicialista, el de la UCR, el de Juntos por Ca\u00f1ada y ahora el del Frente Juntos.\u00a0<\/p>\n\n\n\n<p>En dialogo con FM Identidad y con&nbsp;<em>En el Recinto<\/em>&nbsp;Mozzoni remarc\u00f3 que hay grandes diferencias con Stella Cl\u00e9rici en lo pol\u00edtico, en lo \u00e9tico y en lo moral<em>. &nbsp;\u201cHace dos meses que inform\u00e9 mi decisi\u00f3n. Entend\u00ed que el 10 de diciembre era la fecha para fijar mi postura, un bloque distinto. No es posible continuar, ni acordar, con muchas cosas que fui marcando, y que no tuvieron una respuesta favorable como ser en cuestiones de la gesti\u00f3n, que tiene que ver con la \u00e9tica. Hay bases importantes que no puedo sostener a partir de un bloque\u201d.&nbsp;<\/em><\/p>\n\n\n\n<p>Mozzoni fue dura con sus excompa\u00f1eros de bancada al decir<em>: \u201cEscuch\u00e9 al presidente Casalegno decir que son un equipo. En realidad, son una obediencia debida. Si uno no cumple con lo que est\u00e1 pactado suceden estas cosas\u201d<\/em>, y afirm\u00f3<em>: \u201cno confundamos equipo con otra cosa\u201d.&nbsp;<\/em><\/p>\n\n\n\n<p><em>\u201cDe aqu\u00ed en adelante vamos a tener que ajustar algunos tantos\u201d,<\/em>&nbsp;expres\u00f3 la expresidenta del Concejo. Enumer\u00f3 temas con los que no est\u00e1 de acuerdo<em>: \u201cPrivilegios de funcionarios que desde el 10 de diciembre pasado se fueron nombrando, familiares que ingresaron a la planta municipal, el uso personal de determinadas cosas y podr\u00eda continuar enumerando, a medida que pasen las sesiones lo ir\u00e9 dejando plasmado en proyectos que presentar\u00e9\u201d.&nbsp;<\/em><\/p>\n\n\n\n<p><em>\u201cLa gran diferencia en pol\u00edtica se da cuando comienza a conducir pol\u00edticamente el marido de Stella Cl\u00e9rici\u201d,<\/em>&nbsp;se\u00f1al\u00f3<em>, \u201choy Cl\u00e9rici no es la intendenta, lo podemos ver en cada una de las reuniones, basta con observar, quien es el que toma todas las decisiones\u201d.&nbsp;<\/em><\/p>\n\n\n\n<p>Tambi\u00e9n les record\u00f3 a Casalegno, D\u00edaz Patr\u00f3n y Loyola&nbsp;<em>que \u201cest\u00e1n sentados en sus bancas porque en las \u00faltimas elecciones, como en el 2015, fui yo quien encabez\u00f3 esas listas, a veces la obediencia debida tiene m\u00e1s peso que la decisi\u00f3n personal\u201d.&nbsp;&nbsp;<\/em><\/p>\n\n\n\n<p>En funci\u00f3n de la sesi\u00f3n y de su voto dijo:&nbsp;<em>\u201cCon mi voto trat\u00e9 de decidir, y demostrar lo que dec\u00eda, que el voto sea m\u00e1s repartido. Por eso la conformaci\u00f3n de Casalegno presidente y Chale y Mazzoli los vicepresidentes, me parece que es lo m\u00e1s equilibrado. Todo esto se da cuando uno cree que su lugar se valida por el voto popular\u201d.&nbsp;<\/em><\/p>\n\n\n\n<p>La concejal del Frente Juntos se\u00f1al\u00f3 que con sus ex compa\u00f1eros de bancada, como con los funcionarios pol\u00edticos, no ha tenido amistada sino m\u00e1s bien\u00a0<em>\u201cuna relaci\u00f3n de trabajo que ha llegado a su fin\u201d.<\/em><\/p>\n\n\n\n<p> Redacci\u00f3n En el Recinto.\u00a0\u00a0 <br><\/p>\n","protected":false},"excerpt":{"rendered":"<p>Tenemos grandes diferencias pol\u00edticas, morales y \u00e9ticas con la intendenta Cl\u00e9rici. As\u00ed se refiri\u00f3 la concejal justicialista quien determin\u00f3 generar su propio bloque para el pr\u00f3ximo periodo legislativo local \u00a0La concejal justicialista Carina Mozzoni rompi\u00f3 con el bloque clerisista. En la sesi\u00f3n se hizo la renovaci\u00f3n de autoridades y all\u00ed se determin\u00f3 la conformaci\u00f3n de <a href=\"https:\/\/armstrongyregion.com.ar\/diario\/la-concejal-justicialista-carina-mozzoni-rompio-con-el-bloque-clerisista\/\" title=\"Read more\" >&#8230;<\/a><\/p>\n","protected":false},"author":1,"featured_media":28206,"comment_status":"open","ping_status":"open","sticky":false,"template":"","format":"image","meta":{"_jetpack_memberships_contains_paid_content":false,"footnotes":"","jetpack_publicize_message":"","jetpack_publicize_feature_enabled":true,"jetpack_social_post_already_shared":true,"jetpack_social_options":{"image_generator_settings":{"template":"highway","default_image_id":0,"enabled":false},"version":2}},"categories":[8,1,2,7,3],"tags":[],"class_list":["post-28205","post","type-post","status-publish","format-image","has-post-thumbnail","hentry","category-deliberando","category-diario-armstrong","category-locales","category-politica","category-region","post_format-post-format-image"],"jetpack_publicize_connections":[],"jetpack_featured_media_url":"https:\/\/armstrongyregion.com.ar\/diario\/wp-content\/uploads\/2020\/12\/resize_1607616971.jpg","jetpack_shortlink":"https:\/\/wp.me\/p62QDO-7kV","jetpack_sharing_enabled":true,"amp_enabled":true,"_links":{"self":[{"href":"https:\/\/armstrongyregion.com.ar\/diario\/wp-json\/wp\/v2\/posts\/28205","targetHints":{"allow":["GET"]}}],"collection":[{"href":"https:\/\/armstrongyregion.com.ar\/diario\/wp-json\/wp\/v2\/posts"}],"about":[{"href":"https:\/\/armstrongyregion.com.ar\/diario\/wp-json\/wp\/v2\/types\/post"}],"author":[{"embeddable":true,"href":"https:\/\/armstrongyregion.com.ar\/diario\/wp-json\/wp\/v2\/users\/1"}],"replies":[{"embeddable":true,"href":"https:\/\/armstrongyregion.com.ar\/diario\/wp-json\/wp\/v2\/comments?post=28205"}],"version-history":[{"count":1,"href":"https:\/\/armstrongyregion.com.ar\/diario\/wp-json\/wp\/v2\/posts\/28205\/revisions"}],"predecessor-version":[{"id":28207,"href":"https:\/\/armstrongyregion.com.ar\/diario\/wp-json\/wp\/v2\/posts\/28205\/revisions\/28207"}],"wp:featuredmedia":[{"embeddable":true,"href":"https:\/\/armstrongyregion.com.ar\/diario\/wp-json\/wp\/v2\/media\/28206"}],"wp:attachment":[{"href":"https:\/\/armstrongyregion.com.ar\/diario\/wp-json\/wp\/v2\/media?parent=28205"}],"wp:term":[{"taxonomy":"category","embeddable":true,"href":"https:\/\/armstrongyregion.com.ar\/diario\/wp-json\/wp\/v2\/categories?post=28205"},{"taxonomy":"post_tag","embeddable":true,"href":"https:\/\/armstrongyregion.com.ar\/diario\/wp-json\/wp\/v2\/tags?post=28205"}],"curies":[{"name":"wp","href":"https:\/\/api.w.org\/{rel}","templated":true}]}}