{"id":28202,"date":"2020-12-10T17:44:04","date_gmt":"2020-12-10T17:44:04","guid":{"rendered":"https:\/\/armstrongyregion.com.ar\/diario\/?p=28202"},"modified":"2020-12-10T17:44:08","modified_gmt":"2020-12-10T17:44:08","slug":"%ef%bb%bf-augusto-fischer-fue-reelecto-presidente-del-concejo-municipal","status":"publish","type":"post","link":"https:\/\/armstrongyregion.com.ar\/diario\/%ef%bb%bf-augusto-fischer-fue-reelecto-presidente-del-concejo-municipal\/","title":{"rendered":"\ufeff Augusto Fischer fue reelecto Presidente del Concejo Municipal."},"content":{"rendered":"\n<figure class=\"wp-block-image size-large\"><img loading=\"lazy\" decoding=\"async\" width=\"1008\" height=\"756\" src=\"http:\/\/armstrongyregion.com.ar\/diario\/wp-content\/uploads\/2020\/12\/image0-5.jpg\" alt=\"\" class=\"wp-image-28203\" srcset=\"https:\/\/armstrongyregion.com.ar\/diario\/wp-content\/uploads\/2020\/12\/image0-5.jpg 1008w, https:\/\/armstrongyregion.com.ar\/diario\/wp-content\/uploads\/2020\/12\/image0-5-300x225.jpg 300w, https:\/\/armstrongyregion.com.ar\/diario\/wp-content\/uploads\/2020\/12\/image0-5-768x576.jpg 768w\" sizes=\"auto, (max-width: 1008px) 100vw, 1008px\" \/><\/figure>\n\n\n\n<p><strong>En una nueva sesi\u00f3n en la ma\u00f1ana de hoy , se llev\u00f3 adelante la elecci\u00f3n de autoridades del Concejo Municipal para el per\u00edodo legislativo 2021.<\/strong><\/p>\n\n\n\n<p>El Concejal del Bloque Justicialista Augusto Fischer fue reelecto como Presidente del Honorable Concejo.&nbsp;<\/p>\n\n\n\n<p>El Concejal del Bloque Radical Alejandro Pertusatti fue electo para el cargo de Vice Presidente 1\u00ba y el Concejal del mismo Bloque Carlos Cuffia fue electo Vice Presidente 2\u00ba.&nbsp;<\/p>\n\n\n\n<p>El nuevo per\u00edodo legislativo est\u00e1 comprendido entre el 10 de Diciembre del 2020 y el 20 de Diciembre del 2021.&nbsp;<\/p>\n\n\n\n<figure class=\"wp-block-image\"><img decoding=\"async\" src=\"https:\/\/mail.google.com\/mail\/u\/0?ui=2&amp;ik=b40ff843d4&amp;attid=0.1&amp;permmsgid=msg-f:1685707096396896491&amp;th=1764d5ac441798eb&amp;view=fimg&amp;sz=s0-l75-ft&amp;attbid=ANGjdJ-Q9jBMecAHsnPtPQBKe9-6fEn-KpAV1KXcg5BKLS-zJRjKU5EN4yDddLkgn5pZyAoo_oCgxRlK8XVOwQdFORgL5n-_Bpfyo-nAG9eKXXihWocU9jsQK-cQj8c&amp;disp=emb\" alt=\"\"\/><\/figure>\n","protected":false},"excerpt":{"rendered":"<p>En una nueva sesi\u00f3n en la ma\u00f1ana de hoy , se llev\u00f3 adelante la elecci\u00f3n de autoridades del Concejo Municipal para el per\u00edodo legislativo 2021. El Concejal del Bloque Justicialista Augusto Fischer fue reelecto como Presidente del Honorable Concejo.&nbsp; El Concejal del Bloque Radical Alejandro Pertusatti fue electo para el cargo de Vice Presidente 1\u00ba <a href=\"https:\/\/armstrongyregion.com.ar\/diario\/%ef%bb%bf-augusto-fischer-fue-reelecto-presidente-del-concejo-municipal\/\" title=\"Read more\" >&#8230;<\/a><\/p>\n","protected":false},"author":1,"featured_media":28203,"comment_status":"open","ping_status":"open","sticky":false,"template":"","format":"image","meta":{"_jetpack_memberships_contains_paid_content":false,"footnotes":"","jetpack_publicize_message":"","jetpack_publicize_feature_enabled":true,"jetpack_social_post_already_shared":true,"jetpack_social_options":{"image_generator_settings":{"template":"highway","default_image_id":0,"enabled":false},"version":2}},"categories":[8,1,2],"tags":[],"class_list":["post-28202","post","type-post","status-publish","format-image","has-post-thumbnail","hentry","category-deliberando","category-diario-armstrong","category-locales","post_format-post-format-image"],"jetpack_publicize_connections":[],"jetpack_featured_media_url":"https:\/\/armstrongyregion.com.ar\/diario\/wp-content\/uploads\/2020\/12\/image0-5.jpg","jetpack_shortlink":"https:\/\/wp.me\/p62QDO-7kS","jetpack_sharing_enabled":true,"amp_enabled":true,"_links":{"self":[{"href":"https:\/\/armstrongyregion.com.ar\/diario\/wp-json\/wp\/v2\/posts\/28202","targetHints":{"allow":["GET"]}}],"collection":[{"href":"https:\/\/armstrongyregion.com.ar\/diario\/wp-json\/wp\/v2\/posts"}],"about":[{"href":"https:\/\/armstrongyregion.com.ar\/diario\/wp-json\/wp\/v2\/types\/post"}],"author":[{"embeddable":true,"href":"https:\/\/armstrongyregion.com.ar\/diario\/wp-json\/wp\/v2\/users\/1"}],"replies":[{"embeddable":true,"href":"https:\/\/armstrongyregion.com.ar\/diario\/wp-json\/wp\/v2\/comments?post=28202"}],"version-history":[{"count":1,"href":"https:\/\/armstrongyregion.com.ar\/diario\/wp-json\/wp\/v2\/posts\/28202\/revisions"}],"predecessor-version":[{"id":28204,"href":"https:\/\/armstrongyregion.com.ar\/diario\/wp-json\/wp\/v2\/posts\/28202\/revisions\/28204"}],"wp:featuredmedia":[{"embeddable":true,"href":"https:\/\/armstrongyregion.com.ar\/diario\/wp-json\/wp\/v2\/media\/28203"}],"wp:attachment":[{"href":"https:\/\/armstrongyregion.com.ar\/diario\/wp-json\/wp\/v2\/media?parent=28202"}],"wp:term":[{"taxonomy":"category","embeddable":true,"href":"https:\/\/armstrongyregion.com.ar\/diario\/wp-json\/wp\/v2\/categories?post=28202"},{"taxonomy":"post_tag","embeddable":true,"href":"https:\/\/armstrongyregion.com.ar\/diario\/wp-json\/wp\/v2\/tags?post=28202"}],"curies":[{"name":"wp","href":"https:\/\/api.w.org\/{rel}","templated":true}]}}