{"id":28183,"date":"2020-12-05T20:58:10","date_gmt":"2020-12-05T20:58:10","guid":{"rendered":"https:\/\/armstrongyregion.com.ar\/diario\/?p=28183"},"modified":"2020-12-05T20:58:15","modified_gmt":"2020-12-05T20:58:15","slug":"canada-de-gomez-paracaidista-pierde-la-vida","status":"publish","type":"post","link":"https:\/\/armstrongyregion.com.ar\/diario\/canada-de-gomez-paracaidista-pierde-la-vida\/","title":{"rendered":"Ca\u00f1ada de G\u00f3mez. Paracaidista pierde la vida."},"content":{"rendered":"\n<figure class=\"wp-block-image size-large\"><img loading=\"lazy\" decoding=\"async\" width=\"960\" height=\"720\" src=\"http:\/\/armstrongyregion.com.ar\/diario\/wp-content\/uploads\/2020\/12\/129098832_3444916372229316_641722234811029793_n.jpg\" alt=\"\" class=\"wp-image-28184\" srcset=\"https:\/\/armstrongyregion.com.ar\/diario\/wp-content\/uploads\/2020\/12\/129098832_3444916372229316_641722234811029793_n.jpg 960w, https:\/\/armstrongyregion.com.ar\/diario\/wp-content\/uploads\/2020\/12\/129098832_3444916372229316_641722234811029793_n-300x225.jpg 300w, https:\/\/armstrongyregion.com.ar\/diario\/wp-content\/uploads\/2020\/12\/129098832_3444916372229316_641722234811029793_n-768x576.jpg 768w\" sizes=\"auto, (max-width: 960px) 100vw, 960px\" \/><\/figure>\n\n\n\n<p>Cerca del mediod\u00eda, un hombre de unos 30 a\u00f1os oriundo de Morteros, perdi\u00f3 la vida en un paraca\u00eddas, seg\u00fan las primeras informaciones, se habr\u00eda producido por una mala maniobra en el aterrizaje. En estos momentos es trasladado a Rosario para realizar la autopsia. <\/p>\n\n\n\n<figure class=\"wp-block-image size-large\"><img loading=\"lazy\" decoding=\"async\" width=\"960\" height=\"720\" src=\"http:\/\/armstrongyregion.com.ar\/diario\/wp-content\/uploads\/2020\/12\/129606956_3444916458895974_4504764551266647240_n.jpg\" alt=\"\" class=\"wp-image-28185\" srcset=\"https:\/\/armstrongyregion.com.ar\/diario\/wp-content\/uploads\/2020\/12\/129606956_3444916458895974_4504764551266647240_n.jpg 960w, https:\/\/armstrongyregion.com.ar\/diario\/wp-content\/uploads\/2020\/12\/129606956_3444916458895974_4504764551266647240_n-300x225.jpg 300w, https:\/\/armstrongyregion.com.ar\/diario\/wp-content\/uploads\/2020\/12\/129606956_3444916458895974_4504764551266647240_n-768x576.jpg 768w\" sizes=\"auto, (max-width: 960px) 100vw, 960px\" \/><\/figure>\n\n\n\n<p> . &#8211; <a rel=\"noreferrer noopener\" href=\"https:\/\/l.facebook.com\/l.php?u=http%3A%2F%2Fwww.renacerfm.com.ar%2F%3Ffbclid%3DIwAR2P9etdPFzqqyMbK2f8HvuHfUJxGb6aPO-S7I3mTml1971X4c7S2nOVdpY&amp;h=AT2KFTOM7NfYPWxSuv_yHRBr3IIt9OsaA-e8671TzHAxj6X3j-W91gFv4gTbaYc7lmlegAseLdsXhT8SxDui34M3dzu4dp8rvzGg2bUZiSZLy0MDvW_dnq5IOtMxLKJY1zrh&amp;__tn__=-UK-R&amp;c[0]=AT0SFvC4ILTNqw32uy3ZDeZKDAhPbMGxNBlyiG84a9E0nChVxOm9BTDJ2gXueeprBdAWegUjrilqoj-Y68ubDsHaAHl73g9lheBoMUdsxwbmXfNgU-B3cp7cp9DmQPTUT7PKH2C6wA95e35lXfEsf26989_R4g61dPvszfrX_wHyqq4\" target=\"_blank\">www.renacerfm.com.ar<\/a> <\/p>\n","protected":false},"excerpt":{"rendered":"<p>Cerca del mediod\u00eda, un hombre de unos 30 a\u00f1os oriundo de Morteros, perdi\u00f3 la vida en un paraca\u00eddas, seg\u00fan las primeras informaciones, se habr\u00eda producido por una mala maniobra en el aterrizaje. En estos momentos es trasladado a Rosario para realizar la autopsia. . &#8211; www.renacerfm.com.ar<\/p>\n","protected":false},"author":1,"featured_media":28184,"comment_status":"open","ping_status":"open","sticky":false,"template":"","format":"image","meta":{"_jetpack_memberships_contains_paid_content":false,"footnotes":"","jetpack_publicize_message":"","jetpack_publicize_feature_enabled":true,"jetpack_social_post_already_shared":true,"jetpack_social_options":{"image_generator_settings":{"template":"highway","default_image_id":0,"enabled":false},"version":2}},"categories":[8,1,3],"tags":[],"class_list":["post-28183","post","type-post","status-publish","format-image","has-post-thumbnail","hentry","category-deliberando","category-diario-armstrong","category-region","post_format-post-format-image"],"jetpack_publicize_connections":[],"jetpack_featured_media_url":"https:\/\/armstrongyregion.com.ar\/diario\/wp-content\/uploads\/2020\/12\/129098832_3444916372229316_641722234811029793_n.jpg","jetpack_shortlink":"https:\/\/wp.me\/p62QDO-7kz","jetpack_sharing_enabled":true,"amp_enabled":true,"_links":{"self":[{"href":"https:\/\/armstrongyregion.com.ar\/diario\/wp-json\/wp\/v2\/posts\/28183","targetHints":{"allow":["GET"]}}],"collection":[{"href":"https:\/\/armstrongyregion.com.ar\/diario\/wp-json\/wp\/v2\/posts"}],"about":[{"href":"https:\/\/armstrongyregion.com.ar\/diario\/wp-json\/wp\/v2\/types\/post"}],"author":[{"embeddable":true,"href":"https:\/\/armstrongyregion.com.ar\/diario\/wp-json\/wp\/v2\/users\/1"}],"replies":[{"embeddable":true,"href":"https:\/\/armstrongyregion.com.ar\/diario\/wp-json\/wp\/v2\/comments?post=28183"}],"version-history":[{"count":1,"href":"https:\/\/armstrongyregion.com.ar\/diario\/wp-json\/wp\/v2\/posts\/28183\/revisions"}],"predecessor-version":[{"id":28186,"href":"https:\/\/armstrongyregion.com.ar\/diario\/wp-json\/wp\/v2\/posts\/28183\/revisions\/28186"}],"wp:featuredmedia":[{"embeddable":true,"href":"https:\/\/armstrongyregion.com.ar\/diario\/wp-json\/wp\/v2\/media\/28184"}],"wp:attachment":[{"href":"https:\/\/armstrongyregion.com.ar\/diario\/wp-json\/wp\/v2\/media?parent=28183"}],"wp:term":[{"taxonomy":"category","embeddable":true,"href":"https:\/\/armstrongyregion.com.ar\/diario\/wp-json\/wp\/v2\/categories?post=28183"},{"taxonomy":"post_tag","embeddable":true,"href":"https:\/\/armstrongyregion.com.ar\/diario\/wp-json\/wp\/v2\/tags?post=28183"}],"curies":[{"name":"wp","href":"https:\/\/api.w.org\/{rel}","templated":true}]}}