{"id":28164,"date":"2020-12-04T12:26:30","date_gmt":"2020-12-04T12:26:30","guid":{"rendered":"https:\/\/armstrongyregion.com.ar\/diario\/?p=28164"},"modified":"2020-12-04T12:26:36","modified_gmt":"2020-12-04T12:26:36","slug":"omar-perotti-dio-positivo-en-el-hisopado-de-covid-19","status":"publish","type":"post","link":"https:\/\/armstrongyregion.com.ar\/diario\/omar-perotti-dio-positivo-en-el-hisopado-de-covid-19\/","title":{"rendered":"Omar Perotti dio positivo en el hisopado de Covid-19."},"content":{"rendered":"\n<figure class=\"wp-block-image size-large\"><img loading=\"lazy\" decoding=\"async\" width=\"480\" height=\"270\" src=\"http:\/\/armstrongyregion.com.ar\/diario\/wp-content\/uploads\/2020\/08\/Perotti-agosto-2020.jpg\" alt=\"\" class=\"wp-image-26799\" srcset=\"https:\/\/armstrongyregion.com.ar\/diario\/wp-content\/uploads\/2020\/08\/Perotti-agosto-2020.jpg 480w, https:\/\/armstrongyregion.com.ar\/diario\/wp-content\/uploads\/2020\/08\/Perotti-agosto-2020-300x169.jpg 300w\" sizes=\"auto, (max-width: 480px) 100vw, 480px\" \/><\/figure>\n\n\n\n<h2 class=\"wp-block-heading\"> <em>El gobernador continuar\u00e1 realizando un estricto aislamiento en su domicilio, hasta recibir el alta epidemiol\u00f3gica correspondiente, de acuerdo a los protocolos vigentes.<\/em> <\/h2>\n\n\n\n<p>En el d\u00eda de ayer, martes 3 de diciembre, se recibi\u00f3 el resultado positivo del an\u00e1lisis de Coronavirus del gobernador de la provincia de Santa Fe, Omar Perotti, quien se encuentra aislado por haber mantenido un contacto estrecho con un caso confirmado el d\u00eda 23 de noviembre.<\/p>\n\n\n\n<p>Ante el inicio de leves s\u00edntomas el 29 de noviembre, se llev\u00f3 adelante el hisopado correspondiente cuyo resultado confirm\u00f3 la presencia del virus.<\/p>\n\n\n\n<p>El gobernador continuar\u00e1 realizando un estricto aislamiento en su domicilio, hasta recibir el alta epidemiol\u00f3gica correspondiente, de acuerdo a los protocolos vigentes.<\/p>\n\n\n\n<h3 class=\"wp-block-heading\"><\/h3>\n","protected":false},"excerpt":{"rendered":"<p>El gobernador continuar\u00e1 realizando un estricto aislamiento en su domicilio, hasta recibir el alta epidemiol\u00f3gica correspondiente, de acuerdo a los protocolos vigentes. En el d\u00eda de ayer, martes 3 de diciembre, se recibi\u00f3 el resultado positivo del an\u00e1lisis de Coronavirus del gobernador de la provincia de Santa Fe, Omar Perotti, quien se encuentra aislado por <a href=\"https:\/\/armstrongyregion.com.ar\/diario\/omar-perotti-dio-positivo-en-el-hisopado-de-covid-19\/\" title=\"Read more\" >&#8230;<\/a><\/p>\n","protected":false},"author":1,"featured_media":26799,"comment_status":"open","ping_status":"open","sticky":false,"template":"","format":"image","meta":{"_jetpack_memberships_contains_paid_content":false,"footnotes":"","jetpack_publicize_message":"","jetpack_publicize_feature_enabled":true,"jetpack_social_post_already_shared":true,"jetpack_social_options":{"image_generator_settings":{"template":"highway","default_image_id":0,"enabled":false},"version":2}},"categories":[8,1,2,7,3],"tags":[],"class_list":["post-28164","post","type-post","status-publish","format-image","has-post-thumbnail","hentry","category-deliberando","category-diario-armstrong","category-locales","category-politica","category-region","post_format-post-format-image"],"jetpack_publicize_connections":[],"jetpack_featured_media_url":"https:\/\/armstrongyregion.com.ar\/diario\/wp-content\/uploads\/2020\/08\/Perotti-agosto-2020.jpg","jetpack_shortlink":"https:\/\/wp.me\/p62QDO-7kg","jetpack_sharing_enabled":true,"amp_enabled":true,"_links":{"self":[{"href":"https:\/\/armstrongyregion.com.ar\/diario\/wp-json\/wp\/v2\/posts\/28164","targetHints":{"allow":["GET"]}}],"collection":[{"href":"https:\/\/armstrongyregion.com.ar\/diario\/wp-json\/wp\/v2\/posts"}],"about":[{"href":"https:\/\/armstrongyregion.com.ar\/diario\/wp-json\/wp\/v2\/types\/post"}],"author":[{"embeddable":true,"href":"https:\/\/armstrongyregion.com.ar\/diario\/wp-json\/wp\/v2\/users\/1"}],"replies":[{"embeddable":true,"href":"https:\/\/armstrongyregion.com.ar\/diario\/wp-json\/wp\/v2\/comments?post=28164"}],"version-history":[{"count":1,"href":"https:\/\/armstrongyregion.com.ar\/diario\/wp-json\/wp\/v2\/posts\/28164\/revisions"}],"predecessor-version":[{"id":28165,"href":"https:\/\/armstrongyregion.com.ar\/diario\/wp-json\/wp\/v2\/posts\/28164\/revisions\/28165"}],"wp:featuredmedia":[{"embeddable":true,"href":"https:\/\/armstrongyregion.com.ar\/diario\/wp-json\/wp\/v2\/media\/26799"}],"wp:attachment":[{"href":"https:\/\/armstrongyregion.com.ar\/diario\/wp-json\/wp\/v2\/media?parent=28164"}],"wp:term":[{"taxonomy":"category","embeddable":true,"href":"https:\/\/armstrongyregion.com.ar\/diario\/wp-json\/wp\/v2\/categories?post=28164"},{"taxonomy":"post_tag","embeddable":true,"href":"https:\/\/armstrongyregion.com.ar\/diario\/wp-json\/wp\/v2\/tags?post=28164"}],"curies":[{"name":"wp","href":"https:\/\/api.w.org\/{rel}","templated":true}]}}