{"id":28157,"date":"2020-12-03T23:50:36","date_gmt":"2020-12-03T23:50:36","guid":{"rendered":"https:\/\/armstrongyregion.com.ar\/diario\/?p=28157"},"modified":"2020-12-03T23:50:39","modified_gmt":"2020-12-03T23:50:39","slug":"obras-y-proyectos-de-vialidad-nacional-para-santa-fe","status":"publish","type":"post","link":"https:\/\/armstrongyregion.com.ar\/diario\/obras-y-proyectos-de-vialidad-nacional-para-santa-fe\/","title":{"rendered":"Obras y Proyectos de Vialidad Nacional para Santa Fe."},"content":{"rendered":"\n<figure class=\"wp-block-image size-large\"><img loading=\"lazy\" decoding=\"async\" width=\"938\" height=\"527\" src=\"http:\/\/armstrongyregion.com.ar\/diario\/wp-content\/uploads\/2020\/12\/VISITA-PATRICIO-GARCIA-DTO-SANTA-FE-ENCUENTRO-CORACH-2-12-20-7.jpg\" alt=\"\" class=\"wp-image-28158\" srcset=\"https:\/\/armstrongyregion.com.ar\/diario\/wp-content\/uploads\/2020\/12\/VISITA-PATRICIO-GARCIA-DTO-SANTA-FE-ENCUENTRO-CORACH-2-12-20-7.jpg 938w, https:\/\/armstrongyregion.com.ar\/diario\/wp-content\/uploads\/2020\/12\/VISITA-PATRICIO-GARCIA-DTO-SANTA-FE-ENCUENTRO-CORACH-2-12-20-7-300x169.jpg 300w, https:\/\/armstrongyregion.com.ar\/diario\/wp-content\/uploads\/2020\/12\/VISITA-PATRICIO-GARCIA-DTO-SANTA-FE-ENCUENTRO-CORACH-2-12-20-7-768x431.jpg 768w\" sizes=\"auto, (max-width: 938px) 100vw, 938px\" \/><\/figure>\n\n\n\n<h2 class=\"wp-block-heading\"><em>El Gerente de Regiones de Vialidad Nacional, Patricio Garc\u00eda, visit\u00f3 Santa Fe para evaluar la continuidad de las obras en las Rutas Nacionales de la provincia y abordar los proyectos inmediatos de nuevas mejoras e inversiones. Junto al Jefe del 7\u00b0 Distrito, Fabio S\u00e1nchez, mantuvieron reuniones con agentes de la repartici\u00f3n y con el Gobierno de la Provincia.<\/em><\/h2>\n\n\n\n<figure class=\"wp-block-image size-large\"><img loading=\"lazy\" decoding=\"async\" width=\"625\" height=\"352\" src=\"http:\/\/armstrongyregion.com.ar\/diario\/wp-content\/uploads\/2020\/12\/VISITA-PATRICIO-GARCIA-DTO-SANTA-FE-2-12-20-2.jpg\" alt=\"\" class=\"wp-image-28159\" srcset=\"https:\/\/armstrongyregion.com.ar\/diario\/wp-content\/uploads\/2020\/12\/VISITA-PATRICIO-GARCIA-DTO-SANTA-FE-2-12-20-2.jpg 625w, https:\/\/armstrongyregion.com.ar\/diario\/wp-content\/uploads\/2020\/12\/VISITA-PATRICIO-GARCIA-DTO-SANTA-FE-2-12-20-2-300x169.jpg 300w\" sizes=\"auto, (max-width: 625px) 100vw, 625px\" \/><\/figure>\n\n\n\n<p>El Ministerio de Obras P\u00fablicas de la Naci\u00f3n desarrolla una tarea de acercamiento a cada jurisdicci\u00f3n por intermedio de Vialidad Nacional para fortalecer la ejecuci\u00f3n de contratos en marcha y el desarrollo de nuevos proyecto en las Ruta Nacionales. En este marco, el Gerente de Regiones de VN, Patricio Garc\u00eda, visit\u00f3 ayer la provincia de Santa Fe y mantuvo reuniones en la sede del 7\u00b0 Distrito. Acompa\u00f1ado por el Jefe de la delegaci\u00f3n de Vialidad Nacional, Fabio S\u00e1nchez, Garc\u00eda tom\u00f3 contacto con los responsables de las principales \u00e1reas de la repartici\u00f3n para evaluar las actividades desarrolladas este a\u00f1o de manera remota en t\u00e9rminos administrativos y t\u00e9cnicos, como presenciales en las rutas con las tareas de las cuadrillas de trabajadores viales, con quienes tambi\u00e9n dialog\u00f3.<\/p>\n\n\n\n<p>En tal sentido Garc\u00eda acerc\u00f3 a los miembros del 7\u00b0 Distrito el reconocimiento y apoyo del Ministro Gabriel Katopodis y del Administrador de Vialidad Nacional, Gustavo Arrieta, por el esfuerzo demostrado en recuperar la Obra P\u00fablica en las Rutas Nacionales. Al respecto, el funcionario record\u00f3 que&nbsp;<em>\u201cnos recuperamos de una etapa de desguace\u201d<\/em>, en referencia a la gesti\u00f3n finalizada en 2019,&nbsp;<em>\u201cen la que dejaron 15.000 millones de deudas que pudimos pagar para revitalizar las obras en todo el pa\u00eds y comenzar nuevas\u201d<\/em>. En cuanto a los Distritos, Garc\u00eda resalt\u00f3 la firme intenci\u00f3n de la Gesti\u00f3n de revitalizar las delegaciones en las provincias en su capacidad operativa y presencia,&nbsp;<em>\u201cpara que puedan resolver la mayor\u00eda de los problemas que se presentan con las Rutas a diferencia de lo actuado en el gobierno pasado que centraliz\u00f3 las decisiones de una repartici\u00f3n que es netamente Federal\u201d<\/em>.<\/p>\n\n\n\n<p>Sobre este punto Garc\u00eda destac\u00f3 en Santa Fe las gestiones conjuntas encaradas con el Gobernador Omar Perotti, entre las que se\u00f1al\u00f3 la marcha plena de la Autopista de Ruta 34,&nbsp;<em>\u201cen la que hab\u00eda una certificaci\u00f3n mensual de 40 millones a fines de 2019, con el tramo Ataliva-Sunchales detenido desde 2018, y en los que ahora estamos certificando 370 millones por mes\u201d<\/em>, recalc\u00f3. Como dato ilustrativo marc\u00f3 que&nbsp;&nbsp;<em>\u201ccon el equipo de trabajo del 7\u00b0 Distrito, y la decisi\u00f3n del Gobierno Nacional junto con el Provincial, en estos meses de pandemia, desde marzo hasta el momento, hemos invertido en trabajos en la Autopista de Ruta 34 m\u00e1s que lo hecho en los cuatro a\u00f1os del gobierno anterior\u201d<\/em>. A modo de ejemplo, Fabio S\u00e1nchez inform\u00f3 que con ocho contratos recuperados, s\u00f3lo en el \u00faltimo mes, Vialidad Nacional certific\u00f3 obras en la provincia por 530 millones.<\/p>\n\n\n\n<p><strong>Continuidad y nuevas obras para Santa Fe<\/strong><\/p>\n\n\n\n<p>&nbsp;&nbsp;&nbsp;&nbsp;&nbsp;&nbsp;&nbsp;&nbsp;&nbsp;&nbsp;&nbsp;&nbsp;&nbsp;&nbsp;&nbsp;&nbsp;Durante la visita, Fabio S\u00e1nchez y Patricio Garc\u00eda repasaron la continuidad de las obras puestas en marcha, entre las que se\u00f1alaron los contratos Modulares de la RN 11, extendidos hasta mayo de 2021; los notorios avances en la construcci\u00f3n de la Autopista de RN 34, entre Ang\u00e9lica y Rafaela (incluida su Variante Oeste) y entre Ataliva y Sunchales; la etapa final de recuperaci\u00f3n de RN 98, entre Vera y Tostado. Tambi\u00e9n abordaron la reciente finalizaci\u00f3n de dos importantes obras en la RN 178, entre Villa Elo\u00edsa y Las Parejas; m\u00e1s la repavimentaci\u00f3n de la Autopista Rosario-C\u00f3rdoba, entre Rold\u00e1n y Carcara\u00f1\u00e1.<\/p>\n\n\n\n<p>&nbsp;&nbsp;&nbsp;&nbsp;&nbsp;&nbsp;&nbsp;&nbsp;&nbsp;&nbsp;&nbsp;&nbsp;&nbsp;&nbsp;&nbsp;&nbsp;En cuanto a los nuevos proyectos, el Gerente de Regiones adelant\u00f3 las gestiones para iniciar en breve la recuperaci\u00f3n de la Autopista RN 9 entre Rosario y Rold\u00e1n, m\u00e1s el reinicio de obras detenidas en 2018 en Ruta 33, entre Casilda y Venado Tuerto; y en Ruta 8, entre RP 14, Venado Tuerto y Arias (Cba). Otro de los puntos abordados para la geograf\u00eda santafesina fue el inicio para los primeros meses de 2021 de las obras de Recuperaci\u00f3n y Mantenimiento de la ex Ruta 9 (RN 1V09) paralela a la autopista a C\u00f3rdoba, desde Rosario a Bell Ville. En especial se enfocaron en los intentos de la administraci\u00f3n de Gustavo Arrieta por iniciar la construcci\u00f3n de la Autopista de RN 33, desde Rufino a San Eduardo, licitada en 2017 pero nunca iniciada, y con aspectos t\u00e9cnicos y administrativos no resueltos por la anterior gesti\u00f3n. Tambi\u00e9n analizaron la licitaci\u00f3n en breve de la reconstrucci\u00f3n de 14 kil\u00f3metros de la RN 95, entre Villa Minetti y San Eduardo, en el noroeste santafesino.<\/p>\n\n\n\n<p>&nbsp;&nbsp;&nbsp;&nbsp;&nbsp;&nbsp;&nbsp;&nbsp;&nbsp;&nbsp;&nbsp;&nbsp;&nbsp;&nbsp;&nbsp;&nbsp;Luego del encuentro en la sede del 7\u00b0 Distrito, Patricio Garc\u00eda y Fabio S\u00e1nchez iniciaron una recorrida por los accesos de Rutas Nacionales a la capital provincial. De este modo consideraron los pr\u00f3ximos proyectos para mejorar y modernizar la iluminaci\u00f3n de la Avenida Constituci\u00f3n Nacional y el tramo de la Circunvalaci\u00f3n Oeste (RN 11), desde el intercambiador frente a CILSA hasta el hip\u00f3dromo Las Flores. Este sector de luminarias, si bien corresponde en su mantenimiento a la Municipalidad de Santa Fe, ha sido considerado dentro de una inversi\u00f3n Nacional para su recuperaci\u00f3n. Para el tramo siguiente de la Circunvalaci\u00f3n Oeste, hasta llegar al cruce con RP 70 en Recreo, Vialidad Nacional gestiona con la Universidad Tecnol\u00f3gica Nacional (FRSF), en base a un antiguo proyecto de Vialidad Provincial, construir el sistema de la iluminaci\u00f3n del sector por etapas. En otro orden, S\u00e1nchez adelant\u00f3 los estudios en marcha en el 7\u00b0 Distrito para elaborar una licitaci\u00f3n de un Contrato de Recuperaci\u00f3n y Mantenimiento (CReMa) que abarque los accesos a la ciudad y contemple obras en la calzada tanto en la Circunvalaci\u00f3n Oeste, como en parte de la RN 11 y la RN A007 (Constituci\u00f3n Nacional \u2013 27 de Febrero \u2013 Alem).<\/p>\n\n\n\n<p>Por otro lado, Patricio Garc\u00eda, acompa\u00f1ado por Fabio S\u00e1nchez, asisti\u00f3 a una reuni\u00f3n con Marcos Corach en la Casa de Gobierno de la Provincia. En la audiencia con el Secretario de Articulaci\u00f3n de Pol\u00edticas P\u00fablicas provincial repasaron los grandes objetivos de concreci\u00f3n de obras para el territorio santafesino, impulsadas tambi\u00e9n por el Gobernador Omar Perotti. En la oportunidad el funcionario provincial entreg\u00f3 un escudo de la Provincia de Santa Fe para ser ubicado en la Casa Central de Vialidad Nacional, que contar\u00e1 ahora con una oficina especial para cada provincia.<\/p>\n\n\n\n<p>Para finalizar, el Gerente de Regiones de Vialidad Nacional se encontr\u00f3 en el ingreso del T\u00fanel Subfluvial con el Jefe del Distrito Entre R\u00edos, Daniel Koch, para continuar su recorrida por la vecina provincia.<\/p>\n","protected":false},"excerpt":{"rendered":"<p>El Gerente de Regiones de Vialidad Nacional, Patricio Garc\u00eda, visit\u00f3 Santa Fe para evaluar la continuidad de las obras en las Rutas Nacionales de la provincia y abordar los proyectos inmediatos de nuevas mejoras e inversiones. Junto al Jefe del 7\u00b0 Distrito, Fabio S\u00e1nchez, mantuvieron reuniones con agentes de la repartici\u00f3n y con el Gobierno <a href=\"https:\/\/armstrongyregion.com.ar\/diario\/obras-y-proyectos-de-vialidad-nacional-para-santa-fe\/\" title=\"Read more\" >&#8230;<\/a><\/p>\n","protected":false},"author":1,"featured_media":28158,"comment_status":"open","ping_status":"open","sticky":false,"template":"","format":"image","meta":{"_jetpack_memberships_contains_paid_content":false,"footnotes":"","jetpack_publicize_message":"","jetpack_publicize_feature_enabled":true,"jetpack_social_post_already_shared":true,"jetpack_social_options":{"image_generator_settings":{"template":"highway","default_image_id":0,"enabled":false},"version":2}},"categories":[8,1,2,7,3],"tags":[],"class_list":["post-28157","post","type-post","status-publish","format-image","has-post-thumbnail","hentry","category-deliberando","category-diario-armstrong","category-locales","category-politica","category-region","post_format-post-format-image"],"jetpack_publicize_connections":[],"jetpack_featured_media_url":"https:\/\/armstrongyregion.com.ar\/diario\/wp-content\/uploads\/2020\/12\/VISITA-PATRICIO-GARCIA-DTO-SANTA-FE-ENCUENTRO-CORACH-2-12-20-7.jpg","jetpack_shortlink":"https:\/\/wp.me\/p62QDO-7k9","jetpack_sharing_enabled":true,"amp_enabled":true,"_links":{"self":[{"href":"https:\/\/armstrongyregion.com.ar\/diario\/wp-json\/wp\/v2\/posts\/28157","targetHints":{"allow":["GET"]}}],"collection":[{"href":"https:\/\/armstrongyregion.com.ar\/diario\/wp-json\/wp\/v2\/posts"}],"about":[{"href":"https:\/\/armstrongyregion.com.ar\/diario\/wp-json\/wp\/v2\/types\/post"}],"author":[{"embeddable":true,"href":"https:\/\/armstrongyregion.com.ar\/diario\/wp-json\/wp\/v2\/users\/1"}],"replies":[{"embeddable":true,"href":"https:\/\/armstrongyregion.com.ar\/diario\/wp-json\/wp\/v2\/comments?post=28157"}],"version-history":[{"count":1,"href":"https:\/\/armstrongyregion.com.ar\/diario\/wp-json\/wp\/v2\/posts\/28157\/revisions"}],"predecessor-version":[{"id":28160,"href":"https:\/\/armstrongyregion.com.ar\/diario\/wp-json\/wp\/v2\/posts\/28157\/revisions\/28160"}],"wp:featuredmedia":[{"embeddable":true,"href":"https:\/\/armstrongyregion.com.ar\/diario\/wp-json\/wp\/v2\/media\/28158"}],"wp:attachment":[{"href":"https:\/\/armstrongyregion.com.ar\/diario\/wp-json\/wp\/v2\/media?parent=28157"}],"wp:term":[{"taxonomy":"category","embeddable":true,"href":"https:\/\/armstrongyregion.com.ar\/diario\/wp-json\/wp\/v2\/categories?post=28157"},{"taxonomy":"post_tag","embeddable":true,"href":"https:\/\/armstrongyregion.com.ar\/diario\/wp-json\/wp\/v2\/tags?post=28157"}],"curies":[{"name":"wp","href":"https:\/\/api.w.org\/{rel}","templated":true}]}}