{"id":28146,"date":"2020-12-03T01:15:15","date_gmt":"2020-12-03T01:15:15","guid":{"rendered":"https:\/\/armstrongyregion.com.ar\/diario\/?p=28146"},"modified":"2020-12-03T01:15:21","modified_gmt":"2020-12-03T01:15:21","slug":"canada-de-gomez-capacitacion-sobre-abordaje-de-problematicas-de-la-ninez","status":"publish","type":"post","link":"https:\/\/armstrongyregion.com.ar\/diario\/canada-de-gomez-capacitacion-sobre-abordaje-de-problematicas-de-la-ninez\/","title":{"rendered":"Ca\u00f1ada de G\u00f3mez. Capacitaci\u00f3n sobre abordaje de problem\u00e1ticas de la ni\u00f1ez."},"content":{"rendered":"\n<figure class=\"wp-block-image size-large\"><img loading=\"lazy\" decoding=\"async\" width=\"640\" height=\"479\" src=\"http:\/\/armstrongyregion.com.ar\/diario\/wp-content\/uploads\/2020\/12\/WhatsApp-Image-2020-12-01-at-12.57.40-1.jpg\" alt=\"\" class=\"wp-image-28147\" srcset=\"https:\/\/armstrongyregion.com.ar\/diario\/wp-content\/uploads\/2020\/12\/WhatsApp-Image-2020-12-01-at-12.57.40-1.jpg 640w, https:\/\/armstrongyregion.com.ar\/diario\/wp-content\/uploads\/2020\/12\/WhatsApp-Image-2020-12-01-at-12.57.40-1-300x225.jpg 300w\" sizes=\"auto, (max-width: 640px) 100vw, 640px\" \/><\/figure>\n\n\n\n<p>Profesionales del Municipio participaron de los talleres que estuvieron a cargo del equipo de la Secretar\u00eda de los Derechos de la Ni\u00f1ez, Adolescencia y Familia de la provincia de Santa Fe.<\/p>\n\n\n\n<p>Se realiz\u00f3 en Casa del Bicentenario la capacitaci\u00f3n \u00abFortaleciendo las redes territoriales de los Sistemas de Protecci\u00f3n de derechos de ni\u00f1os, ni\u00f1as y adolescentes\u201d, a cargo de la Secretar\u00eda de los Derechos de la Ni\u00f1ez, Adolescencia y Familia.<\/p>\n\n\n\n<p>La misma fue dirigida a servicios locales, comisar\u00eda de la mujer, delegados de salud y educaci\u00f3n, Juzgado de Familia y de Menores. La intendenta Stella Cl\u00e9rici fue la encargada de dar la bienvenida a los presentes y destac\u00f3 \u201cfelices de acompa\u00f1ar y recibir una jornada de capacitaci\u00f3n e intercambio de experiencias para los equipos que est\u00e1n en la primera l\u00ednea de atenci\u00f3n de las diversas situaciones\u201d.&nbsp;<\/p>\n","protected":false},"excerpt":{"rendered":"<p>Profesionales del Municipio participaron de los talleres que estuvieron a cargo del equipo de la Secretar\u00eda de los Derechos de la Ni\u00f1ez, Adolescencia y Familia de la provincia de Santa Fe. Se realiz\u00f3 en Casa del Bicentenario la capacitaci\u00f3n \u00abFortaleciendo las redes territoriales de los Sistemas de Protecci\u00f3n de derechos de ni\u00f1os, ni\u00f1as y adolescentes\u201d, <a href=\"https:\/\/armstrongyregion.com.ar\/diario\/canada-de-gomez-capacitacion-sobre-abordaje-de-problematicas-de-la-ninez\/\" title=\"Read more\" >&#8230;<\/a><\/p>\n","protected":false},"author":1,"featured_media":28147,"comment_status":"open","ping_status":"open","sticky":false,"template":"","format":"image","meta":{"_jetpack_memberships_contains_paid_content":false,"footnotes":"","jetpack_publicize_message":"","jetpack_publicize_feature_enabled":true,"jetpack_social_post_already_shared":true,"jetpack_social_options":{"image_generator_settings":{"template":"highway","default_image_id":0,"enabled":false},"version":2}},"categories":[8,1,7,3],"tags":[],"class_list":["post-28146","post","type-post","status-publish","format-image","has-post-thumbnail","hentry","category-deliberando","category-diario-armstrong","category-politica","category-region","post_format-post-format-image"],"jetpack_publicize_connections":[],"jetpack_featured_media_url":"https:\/\/armstrongyregion.com.ar\/diario\/wp-content\/uploads\/2020\/12\/WhatsApp-Image-2020-12-01-at-12.57.40-1.jpg","jetpack_shortlink":"https:\/\/wp.me\/p62QDO-7jY","jetpack_sharing_enabled":true,"amp_enabled":true,"_links":{"self":[{"href":"https:\/\/armstrongyregion.com.ar\/diario\/wp-json\/wp\/v2\/posts\/28146","targetHints":{"allow":["GET"]}}],"collection":[{"href":"https:\/\/armstrongyregion.com.ar\/diario\/wp-json\/wp\/v2\/posts"}],"about":[{"href":"https:\/\/armstrongyregion.com.ar\/diario\/wp-json\/wp\/v2\/types\/post"}],"author":[{"embeddable":true,"href":"https:\/\/armstrongyregion.com.ar\/diario\/wp-json\/wp\/v2\/users\/1"}],"replies":[{"embeddable":true,"href":"https:\/\/armstrongyregion.com.ar\/diario\/wp-json\/wp\/v2\/comments?post=28146"}],"version-history":[{"count":1,"href":"https:\/\/armstrongyregion.com.ar\/diario\/wp-json\/wp\/v2\/posts\/28146\/revisions"}],"predecessor-version":[{"id":28148,"href":"https:\/\/armstrongyregion.com.ar\/diario\/wp-json\/wp\/v2\/posts\/28146\/revisions\/28148"}],"wp:featuredmedia":[{"embeddable":true,"href":"https:\/\/armstrongyregion.com.ar\/diario\/wp-json\/wp\/v2\/media\/28147"}],"wp:attachment":[{"href":"https:\/\/armstrongyregion.com.ar\/diario\/wp-json\/wp\/v2\/media?parent=28146"}],"wp:term":[{"taxonomy":"category","embeddable":true,"href":"https:\/\/armstrongyregion.com.ar\/diario\/wp-json\/wp\/v2\/categories?post=28146"},{"taxonomy":"post_tag","embeddable":true,"href":"https:\/\/armstrongyregion.com.ar\/diario\/wp-json\/wp\/v2\/tags?post=28146"}],"curies":[{"name":"wp","href":"https:\/\/api.w.org\/{rel}","templated":true}]}}