{"id":28131,"date":"2020-12-01T15:40:49","date_gmt":"2020-12-01T15:40:49","guid":{"rendered":"https:\/\/armstrongyregion.com.ar\/diario\/?p=28131"},"modified":"2020-12-01T15:40:53","modified_gmt":"2020-12-01T15:40:53","slug":"deliberando-hoy-concejo-armstronense-y-cultura-parejense","status":"publish","type":"post","link":"https:\/\/armstrongyregion.com.ar\/diario\/deliberando-hoy-concejo-armstronense-y-cultura-parejense\/","title":{"rendered":"Deliberando: Hoy Concejo armstronense y Cultura parejense."},"content":{"rendered":"\n<figure class=\"wp-block-image size-large\"><img loading=\"lazy\" decoding=\"async\" width=\"569\" height=\"320\" src=\"http:\/\/armstrongyregion.com.ar\/diario\/wp-content\/uploads\/2020\/12\/Emi-Gramigna-dici.2020.jpg\" alt=\"\" class=\"wp-image-28132\" srcset=\"https:\/\/armstrongyregion.com.ar\/diario\/wp-content\/uploads\/2020\/12\/Emi-Gramigna-dici.2020.jpg 569w, https:\/\/armstrongyregion.com.ar\/diario\/wp-content\/uploads\/2020\/12\/Emi-Gramigna-dici.2020-300x169.jpg 300w\" sizes=\"auto, (max-width: 569px) 100vw, 569px\" \/><\/figure>\n\n\n\n<p>En la noche de hoy, participar\u00e1n de nuestro programa televisivo el concejal Emiliano Gramigna y la Directora de Cultura, Educaci\u00f3n y Deportes de la municipalidad de Armstrong Erica Molteni.<\/p>\n\n\n\n<p>Por un lado hablaremos sobre los proyectos y trabajos realizados por el bloque de Renovaci\u00f3n por Armstrong. Donde tambi\u00e9n haremos un balance del legislativo de nuestra ciudad y habr\u00e1 consultas sobre posibilidades de uni\u00f3n de la vecinal con el peronismo actual.<\/p>\n\n\n\n<figure class=\"wp-block-image size-large\"><img loading=\"lazy\" decoding=\"async\" width=\"553\" height=\"320\" src=\"http:\/\/armstrongyregion.com.ar\/diario\/wp-content\/uploads\/2020\/12\/ERica-Molteni-dic-2020.jpg\" alt=\"\" class=\"wp-image-28133\" srcset=\"https:\/\/armstrongyregion.com.ar\/diario\/wp-content\/uploads\/2020\/12\/ERica-Molteni-dic-2020.jpg 553w, https:\/\/armstrongyregion.com.ar\/diario\/wp-content\/uploads\/2020\/12\/ERica-Molteni-dic-2020-300x174.jpg 300w\" sizes=\"auto, (max-width: 553px) 100vw, 553px\" \/><\/figure>\n\n\n\n<p>Luego la Prof. Erica Molteni har\u00e1 un recorrido por todas las actividades culturales que se realizaron a pesar de la pandemia sin dejar de lado la inclusi\u00f3n.<\/p>\n\n\n\n<p>El aprovechamiento de la herramienta digital para la 17ma Fiesta Pyme y proyectos para 2021.<\/p>\n\n\n\n<p>Martes 1\u00b0 de diciembre. 21hs Por Cable Imagen Armstrong.<\/p>\n","protected":false},"excerpt":{"rendered":"<p>En la noche de hoy, participar\u00e1n de nuestro programa televisivo el concejal Emiliano Gramigna y la Directora de Cultura, Educaci\u00f3n y Deportes de la municipalidad de Armstrong Erica Molteni. Por un lado hablaremos sobre los proyectos y trabajos realizados por el bloque de Renovaci\u00f3n por Armstrong. Donde tambi\u00e9n haremos un balance del legislativo de nuestra <a href=\"https:\/\/armstrongyregion.com.ar\/diario\/deliberando-hoy-concejo-armstronense-y-cultura-parejense\/\" title=\"Read more\" >&#8230;<\/a><\/p>\n","protected":false},"author":1,"featured_media":28132,"comment_status":"open","ping_status":"open","sticky":false,"template":"","format":"image","meta":{"_jetpack_memberships_contains_paid_content":false,"footnotes":"","jetpack_publicize_message":"","jetpack_publicize_feature_enabled":true,"jetpack_social_post_already_shared":true,"jetpack_social_options":{"image_generator_settings":{"template":"highway","default_image_id":0,"enabled":false},"version":2}},"categories":[8,1,2,7,3],"tags":[],"class_list":["post-28131","post","type-post","status-publish","format-image","has-post-thumbnail","hentry","category-deliberando","category-diario-armstrong","category-locales","category-politica","category-region","post_format-post-format-image"],"jetpack_publicize_connections":[],"jetpack_featured_media_url":"https:\/\/armstrongyregion.com.ar\/diario\/wp-content\/uploads\/2020\/12\/Emi-Gramigna-dici.2020.jpg","jetpack_shortlink":"https:\/\/wp.me\/p62QDO-7jJ","jetpack_sharing_enabled":true,"amp_enabled":true,"_links":{"self":[{"href":"https:\/\/armstrongyregion.com.ar\/diario\/wp-json\/wp\/v2\/posts\/28131","targetHints":{"allow":["GET"]}}],"collection":[{"href":"https:\/\/armstrongyregion.com.ar\/diario\/wp-json\/wp\/v2\/posts"}],"about":[{"href":"https:\/\/armstrongyregion.com.ar\/diario\/wp-json\/wp\/v2\/types\/post"}],"author":[{"embeddable":true,"href":"https:\/\/armstrongyregion.com.ar\/diario\/wp-json\/wp\/v2\/users\/1"}],"replies":[{"embeddable":true,"href":"https:\/\/armstrongyregion.com.ar\/diario\/wp-json\/wp\/v2\/comments?post=28131"}],"version-history":[{"count":1,"href":"https:\/\/armstrongyregion.com.ar\/diario\/wp-json\/wp\/v2\/posts\/28131\/revisions"}],"predecessor-version":[{"id":28134,"href":"https:\/\/armstrongyregion.com.ar\/diario\/wp-json\/wp\/v2\/posts\/28131\/revisions\/28134"}],"wp:featuredmedia":[{"embeddable":true,"href":"https:\/\/armstrongyregion.com.ar\/diario\/wp-json\/wp\/v2\/media\/28132"}],"wp:attachment":[{"href":"https:\/\/armstrongyregion.com.ar\/diario\/wp-json\/wp\/v2\/media?parent=28131"}],"wp:term":[{"taxonomy":"category","embeddable":true,"href":"https:\/\/armstrongyregion.com.ar\/diario\/wp-json\/wp\/v2\/categories?post=28131"},{"taxonomy":"post_tag","embeddable":true,"href":"https:\/\/armstrongyregion.com.ar\/diario\/wp-json\/wp\/v2\/tags?post=28131"}],"curies":[{"name":"wp","href":"https:\/\/api.w.org\/{rel}","templated":true}]}}